{"id":10001,"date":"2013-10-18T16:38:11","date_gmt":"2013-10-18T14:38:11","guid":{"rendered":"http:\/\/fa86.noblogs.org\/?p=10001"},"modified":"2013-10-18T16:38:11","modified_gmt":"2013-10-18T14:38:11","slug":"poitiers-soutien-a-la-famille-du-squat-des-glieres","status":"publish","type":"post","link":"https:\/\/fa86.noblogs.org\/?p=10001","title":{"rendered":"[Poitiers] Soutien \u00e0 la famille du squat des Gli\u00e8res"},"content":{"rendered":"<p style=\"text-align: justify\"><a href=\"http:\/\/dal86.fr\/2013\/10\/18\/soutien-a-la-famille-du-squat-des-glieres\/\" target=\"_blank\"><strong>Soutien \u00e0 la famille du squat des Gli\u00e8res<\/strong><\/a><\/p>\n<p style=\"text-align: justify\">Suite \u00e0 la multitude d\u2019articles et de reportages dans la presse r\u00e9gionale et nationale (voir ci apr\u00e8s) et \u00e0 la soir\u00e9e d\u2019hier \u201cCeux qu\u2019on appelle les \u201cRoms\u201d\u00a0\u00bb qui a rassembl\u00e9 400 personnes, la famille du squat des Gli\u00e8res organis\u00e9e au sein du Dal86 se demande quand elle sera enfin consult\u00e9e par la pr\u00e9fecture. En effet nous avons subit un pseudo diagnostique consistant en une vraie \u00e9valuation sociale avec pr\u00e9conisations par le SIAO (Croix Rouge) et un vrai interrogatoire men\u00e9 conjointement par l\u2019OFII et la pr\u00e9fecture qui n\u2019a consist\u00e9 qu\u2019\u00e0 \u00e9valuer notre \u00ab\u00a0<i>situation au regard du droit au s\u00e9jour en France<\/i>\u00a0\u00bb, tout un programme\u00a0! Puis nous n\u2019avons eu aucune nouvelle.<\/p>\n<p style=\"text-align: justify\">C\u2019est bien beau de d\u00e9clarer aux associations de soutien aux migrants, comme l\u2019a fait le secr\u00e9taire g\u00e9n\u00e9ral de la pr\u00e9fecture le mercredi 9 octobre\u00a0: \u00ab\u00a0<i>Concernant les Roms et en particulier ceux dont l\u2019expulsion est programm\u00e9e dimanche prochain, on y travaille, on a la volont\u00e9 de trouver des solutions pour l\u2019insertion, mais pour l\u2019int\u00e9gralit\u00e9 des personnes je suis dubitatif. Ceux qui pourront aller vers l\u2019insertion sont bien identifi\u00e9s, pour quelques situations ce sera un retour au pays.<\/i>\u00a0\u00bb<\/p>\n<p style=\"text-align: justify\">C\u2019est bien beau de d\u00e9clarer dans <i>La Croix,<\/i> comme l\u2019a fait la pr\u00e9f\u00e8te de r\u00e9gion,qu\u2019un \u00ab\u00a0\u00ab\u00a0p\u00f4le de comp\u00e9tences\u00a0\u00bb <i>a \u00e9t\u00e9 cr\u00e9e avec la CAF et les associations pour se pencher sur le cas de ces familles<\/i>\u00a0\u00bb. Que \u00ab\u00a0l<i>es services de l\u2019\u00c9tat se sont engag\u00e9s \u00e0 trouver un op\u00e9rateur pour r\u00e9aliser l\u2019accompagnement social n\u00e9cessaire et r\u00e9fl\u00e9chissent \u00e0 lancer une ma\u00eetrise d\u2019\u0153uvre urbaine et sociale (Mous) pour favoriser l\u2019acc\u00e8s au logement de ceux qui vivent encore dans des squats<\/i>\u00a0\u00bb. Mais il faut poser des actes\u00a0!<\/p>\n<p style=\"text-align: justify\">Allez monsieur le secr\u00e9taire g\u00e9n\u00e9ral ne doutez plus et surtout ne r\u00eavez pas ! Il est hors de question que nous retournions en Roumanie\u00a0!<\/p>\n<p style=\"text-align: justify\">Assez d\u2019enfumage aussi\u00a0! C\u2019est cette m\u00eame pr\u00e9fecture qui avec leurs autres autorit\u00e9s nous balade sans arr\u00eat, qui n\u2019est pas \u00e0 un coup par derri\u00e8re pr\u00e8s\u00a0: coupure d\u2019\u00e9lectricit\u00e9, refus d\u2019ouvrir un compteur \u00e9lectrique, refus de scolariser les enfants, prix prohibitif des repas de cantine scolaire et refus d\u2019aide pour que nos enfants puissent y acc\u00e9der, prix prohibitif des cartes de bus pour les enfants scolaris\u00e9s, harc\u00e8lement policier\u2026 qui est charg\u00e9e de nous trouver des solutions. Cherchez l\u2019erreur\u00a0!<\/p>\n<p style=\"text-align: justify\">Quand donc la pr\u00e9fecture prendra-t-elle directement contact avec nous afin, non seulement de nous informer personnellement de ses d\u00e9cisions, mais surtout de d\u00e9terminer avec nous les suites qu\u2019il y aurait \u00e0 donner\u00a0?<\/p>\n<p style=\"text-align: justify\"><b>En attendant et pour pr\u00e9ciser notre position sur ces questions, nous, famille du squat des Gli\u00e8res organis\u00e9e au sein du Dal86, expulsables depuis dimanche dernier 13 octobre, vous invitons \u00e0 venir nous soutenir dimanche 20 octobre \u00e015h au squat 26 avenue du plateau des Gli\u00e8res. Nous donnerons une conf\u00e9rence de presse.<\/b><\/p>\n<p style=\"text-align: justify\"><em>Vu sur DAL 86, 18 octobre 2013<\/em><\/p>\n","protected":false},"excerpt":{"rendered":"<p>Soutien \u00e0 la famille du squat des Gli\u00e8res Suite \u00e0 la multitude d\u2019articles et de reportages dans la presse r\u00e9gionale et nationale (voir ci apr\u00e8s) et \u00e0 la soir\u00e9e d\u2019hier \u201cCeux qu\u2019on appelle les \u201cRoms\u201d\u00a0\u00bb qui a rassembl\u00e9 400 personnes, la famille du squat des Gli\u00e8res organis\u00e9e au sein du Dal86 se demande quand elle &hellip; <a href=\"https:\/\/fa86.noblogs.org\/?p=10001\" class=\"more-link\">Continuer la lecture de <span class=\"screen-reader-text\">[Poitiers] Soutien \u00e0 la famille du squat des Gli\u00e8res<\/span> <span class=\"meta-nav\">&rarr;<\/span><\/a><\/p>\n","protected":false},"author":2691,"featured_media":0,"comment_status":"closed","ping_status":"open","sticky":false,"template":"","format":"standard","meta":{"footnotes":""},"categories":[11,12,16,4,29],"tags":[],"class_list":["post-10001","post","type-post","status-publish","format-standard","hentry","category-ni-patrie-ni-frontiere","category-okupa-y-resiste","category-repression","category-se-trouver","category-un-toit-pour-tou-te-s"],"_links":{"self":[{"href":"https:\/\/fa86.noblogs.org\/index.php?rest_route=\/wp\/v2\/posts\/10001","targetHints":{"allow":["GET"]}}],"collection":[{"href":"https:\/\/fa86.noblogs.org\/index.php?rest_route=\/wp\/v2\/posts"}],"about":[{"href":"https:\/\/fa86.noblogs.org\/index.php?rest_route=\/wp\/v2\/types\/post"}],"author":[{"embeddable":true,"href":"https:\/\/fa86.noblogs.org\/index.php?rest_route=\/wp\/v2\/users\/2691"}],"replies":[{"embeddable":true,"href":"https:\/\/fa86.noblogs.org\/index.php?rest_route=%2Fwp%2Fv2%2Fcomments&post=10001"}],"version-history":[{"count":1,"href":"https:\/\/fa86.noblogs.org\/index.php?rest_route=\/wp\/v2\/posts\/10001\/revisions"}],"predecessor-version":[{"id":10002,"href":"https:\/\/fa86.noblogs.org\/index.php?rest_route=\/wp\/v2\/posts\/10001\/revisions\/10002"}],"wp:attachment":[{"href":"https:\/\/fa86.noblogs.org\/index.php?rest_route=%2Fwp%2Fv2%2Fmedia&parent=10001"}],"wp:term":[{"taxonomy":"category","embeddable":true,"href":"https:\/\/fa86.noblogs.org\/index.php?rest_route=%2Fwp%2Fv2%2Fcategories&post=10001"},{"taxonomy":"post_tag","embeddable":true,"href":"https:\/\/fa86.noblogs.org\/index.php?rest_route=%2Fwp%2Fv2%2Ftags&post=10001"}],"curies":[{"name":"wp","href":"https:\/\/api.w.org\/{rel}","templated":true}]}}