{"id":10016,"date":"2013-10-19T09:04:26","date_gmt":"2013-10-19T07:04:26","guid":{"rendered":"http:\/\/fa86.noblogs.org\/?p=10016"},"modified":"2013-10-19T09:04:48","modified_gmt":"2013-10-19T07:04:48","slug":"telephonie-mobile-noye-e-s-dans-londe","status":"publish","type":"post","link":"https:\/\/fa86.noblogs.org\/?p=10016","title":{"rendered":"T\u00e9l\u00e9phonie mobile : noy\u00e9-e-s dans l&rsquo;onde"},"content":{"rendered":"<p style=\"text-align: justify\"><em><strong>NdPN<\/strong> : un article de Bastamag \u00e9voquant l&rsquo;impact sur la sant\u00e9 des ondes \u00e9lectromagn\u00e9tiques des t\u00e9l\u00e9phones portables (et de leur r\u00e9seau d&rsquo;antennes relais). D&rsquo;autant plus inqui\u00e9tant que Poitiers envisage le d\u00e9ploiement de la 4G, qui augmenterait encore l&rsquo;exposition aux ondes de 50%&#8230; voir nos articles pr\u00e9c\u00e9dents \u00e0 ce sujet.<\/em><\/p>\n<p style=\"text-align: justify\"><a href=\"http:\/\/www.bastamag.net\/article3414.html\" target=\"_blank\"><strong>Ondes\u00a0: des interf\u00e9rences biologiques, mais pas de risques, selon l\u2019Agence sanitaire<\/strong><\/a><\/p>\n<p style=\"text-align: justify\">Des effets biologiques mais pas de risque sanitaire av\u00e9r\u00e9. Voil\u00e0 en substance les conclusions du dernier rapport de l\u2019Agence nationale de s\u00e9curit\u00e9 sanitaire (ANSES) sur les ondes \u00e9lectromagn\u00e9tiques, publi\u00e9 mardi 15 octobre. Pas besoin, donc, de s\u2019inqui\u00e9ter. M\u00eame si l\u2019agence reconna\u00eet que les ondes \u00e9lectromagn\u00e9tiques ont des effets sur le sommeil ou la fertilit\u00e9 masculine&#8230; Ou encore, que l\u2019utilisation intensive du t\u00e9l\u00e9phone portable, sans kit main-libre, entre 30 et 40 minutes par jour, peut possiblement accro\u00eetre les risques de tumeurs au cerveau\u00a0!<\/p>\n<p style=\"text-align: justify\">C\u2019est d\u2019ailleurs ce que des chercheurs su\u00e9dois, dirig\u00e9s par le scientifique Lennart Hardell, viennent de mettre en \u00e9vidence\u00a0: les utilisateurs de portables (ou de t\u00e9l\u00e9phone sans-fil) ont un risque accru de 60% d\u2019avoir une tumeur c\u00e9r\u00e9brale. Et plus les ann\u00e9es d\u2019utilisation augmentent, plus ce risque s\u2019accro\u00eet, doublant au del\u00e0 de 20 ans, et triplant apr\u00e8s 25 ans. Cela n\u2019emp\u00eache pas l\u2019ANSES de conclure qu\u2019en l\u2019\u00e9tat actuel des connaissances, le risque sanitaire n\u2019est pas av\u00e9r\u00e9. Pour elle, les ondes \u00e9lectromagn\u00e9tiques provoquent la plupart du temps des effets biologiques transitoires\u00a0: le corps humain se r\u00e9tablirait une fois que l\u2019exposition cesse. <i>\u00ab\u00a0Ce qui ne veut pas dire qu\u2019il n\u2019y a pas de risque pour la sant\u00e9\u00a0\u00bb<\/i>, <a href=\"http:\/\/www.liberation.fr\/societe\/2013\/10\/15\/l-agence-sanitaire-prend-les-ondes-avec-des-pincettes_939672\" rel=\"external\">pr\u00e9cise<\/a> cependant son directeur g\u00e9n\u00e9ral adjoint, G\u00e9rard Lasfargues.<\/p>\n<p style=\"text-align: justify\">Curieusement, l\u2019ANSES \u00e9met pourtant des recommandations\u00a0: elle d\u00e9conseille par exemple l\u2019utilisation du portable par les enfants, recommande l\u2019utilisation du kit main-libre et l\u2019achat d\u2019un t\u00e9l\u00e9phone le moins \u00e9missif possible. Elle propose aussi de syst\u00e9matiser la r\u00e9alisation d\u2019\u00e9tudes pr\u00e9alables avant toute implantation d\u2019une nouvelle antenne relais, afin <i>\u00ab\u00a0d\u2019\u00e9viter ainsi que certaines zones soient beaucoup plus expos\u00e9es que d\u2019autres\u00a0\u00bb<\/i>. Mais rien d\u2019inqui\u00e9tant, puisqu\u2019il n\u2019y a pas de risque sanitaire&#8230;<\/p>\n<p style=\"text-align: justify\"><strong>Arriv\u00e9e de la 4G\u00a0: 50% d\u2019\u00e9missions en plus<\/strong><\/p>\n<p style=\"text-align: justify\">Pas un mot dans ce rapport sur les \u00e9l\u00e9ctro-hypersensibles, ces personnes qui ne supportent plus aucune onde \u00e9lectromagn\u00e9tique\u00a0: l\u2019ANSES pr\u00e9f\u00e8re attendre les conclusions d\u2019une \u00e9tude sur la question. <i>\u00ab\u00a0La communication de l\u2019ANSES semble bien frileuse et convainc peu alors que beaucoup d\u2019attentes \u00e9taient attach\u00e9es \u00e0 la sortie de ce rapport\u00a0\u00bb,<\/i> estime l\u2019association Priartem, qui se bat pour une r\u00e9glementation des implantations d\u2019antennes relais, et consid\u00e8re que les seuils actuels fix\u00e9s par le d\u00e9cret du 3 main 2002 sont <i>\u00ab\u00a0insupportables\u00a0\u00bb<\/i>.<\/p>\n<p style=\"text-align: justify\">Avec ce d\u00e9cret, les puissances autoris\u00e9es pour les antennes relais vont de 41V\/m \u00e0 61V\/m. Bien loin du 0,6 V\/m pr\u00e9conis\u00e9 depuis par les scientifiques et le Conseil de l\u2019Europe\u00a0! Sur ces seuils, l\u2019ANSES ne se prononce pas. Pourtant, avec l\u2019arriv\u00e9e de la 4G, plusieurs milliers d\u2019antennes relais suppl\u00e9mentaires sont en train d\u2019\u00eatre install\u00e9es. D\u2019apr\u00e8s une \u00e9tude du Copic, le Comit\u00e9 op\u00e9rationnel sur les ondes de t\u00e9l\u00e9phonie mobile, l\u2019exposition moyenne aux ondes augmenterait de 50%\u00a0!<\/p>\n<p style=\"text-align: justify\">Face \u00e0 ces nouveaux risques, Priartem demande l\u2019application pour ces ondes du principe <a href=\"http:\/\/fr.wikipedia.org\/wiki\/ALARA\" rel=\"external\">ALARA<\/a>, <i>As low as reasonably achievable<\/i> (\u00ab\u00a0Aussi bas que raisonnablement possible\u00a0\u00bb). <i>\u00ab\u00a0Dans le contexte actuel de d\u00e9ploiement effr\u00e9n\u00e9 des technologies sans fil (4G, tablettes num\u00e9riques, compteurs dits intelligents, prolif\u00e9ration des objets et gadgets communicants&#8230;), il y a urgence.\u00a0\u00bb<\/i><\/p>\n<p style=\"text-align: justify\"><em>Simon Gouin, Bastamag, 18 octobre 2013<\/em><\/p>\n","protected":false},"excerpt":{"rendered":"<p>NdPN : un article de Bastamag \u00e9voquant l&rsquo;impact sur la sant\u00e9 des ondes \u00e9lectromagn\u00e9tiques des t\u00e9l\u00e9phones portables (et de leur r\u00e9seau d&rsquo;antennes relais). D&rsquo;autant plus inqui\u00e9tant que Poitiers envisage le d\u00e9ploiement de la 4G, qui augmenterait encore l&rsquo;exposition aux ondes de 50%&#8230; voir nos articles pr\u00e9c\u00e9dents \u00e0 ce sujet. Ondes\u00a0: des interf\u00e9rences biologiques, mais pas &hellip; <a href=\"https:\/\/fa86.noblogs.org\/?p=10016\" class=\"more-link\">Continuer la lecture de <span class=\"screen-reader-text\">T\u00e9l\u00e9phonie mobile : noy\u00e9-e-s dans l&rsquo;onde<\/span> <span class=\"meta-nav\">&rarr;<\/span><\/a><\/p>\n","protected":false},"author":2691,"featured_media":0,"comment_status":"closed","ping_status":"open","sticky":false,"template":"","format":"standard","meta":{"footnotes":""},"categories":[18],"tags":[],"class_list":["post-10016","post","type-post","status-publish","format-standard","hentry","category-decroissance-libertaire"],"_links":{"self":[{"href":"https:\/\/fa86.noblogs.org\/index.php?rest_route=\/wp\/v2\/posts\/10016","targetHints":{"allow":["GET"]}}],"collection":[{"href":"https:\/\/fa86.noblogs.org\/index.php?rest_route=\/wp\/v2\/posts"}],"about":[{"href":"https:\/\/fa86.noblogs.org\/index.php?rest_route=\/wp\/v2\/types\/post"}],"author":[{"embeddable":true,"href":"https:\/\/fa86.noblogs.org\/index.php?rest_route=\/wp\/v2\/users\/2691"}],"replies":[{"embeddable":true,"href":"https:\/\/fa86.noblogs.org\/index.php?rest_route=%2Fwp%2Fv2%2Fcomments&post=10016"}],"version-history":[{"count":2,"href":"https:\/\/fa86.noblogs.org\/index.php?rest_route=\/wp\/v2\/posts\/10016\/revisions"}],"predecessor-version":[{"id":10018,"href":"https:\/\/fa86.noblogs.org\/index.php?rest_route=\/wp\/v2\/posts\/10016\/revisions\/10018"}],"wp:attachment":[{"href":"https:\/\/fa86.noblogs.org\/index.php?rest_route=%2Fwp%2Fv2%2Fmedia&parent=10016"}],"wp:term":[{"taxonomy":"category","embeddable":true,"href":"https:\/\/fa86.noblogs.org\/index.php?rest_route=%2Fwp%2Fv2%2Fcategories&post=10016"},{"taxonomy":"post_tag","embeddable":true,"href":"https:\/\/fa86.noblogs.org\/index.php?rest_route=%2Fwp%2Fv2%2Ftags&post=10016"}],"curies":[{"name":"wp","href":"https:\/\/api.w.org\/{rel}","templated":true}]}}