{"id":10046,"date":"2013-10-22T15:25:46","date_gmt":"2013-10-22T13:25:46","guid":{"rendered":"http:\/\/fa86.noblogs.org\/?p=10046"},"modified":"2013-10-22T15:25:46","modified_gmt":"2013-10-22T13:25:46","slug":"dal-86-premieres-regularisations-de-roms","status":"publish","type":"post","link":"https:\/\/fa86.noblogs.org\/?p=10046","title":{"rendered":"[DAL 86] Premi\u00e8res r\u00e9gularisations de Roms"},"content":{"rendered":"<p style=\"text-align: justify\"><a href=\"http:\/\/dal86.fr\/2013\/10\/22\/premieres-regularisations-de-roms\/\" target=\"_blank\"><strong>Premi\u00e8res r\u00e9gularisations de Roms<\/strong><\/a><\/p>\n<p style=\"text-align: justify\">Nous avons \u00e9t\u00e9 inform\u00e9s par l\u2019avocate du squat des Gli\u00e8res que la m\u00e8re de famille, ses deux fils mineurs\u00a0et et l\u2019une de ses quatre filles (et ses 2 enfants mineurs),\u00a0suite \u00e0 l\u2019analyse de leurs droits au s\u00e9jour par les services de la pr\u00e9fecture,\u00a0\u00a0peuvent se pr\u00e9senter\u00a0sans d\u00e9lai dans les locaux de la pr\u00e9fecture \u00e0 Poitiers\u00a0afin qu\u2019il leur soit propos\u00e9 l\u2019\u00e9laboration d\u2019un titre de s\u00e9jour.<\/p>\n<p style=\"text-align: justify\"><strong>\u00a0La pr\u00e9fecture a enfin c\u00e9d\u00e9\u00a0! Une belle victoire de cette famille organis\u00e9e au sein du Dal86 et soutenue par les collectifs Romeurope et DNSI (D\u2019ailleurs Nous Sommes d\u2019Ici).<\/strong><\/p>\n<p style=\"text-align: justify\"><strong>La lutte paie<\/strong><\/p>\n<p style=\"text-align: justify\">\u00a0Ne boudons pas notre plaisir, les victoires de la sorte sont rares mais Dal86 n\u2019oublie pas que c\u2019est seulement une goutte d\u2019eau dans l\u2019oc\u00e9an de ses revendications.<\/p>\n<p style=\"text-align: justify\">D\u2019abord, concernant cette famille, rappelons qu\u2019elle est compos\u00e9e de 25 personnes dont 13 enfants (9 scolaris\u00e9s) et qu\u2019elle est constitu\u00e9 de la m\u00e8re, de ses enfants y compris ceux vivant en couple et de ses petits enfants. Leur souhait profond est de rester tous ensemble. Quel sens cela a-t-il de r\u00e9gulariser seulement la m\u00e8re et ses deux enfants mineurs et l\u2019une de ses filles et ses deux enfants\u00a0? Dal86, qui sait que la pr\u00e9fecture n\u2019est pas \u00e0 un coup tordu pr\u00e8s, s\u2019interroge\u00a0: pourquoi ne pas avoir r\u00e9gularis\u00e9 toute la famille d\u2019un seul coup\u00a0? N\u2019est-ce pas pour tenter d\u00e9truire l\u2019\u00e9quilibre qu\u2019ils avaient r\u00e9ussi \u00e0 mettre en place\u00a0? D\u2019autre part n\u2019est-ce pas une tentative de garder la main en tentant une man\u0153uvre de division et en mettant la pression sur les autres\u00a0? Car enfin les autres d\u00e9clarations de la pr\u00e9fecture sous pleines de menaces et ont de quoi inqui\u00e9ter grandement. Par exemple le secr\u00e9taire g\u00e9n\u00e9ral de la pr\u00e9fecture a d\u00e9clar\u00e9 aux associations de soutien aux migrants mercredi 9 octobre\u00a0: \u00ab\u00a0<i>Concernant les Roms et en particulier ceux dont l\u2019expulsion est programm\u00e9e dimanche prochain, on y travaille, on a la volont\u00e9 de trouver des solutions pour l\u2019insertion, mais pour l\u2019int\u00e9gralit\u00e9 des personnes je suis dubitatif. Ceux qui pourront aller vers l\u2019insertion sont bien identifi\u00e9s, pour quelques situations ce sera un retour au pays.<\/i>\u00a0\u00bb Ce qui est confirm\u00e9 par la pr\u00e9f\u00e8te de r\u00e9gion elle-m\u00eame hier sur sur France 3 \u00ab\u00a0Poitou Charentes\u00a0: \u00ab\u00a0<i>Ca fait maintenant plusieurs semaines qu\u2019on travaille sur la situation des familles. Alors les associations r\u00e9clament le suivi, le suivi il existe, on essaie d\u2019\u00e9valuer la situation des personnes, on commence \u00e0 bien les conna\u00eetre pour autant qu\u2019elles r\u00e9pondent aux invitations qu\u2019on leur fait de venir discuter avec les associations qui sont susceptibles de les accompagner donc quand on conna\u00eet leur situation on essaie de r\u00e9fl\u00e9chir et je vous dis, pour celles qui n\u2019ont pas trop de soucis avec la police et la gendarmerie, un parcours d\u2019insertion<\/i>\u00a0\u00bb.<\/p>\n<p style=\"text-align: justify\">Nous avons les m\u00eames inqui\u00e9tudes concernant les autres familles et personnes seules Roms membres du Dal86 (et de l\u2019association Divano\u2026), mais aussi pour ceux d\u2019autres nationalit\u00e9s qui sont en situation administrative plus ou moins r\u00e9guli\u00e8re. Les habitants du squat l\u2019Etape ont d\u00e9cid\u00e9 lors de leur derni\u00e8res assembl\u00e9es g\u00e9n\u00e9rales hebdomadaires, m\u00eame s\u2019ils sont expulsables, de rester o\u00f9 ils sont. Ils en ont marre d\u2019\u00eatre en situation instable et d\u2019\u00eatre forc\u00e9s de passer de squat en squat. Les familles et personnes seules eux aussi organis\u00e9s au sein du Dal86 ont \u00e9crit samedi au maire de Poitiers \u00e0 \u00e0 la pr\u00e9f\u00e8te de r\u00e9gion pour leur demander audience concernant leur situation apr\u00e8s leur expulsion le 29 octobre.<\/p>\n<p style=\"text-align: justify\">Sans compter le <strong><a href=\"http:\/\/dal86.fr\/2013\/10\/22\/lettre-ouverte-a-madame-la-prefete-de-region-18-10-13\/\" target=\"_blank\">scandale du CHUS et du SIAO<\/a>.<\/strong><\/p>\n<p style=\"text-align: justify\"><b>Les adultes habitants des 3 squats refusent que des associations ou des partis politiques parlent \u00e0 leur place. Les adultes habitants des 3 squats, Roms ou autres, ont d\u00e9cid\u00e9 d\u2019adh\u00e9rer tous au DAL86, certains sans-papiers ext\u00e9rieurs aux squat aussi, et c\u2019est collectivement au sein de cette association qu\u2019ils ont d\u00e9cid\u00e9 de d\u00e9fendre leurs droits. <\/b><\/p>\n<p style=\"text-align: justify\"><strong>Quand donc la pr\u00e9fecture prendra-t-elle directement contact avec eux afin, non seulement de les informer personnellement de ses d\u00e9cisions, mais surtout de d\u00e9terminer en concertation avec eux les suites qu\u2019il y aurait \u00e0 donner\u00a0?<\/strong><\/p>\n<p style=\"text-align: justify\"><b>Leur unique revendication pour l\u2019instant\u00a0: des papiers tous les sans-papiers qui militent au sein du Dal86. Cela leur permettrait d\u2019avoir un logement stable et de trouver du travail. <\/b><\/p>\n<p style=\"text-align: justify\"><strong><em><a href=\"http:\/\/dal86.fr\/\" target=\"_blank\">DAL86<\/a><\/em><em> \u2013 <\/em><em><a href=\"mailto:dal86@free.fr\" target=\"_blank\">dal86@free.fr<\/a><\/em><em> \u2013 06 52 93 54 44 \/ 05 49 88 94 56 Permanences : tous les samedis matin de 11h \u00e0 12h Maison de la Solidarit\u00e9 22 rue du Pigeon Blanc Poitiers<\/em><\/strong><\/p>\n<p style=\"text-align: justify\"><em>Vu sur DAL 86, 22 octobre 2013<\/em><\/p>\n","protected":false},"excerpt":{"rendered":"<p>Premi\u00e8res r\u00e9gularisations de Roms Nous avons \u00e9t\u00e9 inform\u00e9s par l\u2019avocate du squat des Gli\u00e8res que la m\u00e8re de famille, ses deux fils mineurs\u00a0et et l\u2019une de ses quatre filles (et ses 2 enfants mineurs),\u00a0suite \u00e0 l\u2019analyse de leurs droits au s\u00e9jour par les services de la pr\u00e9fecture,\u00a0\u00a0peuvent se pr\u00e9senter\u00a0sans d\u00e9lai dans les locaux de la &hellip; <a href=\"https:\/\/fa86.noblogs.org\/?p=10046\" class=\"more-link\">Continuer la lecture de <span class=\"screen-reader-text\">[DAL 86] Premi\u00e8res r\u00e9gularisations de Roms<\/span> <span class=\"meta-nav\">&rarr;<\/span><\/a><\/p>\n","protected":false},"author":2691,"featured_media":0,"comment_status":"closed","ping_status":"open","sticky":false,"template":"","format":"standard","meta":{"footnotes":""},"categories":[11,12,29],"tags":[],"class_list":["post-10046","post","type-post","status-publish","format-standard","hentry","category-ni-patrie-ni-frontiere","category-okupa-y-resiste","category-un-toit-pour-tou-te-s"],"_links":{"self":[{"href":"https:\/\/fa86.noblogs.org\/index.php?rest_route=\/wp\/v2\/posts\/10046","targetHints":{"allow":["GET"]}}],"collection":[{"href":"https:\/\/fa86.noblogs.org\/index.php?rest_route=\/wp\/v2\/posts"}],"about":[{"href":"https:\/\/fa86.noblogs.org\/index.php?rest_route=\/wp\/v2\/types\/post"}],"author":[{"embeddable":true,"href":"https:\/\/fa86.noblogs.org\/index.php?rest_route=\/wp\/v2\/users\/2691"}],"replies":[{"embeddable":true,"href":"https:\/\/fa86.noblogs.org\/index.php?rest_route=%2Fwp%2Fv2%2Fcomments&post=10046"}],"version-history":[{"count":1,"href":"https:\/\/fa86.noblogs.org\/index.php?rest_route=\/wp\/v2\/posts\/10046\/revisions"}],"predecessor-version":[{"id":10047,"href":"https:\/\/fa86.noblogs.org\/index.php?rest_route=\/wp\/v2\/posts\/10046\/revisions\/10047"}],"wp:attachment":[{"href":"https:\/\/fa86.noblogs.org\/index.php?rest_route=%2Fwp%2Fv2%2Fmedia&parent=10046"}],"wp:term":[{"taxonomy":"category","embeddable":true,"href":"https:\/\/fa86.noblogs.org\/index.php?rest_route=%2Fwp%2Fv2%2Fcategories&post=10046"},{"taxonomy":"post_tag","embeddable":true,"href":"https:\/\/fa86.noblogs.org\/index.php?rest_route=%2Fwp%2Fv2%2Ftags&post=10046"}],"curies":[{"name":"wp","href":"https:\/\/api.w.org\/{rel}","templated":true}]}}