{"id":10049,"date":"2013-10-22T18:38:33","date_gmt":"2013-10-22T16:38:33","guid":{"rendered":"http:\/\/fa86.noblogs.org\/?p=10049"},"modified":"2013-10-23T12:37:49","modified_gmt":"2013-10-23T10:37:49","slug":"jean-baptiste-eyraud-passe-a-tabac-par-les-crs-deux-cotes-cassees-silence-radio","status":"publish","type":"post","link":"https:\/\/fa86.noblogs.org\/?p=10049","title":{"rendered":"Jean-Baptiste Eyraud pass\u00e9 \u00e0 tabac par les CRS: deux c\u00f4tes cass\u00e9es, silence radio ?"},"content":{"rendered":"<p style=\"text-align: justify\"><em><strong>NdPN<\/strong> : que les flics soient violents, ce n&rsquo;est h\u00e9las pas nouveau. Une \u00e9tape dans la banalisation de la violence polici\u00e8re a \u00e9t\u00e9 n\u00e9anmoins encore franchie, avec un militant qui se fait p\u00e9ter deux c\u00f4tes, alors qu&rsquo;il est connu des m\u00e9dias, signe que le pouvoir n&rsquo;en a plus rien \u00e0 faire de pr\u00e9server les apparences. En voil\u00e0 qui ne se posent pas la question violence ou non-violence. Les fascistes ne se cantonnent d\u00e9cid\u00e9ment pas aux groupuscules de cr\u00e2nes ras\u00e9s, et il va falloir s\u00e9rieusement se poser la question de l&rsquo;autod\u00e9fense.<\/em><\/p>\n<p style=\"text-align: justify\"><em><strong>Mise \u00e0 jour PN<\/strong> : un <a href=\"http:\/\/paris.indymedia.org\/spip.php?article14364\" target=\"_blank\"><strong>article sur Indymedia Paris<\/strong> <\/a>relate l&rsquo;\u00e9v\u00e9nement plus en d\u00e9tail.<\/em><\/p>\n<p style=\"text-align: justify\"><a href=\"http:\/\/blogs.mediapart.fr\/blog\/attac-france\/221013\/jean-baptiste-eyraud-passe-tabac-par-les-crs-deux-cotes-cassees-silence-radio\" target=\"_blank\"><strong>Jean-Baptiste Eyraud pass\u00e9 \u00e0 tabac par les CRS: deux c\u00f4tes cass\u00e9es, silence radio ?<\/strong><\/a><\/p>\n<p style=\"text-align: justify\">Ce qui s&rsquo;est pass\u00e9 samedi apr\u00e8s-midi place de la R\u00e9publique \u00e0 Paris est \u00e0 la fois banal et indigne. Banal parce que la r\u00e9pression contre les mouvements sociaux est devenue une routine quotidienne dans notre pays, sous Manuel Valls\u00a0 comme sous Brice Hortefeux, et en particulier contre les sans logis ou les sans emploi.<\/p>\n<p style=\"text-align: justify\">Indigne parce que les forces de l&rsquo;ordre ont dispers\u00e9 violemment et ill\u00e9galement un rassemblement d\u00e9clar\u00e9 de fa\u00e7on parfaitement l\u00e9gale par le DAL place de la R\u00e9publique. Plusieurs m\u00e8res de famille ont \u00e9t\u00e9 frapp\u00e9es. Jean-Baptiste Eyraud, le porte parole du DAL, a \u00e9t\u00e9 rou\u00e9 de coups de pieds alors qu&rsquo;il s&rsquo;\u00e9tait assis par terre en attendant de pouvoir sortir de l&rsquo;encerclement policier auquel les manifestants \u00e9taient soumis. Il a eu deux c\u00f4tes cass\u00e9es. Pas de d\u00e9p\u00eache des agences de presse, pas un mot dans la plupart des quotidiens, silence \u00e0 la radio.<\/p>\n<p style=\"text-align: justify\">Les CRS et leur hi\u00e9rarchie pr\u00e9sente sur place ce samedi 17 octobre ne pouvaient ignorer qui est Jean-Baptiste Eyraud. Depuis vingt ans il lutte avec le DAL contre l&rsquo;indiff\u00e9rence et le silence qui entoure le drame des sans logis et des mal log\u00e9s. Par son activit\u00e9 inlassable et son \u00e9nergie communicative, il a permis aux sans logis de disposer d&rsquo;un outil et une voix \u00e9cout\u00e9e et respect\u00e9e. Il contribue sans tr\u00eave \u00e0 mettre \u00e0 nu les contradictions entre les discours et les actes des politiciens, prolixes en promesses mais avares en r\u00e9alisations.<\/p>\n<p style=\"text-align: justify\">En frappant Jean-Baptiste Eyraud, les forces de l&rsquo;ordre n&rsquo;ont pas agi au hasard: cibler une de ces figures les plus connues vise \u00e0 r\u00e9pandre la peur dans tout le mouvement social. Ce gouvernement est aussi dur avec les d\u00e9munis qu&rsquo;il est pr\u00e9venant envers les grands patrons et banquiers. La Pr\u00e9fecture de Paris et Manuel Valls doivent cesser leurs agissements brutaux et ill\u00e9gaux. Le gouvernement doit appliquer la loi DALO, le droit \u00e0 l&rsquo;h\u00e9bergement, les r\u00e9quisitions de logement. En s&rsquo;engageant dans une politique r\u00e9pressive indigne, le gouvernement saccage les principes de solidarit\u00e9 et de justice, seuls \u00e0 m\u00eame de faire barrage \u00e0 la droite extr\u00eame.<\/p>\n<p style=\"text-align: justify\">Attac France, Paris, le 22 octobre 2013<\/p>\n<p style=\"text-align: justify\"><em>Vu sur Mediapart, 22 octobre 2013<\/em><\/p>\n","protected":false},"excerpt":{"rendered":"<p>NdPN : que les flics soient violents, ce n&rsquo;est h\u00e9las pas nouveau. Une \u00e9tape dans la banalisation de la violence polici\u00e8re a \u00e9t\u00e9 n\u00e9anmoins encore franchie, avec un militant qui se fait p\u00e9ter deux c\u00f4tes, alors qu&rsquo;il est connu des m\u00e9dias, signe que le pouvoir n&rsquo;en a plus rien \u00e0 faire de pr\u00e9server les apparences. &hellip; <a href=\"https:\/\/fa86.noblogs.org\/?p=10049\" class=\"more-link\">Continuer la lecture de <span class=\"screen-reader-text\">Jean-Baptiste Eyraud pass\u00e9 \u00e0 tabac par les CRS: deux c\u00f4tes cass\u00e9es, silence radio ?<\/span> <span class=\"meta-nav\">&rarr;<\/span><\/a><\/p>\n","protected":false},"author":2691,"featured_media":0,"comment_status":"closed","ping_status":"open","sticky":false,"template":"","format":"standard","meta":{"footnotes":""},"categories":[16,29],"tags":[],"class_list":["post-10049","post","type-post","status-publish","format-standard","hentry","category-repression","category-un-toit-pour-tou-te-s"],"_links":{"self":[{"href":"https:\/\/fa86.noblogs.org\/index.php?rest_route=\/wp\/v2\/posts\/10049","targetHints":{"allow":["GET"]}}],"collection":[{"href":"https:\/\/fa86.noblogs.org\/index.php?rest_route=\/wp\/v2\/posts"}],"about":[{"href":"https:\/\/fa86.noblogs.org\/index.php?rest_route=\/wp\/v2\/types\/post"}],"author":[{"embeddable":true,"href":"https:\/\/fa86.noblogs.org\/index.php?rest_route=\/wp\/v2\/users\/2691"}],"replies":[{"embeddable":true,"href":"https:\/\/fa86.noblogs.org\/index.php?rest_route=%2Fwp%2Fv2%2Fcomments&post=10049"}],"version-history":[{"count":5,"href":"https:\/\/fa86.noblogs.org\/index.php?rest_route=\/wp\/v2\/posts\/10049\/revisions"}],"predecessor-version":[{"id":10073,"href":"https:\/\/fa86.noblogs.org\/index.php?rest_route=\/wp\/v2\/posts\/10049\/revisions\/10073"}],"wp:attachment":[{"href":"https:\/\/fa86.noblogs.org\/index.php?rest_route=%2Fwp%2Fv2%2Fmedia&parent=10049"}],"wp:term":[{"taxonomy":"category","embeddable":true,"href":"https:\/\/fa86.noblogs.org\/index.php?rest_route=%2Fwp%2Fv2%2Fcategories&post=10049"},{"taxonomy":"post_tag","embeddable":true,"href":"https:\/\/fa86.noblogs.org\/index.php?rest_route=%2Fwp%2Fv2%2Ftags&post=10049"}],"curies":[{"name":"wp","href":"https:\/\/api.w.org\/{rel}","templated":true}]}}