{"id":10096,"date":"2013-10-24T18:22:13","date_gmt":"2013-10-24T16:22:13","guid":{"rendered":"http:\/\/fa86.noblogs.org\/?p=10096"},"modified":"2013-10-24T18:22:13","modified_gmt":"2013-10-24T16:22:13","slug":"dal-86-contre-les-expulsions-organisons-nous","status":"publish","type":"post","link":"https:\/\/fa86.noblogs.org\/?p=10096","title":{"rendered":"[DAL 86] Contre les expulsions, organisons-nous !"},"content":{"rendered":"<p style=\"text-align: justify\"><em><strong>NdPN<\/strong> : voir aussi <a href=\"http:\/\/dal86.fr\/2013\/10\/24\/la-prefete-menteuse-ou-irresponsable\/\" target=\"_blank\"><strong>le nouveau communiqu\u00e9 du DAL 86<\/strong><\/a> en r\u00e9action aux propos de la pr\u00e9f\u00e8te dans un magazine.<\/em><\/p>\n<p style=\"text-align: justify\">Le DAL 86 propose une r\u00e9union \u00e0 toutes les personnes r\u00e9volt\u00e9es par\u00a0la politique pr\u00e9fectorale \u00e0 l&rsquo;\u00e9gard des habitant-e-s expuls\u00e9-e-s du squat des Gli\u00e8res\u00a0(individus, orgas politiques, syndicats, associations),\u00a0ce <strong>vendredi 26 octobre \u00e0\u00a018h, \u00e0 la Maison de la Solidarit\u00e9<\/strong> (22 rue du pigeon blanc \u00e0 Poitiers). Il s&rsquo;agira de r\u00e9fl\u00e9chir aux suites, avec l&rsquo;id\u00e9e d&rsquo;un <strong>rassemblement mercredi 30 octobre \u00e0 18h<\/strong>.<\/p>\n<p style=\"text-align: justify\">Le DAL 86 vous invite aussi \u00e0 l&rsquo;assembl\u00e9e g\u00e9n\u00e9rale\u00a0du squat de l&rsquo;Etape, ce m\u00eame\u00a0<strong>vendredi 26 octobre, \u00e0\u00a020h au squat l&rsquo;Etape<\/strong> (rue d&rsquo;Ol\u00e9ron \u00e0\u00a0Poitiers).<\/p>\n<p style=\"text-align: justify\"><em>Mail, 24 octobre 2013<\/em><\/p>\n","protected":false},"excerpt":{"rendered":"<p>NdPN : voir aussi le nouveau communiqu\u00e9 du DAL 86 en r\u00e9action aux propos de la pr\u00e9f\u00e8te dans un magazine. Le DAL 86 propose une r\u00e9union \u00e0 toutes les personnes r\u00e9volt\u00e9es par\u00a0la politique pr\u00e9fectorale \u00e0 l&rsquo;\u00e9gard des habitant-e-s expuls\u00e9-e-s du squat des Gli\u00e8res\u00a0(individus, orgas politiques, syndicats, associations),\u00a0ce vendredi 26 octobre \u00e0\u00a018h, \u00e0 la Maison de &hellip; <a href=\"https:\/\/fa86.noblogs.org\/?p=10096\" class=\"more-link\">Continuer la lecture de <span class=\"screen-reader-text\">[DAL 86] Contre les expulsions, organisons-nous !<\/span> <span class=\"meta-nav\">&rarr;<\/span><\/a><\/p>\n","protected":false},"author":2691,"featured_media":0,"comment_status":"closed","ping_status":"open","sticky":false,"template":"","format":"standard","meta":{"footnotes":""},"categories":[9,11,12,16,4,29],"tags":[],"class_list":["post-10096","post","type-post","status-publish","format-standard","hentry","category-la-rue-grogne","category-ni-patrie-ni-frontiere","category-okupa-y-resiste","category-repression","category-se-trouver","category-un-toit-pour-tou-te-s"],"_links":{"self":[{"href":"https:\/\/fa86.noblogs.org\/index.php?rest_route=\/wp\/v2\/posts\/10096","targetHints":{"allow":["GET"]}}],"collection":[{"href":"https:\/\/fa86.noblogs.org\/index.php?rest_route=\/wp\/v2\/posts"}],"about":[{"href":"https:\/\/fa86.noblogs.org\/index.php?rest_route=\/wp\/v2\/types\/post"}],"author":[{"embeddable":true,"href":"https:\/\/fa86.noblogs.org\/index.php?rest_route=\/wp\/v2\/users\/2691"}],"replies":[{"embeddable":true,"href":"https:\/\/fa86.noblogs.org\/index.php?rest_route=%2Fwp%2Fv2%2Fcomments&post=10096"}],"version-history":[{"count":1,"href":"https:\/\/fa86.noblogs.org\/index.php?rest_route=\/wp\/v2\/posts\/10096\/revisions"}],"predecessor-version":[{"id":10097,"href":"https:\/\/fa86.noblogs.org\/index.php?rest_route=\/wp\/v2\/posts\/10096\/revisions\/10097"}],"wp:attachment":[{"href":"https:\/\/fa86.noblogs.org\/index.php?rest_route=%2Fwp%2Fv2%2Fmedia&parent=10096"}],"wp:term":[{"taxonomy":"category","embeddable":true,"href":"https:\/\/fa86.noblogs.org\/index.php?rest_route=%2Fwp%2Fv2%2Fcategories&post=10096"},{"taxonomy":"post_tag","embeddable":true,"href":"https:\/\/fa86.noblogs.org\/index.php?rest_route=%2Fwp%2Fv2%2Ftags&post=10096"}],"curies":[{"name":"wp","href":"https:\/\/api.w.org\/{rel}","templated":true}]}}