{"id":10171,"date":"2013-11-14T10:00:12","date_gmt":"2013-11-14T09:00:12","guid":{"rendered":"http:\/\/fa86.noblogs.org\/?p=10171"},"modified":"2013-11-14T10:35:40","modified_gmt":"2013-11-14T09:35:40","slug":"poitiers-bi-instruction-toujours-en-cours","status":"publish","type":"post","link":"https:\/\/fa86.noblogs.org\/?p=10171","title":{"rendered":"[Poitiers] BI : Instruction toujours en cours"},"content":{"rendered":"<p style=\"text-align: justify\"><em><strong>NdPN<\/strong> : pour info, voir la d\u00e9p\u00eache et l&rsquo;article NR ci-dessous.\u00a0Nous ne comptons \u00e9videmment pas sur les juges pour contrecarrer les actions des\u00a0groupuscules fascisants, qui auraient plut\u00f4t tendance \u00e0 se r\u00e9jouir \u00e0 chaque fois que les m\u00e9dias et le pouvoir mettent leurs gesticulations sur le devant de la sc\u00e8ne de la d\u00e9composition sociale. Voir d&rsquo;ailleurs \u00e0 ce sujet <a href=\"http:\/\/www.lanouvellerepublique.fr\/Vienne\/Actualite\/Politique\/n\/Contenus\/Articles\/2013\/11\/14\/Municipales-le-FN-vise-un-score-a-deux-chiffres-1686152\" target=\"_blank\">la nouvelle tribune offerte par la NR au Front National<\/a>&#8230; dont la t\u00eate de liste est sans surprise un ancien flic. Seule\u00a0la construction d&rsquo;une v\u00e9ritable force sociale en vue de renverser l&rsquo;Etat, les classes et les genres, peut \u00eatre capable de faire reculer les discours racistes, sexistes et LGBT-phobes qui ne font le jeu que des dominants.<\/em><\/p>\n<p style=\"text-align: justify\"><a href=\"http:\/\/www.lanouvellerepublique.fr\/Vienne\/Services\/Toutes-les-DMAs\/n\/Contenus\/DMAs\/2013\/11\/13\/Poitiers-la-justice-valide-l-instruction-sur-la-mosquee-1686043\" target=\"_blank\"><strong>86 &#8211;\u00a0 Poitiers: la justice valide l&rsquo;instruction sur la mosqu\u00e9e<\/strong><\/a><\/p>\n<p style=\"text-align: justify\">La chambre de l&rsquo;instruction de la cour d&rsquo;appel de Poitiers a rejet\u00e9 les demandes de nullit\u00e9s pr\u00e9sent\u00e9es par les avocats des quatre militants de G\u00e9n\u00e9ration identitaire mis en examen apr\u00e8s avoir envahi la mosqu\u00e9e de Poitiers en octobre 2012. Les avocats contestaient la l\u00e9galit\u00e9 des garde \u00e0 vue ainsi que les trois chefs de mise en examen retenus. L&rsquo;instruction en cours peut donc suivre son cours. Elle pourrait d\u00e9boucher sur de nouvelles mises en examen.<\/p>\n<p style=\"text-align: justify\"><em>Nouvelle R\u00e9publique, 13 novembre 2013<\/em><\/p>\n<p style=\"text-align: justify\"><a href=\"http:\/\/www.lanouvellerepublique.fr\/Vienne\/Actualite\/Faits-divers-justice\/n\/Contenus\/Articles\/2013\/11\/14\/La-justice-valide-la-procedure-sur-la-mosquee-1686663\" target=\"_blank\"><strong>La justice valide la proc\u00e9dure sur la mosqu\u00e9e<\/strong><\/a><\/p>\n<p style=\"text-align: justify\">Poitiers.\u00a0 La proc\u00e9dure judiciaire lanc\u00e9e apr\u00e8s l\u2019envahissement de la mosqu\u00e9e\u00a0 par les Identitaires a \u00e9t\u00e9 valid\u00e9e par la justice. Les nullit\u00e9s ont \u00e9t\u00e9 rejet\u00e9es.<\/p>\n<p style=\"text-align: justify\">Pas de victoire sur tapis vert. Apr\u00e8s un petit mois de r\u00e9flexion, la chambre de l&rsquo;instruction de la cour d&rsquo;appel de Poitiers a valid\u00e9 la proc\u00e9dure judiciaire lanc\u00e9e contre les Identitaires qui avaient envahi le toit de la mosqu\u00e9e en octobre\u00a02012. Un coup d&rsquo;\u00e9clat m\u00e9diatique suivi par la mise en examen de quatre des organisateurs suppos\u00e9s de l&rsquo;op\u00e9ration.<\/p>\n<div id=\"text\" style=\"text-align: justify\">\n<p>De nouvelle mises en examens seraient dans les tuyaux. Mais leur concr\u00e9tisation \u00e9tait en suspens dans l&rsquo;attente de la d\u00e9cision de la chambre de l&rsquo;instruction. Le monde judiciaire attendait de savoir si, oui ou non, les magistrats allaient valider la proc\u00e9dure. C&rsquo;est chose faite. Le d\u00e9tail de l&rsquo;argumentaire retenu ne sera connu qu&rsquo;aujourd&rsquo;hui. La d\u00e9cision devait \u00eatre rendue mardi, mais la notification peut prendre plusieurs jours. Les avocats doivent r\u00e9cup\u00e9rer aujourd&rsquo;hui l&rsquo;arr\u00eat rendu et se pencher sur ses motivations. Les avocats des quatre militants de G\u00e9n\u00e9ration identitaire mis en examen avaient d\u00e9fendu, le 15\u00a0octobre dernier, la nullit\u00e9 des gardes \u00e0 vue, et celle des chefs de mise en examen. Le point le plus discut\u00e9 concernait la manifestation non d\u00e9clar\u00e9e aux autorit\u00e9s. Le fait de p\u00e9n\u00e9trer dans une propri\u00e9t\u00e9 priv\u00e9e et de monter sur le toit d&rsquo;un \u00e9difice priv\u00e9 \u00e9tait-il compatible avec la notion de manifestation sur la voie publique\u2009? La cour devait aussi se pencher sur les slogans prof\u00e9r\u00e9s pour dire s&rsquo;ils \u00e9taient bien assimilables \u00e0 une provocation \u00e0 la haine raciale et religieuse. Le troisi\u00e8me point concernait les tapis de pri\u00e8re\u2009: les transporter du rez-de-chauss\u00e9e au toit en les pi\u00e9tinant sous la pluie relevait-t-il du vol et de la d\u00e9gradation\u2009?<\/p>\n<p>Emmanuel Coupaye, Nouvelle R\u00e9publique, 14 novembre 2013<\/p>\n<\/div>\n","protected":false},"excerpt":{"rendered":"<p>NdPN : pour info, voir la d\u00e9p\u00eache et l&rsquo;article NR ci-dessous.\u00a0Nous ne comptons \u00e9videmment pas sur les juges pour contrecarrer les actions des\u00a0groupuscules fascisants, qui auraient plut\u00f4t tendance \u00e0 se r\u00e9jouir \u00e0 chaque fois que les m\u00e9dias et le pouvoir mettent leurs gesticulations sur le devant de la sc\u00e8ne de la d\u00e9composition sociale. Voir d&rsquo;ailleurs &hellip; <a href=\"https:\/\/fa86.noblogs.org\/?p=10171\" class=\"more-link\">Continuer la lecture de <span class=\"screen-reader-text\">[Poitiers] BI : Instruction toujours en cours<\/span> <span class=\"meta-nav\">&rarr;<\/span><\/a><\/p>\n","protected":false},"author":2691,"featured_media":0,"comment_status":"closed","ping_status":"open","sticky":false,"template":"","format":"standard","meta":{"footnotes":""},"categories":[8,6],"tags":[],"class_list":["post-10171","post","type-post","status-publish","format-standard","hentry","category-ecrits","category-paf-le-faf"],"_links":{"self":[{"href":"https:\/\/fa86.noblogs.org\/index.php?rest_route=\/wp\/v2\/posts\/10171","targetHints":{"allow":["GET"]}}],"collection":[{"href":"https:\/\/fa86.noblogs.org\/index.php?rest_route=\/wp\/v2\/posts"}],"about":[{"href":"https:\/\/fa86.noblogs.org\/index.php?rest_route=\/wp\/v2\/types\/post"}],"author":[{"embeddable":true,"href":"https:\/\/fa86.noblogs.org\/index.php?rest_route=\/wp\/v2\/users\/2691"}],"replies":[{"embeddable":true,"href":"https:\/\/fa86.noblogs.org\/index.php?rest_route=%2Fwp%2Fv2%2Fcomments&post=10171"}],"version-history":[{"count":7,"href":"https:\/\/fa86.noblogs.org\/index.php?rest_route=\/wp\/v2\/posts\/10171\/revisions"}],"predecessor-version":[{"id":10178,"href":"https:\/\/fa86.noblogs.org\/index.php?rest_route=\/wp\/v2\/posts\/10171\/revisions\/10178"}],"wp:attachment":[{"href":"https:\/\/fa86.noblogs.org\/index.php?rest_route=%2Fwp%2Fv2%2Fmedia&parent=10171"}],"wp:term":[{"taxonomy":"category","embeddable":true,"href":"https:\/\/fa86.noblogs.org\/index.php?rest_route=%2Fwp%2Fv2%2Fcategories&post=10171"},{"taxonomy":"post_tag","embeddable":true,"href":"https:\/\/fa86.noblogs.org\/index.php?rest_route=%2Fwp%2Fv2%2Ftags&post=10171"}],"curies":[{"name":"wp","href":"https:\/\/api.w.org\/{rel}","templated":true}]}}