{"id":10248,"date":"2013-11-24T11:30:19","date_gmt":"2013-11-24T10:30:19","guid":{"rendered":"http:\/\/fa86.noblogs.org\/?p=10248"},"modified":"2013-11-24T11:30:19","modified_gmt":"2013-11-24T10:30:19","slug":"dal-86-solidarite-avec-m-renvoye-en-roumanie","status":"publish","type":"post","link":"https:\/\/fa86.noblogs.org\/?p=10248","title":{"rendered":"[DAL 86] Solidarit\u00e9 avec M. renvoy\u00e9 en Roumanie"},"content":{"rendered":"<p style=\"text-align: justify\"><a href=\"http:\/\/dal86.fr\/2013\/11\/24\/solidarite-avec-m-renvoye-en-roumanie\/\" target=\"_blank\"><strong>Solidarit\u00e9 avec M. renvoy\u00e9 en Roumanie<\/strong><\/a><\/p>\n<p style=\"text-align: justify\">Les habitants du squat l\u2019Etape appellent \u00e0 la solidarit\u00e9. En effet, suite \u00e0 la descente de police de jeudi dernier et les arrestations et mises en r\u00e9tention, M. qui non seulement avait la preuve qu\u2019il est en France depuis moins de 3 mois, mais, s\u00e9par\u00e9 de sa femme, il a une fille scolaris\u00e9e en \u00e9l\u00e9mentaire et ses trois autres enfants scolaris\u00e9s vivant avec sa femme \u00e0 Poitiers mais qui avait une OQTF, aurait \u00e9t\u00e9 reconduit en Roumanie aujourd\u2019hui. Il dort dans la rue dans Bucarest o\u00f9 il fait aussi froid que chez nous. Il a besoin d\u2019une centaine d\u2019euros pour revenir.<\/p>\n<p style=\"text-align: justify\">Aussi, si vous trouvez cette situation scandaleuse, faites un don pour l\u2019aider \u00e0 revenir !<\/p>\n<p style=\"text-align: justify\"><em>Ch\u00e8ques \u00e0 l\u2019ordre du DAL86 a envoyer \u00e0 DAL86, Maison de la Solidarit\u00e9, 22 rue du pigeon blanc 86000 POITIERS en pr\u00e9cisant au dos \u00ab\u00a0Squat l\u2019Etape\u00a0\u00bb.<\/em><\/p>\n<p style=\"text-align: justify\"><em>Vu sur DAL 86, 24 novembre 2013<\/em><\/p>\n","protected":false},"excerpt":{"rendered":"<p>Solidarit\u00e9 avec M. renvoy\u00e9 en Roumanie Les habitants du squat l\u2019Etape appellent \u00e0 la solidarit\u00e9. En effet, suite \u00e0 la descente de police de jeudi dernier et les arrestations et mises en r\u00e9tention, M. qui non seulement avait la preuve qu\u2019il est en France depuis moins de 3 mois, mais, s\u00e9par\u00e9 de sa femme, il &hellip; <a href=\"https:\/\/fa86.noblogs.org\/?p=10248\" class=\"more-link\">Continuer la lecture de <span class=\"screen-reader-text\">[DAL 86] Solidarit\u00e9 avec M. renvoy\u00e9 en Roumanie<\/span> <span class=\"meta-nav\">&rarr;<\/span><\/a><\/p>\n","protected":false},"author":2691,"featured_media":0,"comment_status":"closed","ping_status":"open","sticky":false,"template":"","format":"standard","meta":{"footnotes":""},"categories":[11,16],"tags":[],"class_list":["post-10248","post","type-post","status-publish","format-standard","hentry","category-ni-patrie-ni-frontiere","category-repression"],"_links":{"self":[{"href":"https:\/\/fa86.noblogs.org\/index.php?rest_route=\/wp\/v2\/posts\/10248","targetHints":{"allow":["GET"]}}],"collection":[{"href":"https:\/\/fa86.noblogs.org\/index.php?rest_route=\/wp\/v2\/posts"}],"about":[{"href":"https:\/\/fa86.noblogs.org\/index.php?rest_route=\/wp\/v2\/types\/post"}],"author":[{"embeddable":true,"href":"https:\/\/fa86.noblogs.org\/index.php?rest_route=\/wp\/v2\/users\/2691"}],"replies":[{"embeddable":true,"href":"https:\/\/fa86.noblogs.org\/index.php?rest_route=%2Fwp%2Fv2%2Fcomments&post=10248"}],"version-history":[{"count":1,"href":"https:\/\/fa86.noblogs.org\/index.php?rest_route=\/wp\/v2\/posts\/10248\/revisions"}],"predecessor-version":[{"id":10249,"href":"https:\/\/fa86.noblogs.org\/index.php?rest_route=\/wp\/v2\/posts\/10248\/revisions\/10249"}],"wp:attachment":[{"href":"https:\/\/fa86.noblogs.org\/index.php?rest_route=%2Fwp%2Fv2%2Fmedia&parent=10248"}],"wp:term":[{"taxonomy":"category","embeddable":true,"href":"https:\/\/fa86.noblogs.org\/index.php?rest_route=%2Fwp%2Fv2%2Fcategories&post=10248"},{"taxonomy":"post_tag","embeddable":true,"href":"https:\/\/fa86.noblogs.org\/index.php?rest_route=%2Fwp%2Fv2%2Ftags&post=10248"}],"curies":[{"name":"wp","href":"https:\/\/api.w.org\/{rel}","templated":true}]}}