{"id":10273,"date":"2013-11-27T12:01:13","date_gmt":"2013-11-27T11:01:13","guid":{"rendered":"http:\/\/fa86.noblogs.org\/?p=10273"},"modified":"2013-11-27T12:01:53","modified_gmt":"2013-11-27T11:01:53","slug":"la-vocation-a-sintegrer","status":"publish","type":"post","link":"https:\/\/fa86.noblogs.org\/?p=10273","title":{"rendered":"La vocation \u00e0 s&rsquo;int\u00e9grer"},"content":{"rendered":"<p style=\"text-align: justify\"><a href=\"http:\/\/ardechelibertaire.wordpress.com\/2013\/11\/26\/vocation-2\/\" target=\"_blank\"><strong>Vocation<\/strong><\/a><\/p>\n<p style=\"text-align: justify\">Vous voulez rire? OK, je c\u00e8de. Un chercheur a retrouv\u00e9 un courrier d\u2019un \u00e9lu de Nantes datant de 1853, adress\u00e9 au pr\u00e9sident du conseil. Ce monsieur se plaint de l\u2019invasion de sa bonne ville par des Bas Bretons tout ce qu\u2019il y a de plus incivils ! Mais l\u00e0 o\u00f9 c\u2019est dr\u00f4le, ce sont les termes et les arguments employ\u00e9s par le bonhomme. \u00ab Les Bas Bretons sont sales, illettr\u00e9s, inadapt\u00e9s aux m\u00e9tiers modernes \u00bb et tenez-vous bien : \u00ab Ils n\u2019ont pas vocation \u00e0 s\u2019int\u00e9grer \u00bb. Le d\u00e9put\u00e9 termine en proposant une aide au retour dans les r\u00e9gions d\u2019origine qui doivent, d\u2019apr\u00e8s lui, \u00eatre aid\u00e9es. Voil\u00e0! Ca vous rappelle quelque chose?<\/p>\n<p style=\"text-align: justify\">Eh oui, les cons sont \u00e9ternels.<\/p>\n<p style=\"text-align: justify\">Etienne Liebig<\/p>\n<p style=\"text-align: justify\"><em>Apparu dans Le Monde Libertaire suppl\u00e9ment gratuit N#40. Le document\u00a0entier\u00a0ici:<strong> <a href=\"http:\/\/www.persee.fr\/web\/revues\/home\/prescript\/article\/genes_1155-3219_1996_num_24_1_1406\">Un manifeste de 1851 contre les immigr\u00e9s bretons<\/a><\/strong><\/em><\/p>\n<p style=\"text-align: justify\"><em>Vu sur le blog du groupe Nord-Ard\u00e8che de la FA, 27 novembre 2013<\/em><\/p>\n","protected":false},"excerpt":{"rendered":"<p>Vocation Vous voulez rire? OK, je c\u00e8de. Un chercheur a retrouv\u00e9 un courrier d\u2019un \u00e9lu de Nantes datant de 1853, adress\u00e9 au pr\u00e9sident du conseil. Ce monsieur se plaint de l\u2019invasion de sa bonne ville par des Bas Bretons tout ce qu\u2019il y a de plus incivils ! Mais l\u00e0 o\u00f9 c\u2019est dr\u00f4le, ce sont &hellip; <a href=\"https:\/\/fa86.noblogs.org\/?p=10273\" class=\"more-link\">Continuer la lecture de <span class=\"screen-reader-text\">La vocation \u00e0 s&rsquo;int\u00e9grer<\/span> <span class=\"meta-nav\">&rarr;<\/span><\/a><\/p>\n","protected":false},"author":2691,"featured_media":0,"comment_status":"closed","ping_status":"open","sticky":false,"template":"","format":"standard","meta":{"footnotes":""},"categories":[11],"tags":[],"class_list":["post-10273","post","type-post","status-publish","format-standard","hentry","category-ni-patrie-ni-frontiere"],"_links":{"self":[{"href":"https:\/\/fa86.noblogs.org\/index.php?rest_route=\/wp\/v2\/posts\/10273","targetHints":{"allow":["GET"]}}],"collection":[{"href":"https:\/\/fa86.noblogs.org\/index.php?rest_route=\/wp\/v2\/posts"}],"about":[{"href":"https:\/\/fa86.noblogs.org\/index.php?rest_route=\/wp\/v2\/types\/post"}],"author":[{"embeddable":true,"href":"https:\/\/fa86.noblogs.org\/index.php?rest_route=\/wp\/v2\/users\/2691"}],"replies":[{"embeddable":true,"href":"https:\/\/fa86.noblogs.org\/index.php?rest_route=%2Fwp%2Fv2%2Fcomments&post=10273"}],"version-history":[{"count":2,"href":"https:\/\/fa86.noblogs.org\/index.php?rest_route=\/wp\/v2\/posts\/10273\/revisions"}],"predecessor-version":[{"id":10275,"href":"https:\/\/fa86.noblogs.org\/index.php?rest_route=\/wp\/v2\/posts\/10273\/revisions\/10275"}],"wp:attachment":[{"href":"https:\/\/fa86.noblogs.org\/index.php?rest_route=%2Fwp%2Fv2%2Fmedia&parent=10273"}],"wp:term":[{"taxonomy":"category","embeddable":true,"href":"https:\/\/fa86.noblogs.org\/index.php?rest_route=%2Fwp%2Fv2%2Fcategories&post=10273"},{"taxonomy":"post_tag","embeddable":true,"href":"https:\/\/fa86.noblogs.org\/index.php?rest_route=%2Fwp%2Fv2%2Ftags&post=10273"}],"curies":[{"name":"wp","href":"https:\/\/api.w.org\/{rel}","templated":true}]}}