{"id":10300,"date":"2013-12-03T09:12:58","date_gmt":"2013-12-03T08:12:58","guid":{"rendered":"http:\/\/fa86.noblogs.org\/?p=10300"},"modified":"2013-12-03T09:12:58","modified_gmt":"2013-12-03T08:12:58","slug":"poitiers-greve-des-salarie-e-s-de-socotec","status":"publish","type":"post","link":"https:\/\/fa86.noblogs.org\/?p=10300","title":{"rendered":"[Poitiers] Gr\u00e8ve des salari\u00e9-e-s de Socotec"},"content":{"rendered":"<p style=\"text-align: justify\"><a href=\"http:\/\/www.lanouvellerepublique.fr\/Vienne\/Actualite\/Economie-social\/n\/Contenus\/Articles\/2013\/12\/03\/Les-Socotec-en-greve-pour-la-premiere-fois-1709424\" target=\"_blank\"><strong>Les \u00a0\u00bb Socotec \u00a0\u00bb en gr\u00e8ve pour la premi\u00e8re fois<\/strong><\/a><\/p>\n<p style=\"text-align: justify\">Leader dans le contr\u00f4le technique en b\u00e2timent, le groupe \u201c\u2009Socotec\u2009\u201d qui compte sept agences dans la r\u00e9gion a connu sa premi\u00e8re gr\u00e8ve en soixante\u00a0ans.<\/p>\n<p style=\"text-align: justify\">Dans les archives des mouvements sociaux poitevins, inutile de chercher \u00e0 la lettre S, le groupe Socotec. Jusqu&rsquo;\u00e0 hier, pas le moindre d\u00e9brayage ou gr\u00e8ve n&rsquo;avait \u00e9t\u00e9 organis\u00e9 au sein de ce groupe cr\u00e9\u00e9, il y a 60\u00a0ans\u2009! Pourtant ce sp\u00e9cialiste du contr\u00f4le technique dans le secteur du b\u00e2timent (construction-r\u00e9habilitation), qui compte 5.000\u00a0salari\u00e9s dont 4.400\u00a0dans l&rsquo;Hexagone a connu son premier mouvement de gr\u00e8ve, hier. En cause la nouvelle politique salariale de la direction.<\/p>\n<p style=\"text-align: justify\">L&rsquo;appel a \u00e9t\u00e9 lanc\u00e9 au plan national par l&rsquo;intersyndicale CFE-CGC, CFDT, CFTC et CGT. Il concernait les 200\u00a0agences du groupe, dont les sept implant\u00e9es dans la r\u00e9gion Poitou-Charentes et Limousin. Lesquelles comptent au total 87\u00a0salari\u00e9s. C&rsquo;est \u00e0 la Socotec Poitiers que les salari\u00e9s gr\u00e9vistes avaient d\u00e9cid\u00e9 de se rassembler. Hier en d\u00e9but d&rsquo;apr\u00e8s-midi, ils \u00e9taient une trentaine. 65\u2009% des effectifs (selon les syndicats), \u00ab\u00a0un tiers\u00a0\u00bb selon la direction, ont suivi le mouvement d\u00e9non\u00e7ant la remise en cause de certains de leurs acquis sociaux au 1<sup>er<\/sup>janvier 2015\u00a0et contre laquelle, ils ont entam\u00e9 une proc\u00e9dure \u00e0 Saint-Quentin-en-Yvelines, si\u00e8ge de la soci\u00e9t\u00e9. \u00ab\u00a0<i>La Socotec est sous le r\u00e9gime de la convention collective du B\u00e2timent et la direction ne veut plus appliquer certains des accords de cette convention comme les salaires minimaux, comme le gel de la prime d&rsquo;anciennet\u00e9. C&rsquo;est-\u00e0-dire qu&rsquo;un salari\u00e9 nouvellement embauch\u00e9 n&rsquo;aura jamais de prime\u00a0<\/i>\u00bb. Entre autres revendications, les salari\u00e9s gr\u00e9vistes r\u00e9clament aussi <i>\u00ab\u00a0le maintien des augmentations g\u00e9n\u00e9rales pour toutes les cat\u00e9gories\u00a0<\/i>\u00bb. Contact\u00e9, Philippe Grenier, directeur r\u00e9gional Poitou-Charentes et Limousin, a tenu \u00e0 pr\u00e9ciser qu&rsquo;il n&rsquo;a jamais \u00e9t\u00e9 question \u00ab\u00a0de sortir\u00a0\u00bb de cette convention collective \u00ab\u00a0<i>tr\u00e8s avantageuse\u00a0<\/i>\u00bb, souligne-t-il par rapport au code du Travail. \u00ab\u00a0<i>Nous allons donc reprendre la m\u00eame convention collective \u00e0 l&rsquo;exception de la prime d&rsquo;anciennet\u00e9. Elle est gel\u00e9e.\u00a0<\/i>\u00bb Ce mouvement d&rsquo;une journ\u00e9e pourrait \u00eatre suivi d&rsquo;autres actions ont indiqu\u00e9 les gr\u00e9vistes. \u00ab\u00a0<i>On en d\u00e9cidera \u00e0 l&rsquo;issue du prochain comit\u00e9 d&rsquo;entreprise qui aura lieu dans trois semaines.\u00a0<\/i>\u00bb<\/p>\n<p style=\"text-align: justify\"><em>Nouvelle R\u00e9publique, 3 d\u00e9cembre 2013<\/em><\/p>\n","protected":false},"excerpt":{"rendered":"<p>Les \u00a0\u00bb Socotec \u00a0\u00bb en gr\u00e8ve pour la premi\u00e8re fois Leader dans le contr\u00f4le technique en b\u00e2timent, le groupe \u201c\u2009Socotec\u2009\u201d qui compte sept agences dans la r\u00e9gion a connu sa premi\u00e8re gr\u00e8ve en soixante\u00a0ans. Dans les archives des mouvements sociaux poitevins, inutile de chercher \u00e0 la lettre S, le groupe Socotec. Jusqu&rsquo;\u00e0 hier, pas le &hellip; <a href=\"https:\/\/fa86.noblogs.org\/?p=10300\" class=\"more-link\">Continuer la lecture de <span class=\"screen-reader-text\">[Poitiers] Gr\u00e8ve des salari\u00e9-e-s de Socotec<\/span> <span class=\"meta-nav\">&rarr;<\/span><\/a><\/p>\n","protected":false},"author":2691,"featured_media":0,"comment_status":"closed","ping_status":"open","sticky":false,"template":"","format":"standard","meta":{"footnotes":""},"categories":[9],"tags":[],"class_list":["post-10300","post","type-post","status-publish","format-standard","hentry","category-la-rue-grogne"],"_links":{"self":[{"href":"https:\/\/fa86.noblogs.org\/index.php?rest_route=\/wp\/v2\/posts\/10300","targetHints":{"allow":["GET"]}}],"collection":[{"href":"https:\/\/fa86.noblogs.org\/index.php?rest_route=\/wp\/v2\/posts"}],"about":[{"href":"https:\/\/fa86.noblogs.org\/index.php?rest_route=\/wp\/v2\/types\/post"}],"author":[{"embeddable":true,"href":"https:\/\/fa86.noblogs.org\/index.php?rest_route=\/wp\/v2\/users\/2691"}],"replies":[{"embeddable":true,"href":"https:\/\/fa86.noblogs.org\/index.php?rest_route=%2Fwp%2Fv2%2Fcomments&post=10300"}],"version-history":[{"count":1,"href":"https:\/\/fa86.noblogs.org\/index.php?rest_route=\/wp\/v2\/posts\/10300\/revisions"}],"predecessor-version":[{"id":10301,"href":"https:\/\/fa86.noblogs.org\/index.php?rest_route=\/wp\/v2\/posts\/10300\/revisions\/10301"}],"wp:attachment":[{"href":"https:\/\/fa86.noblogs.org\/index.php?rest_route=%2Fwp%2Fv2%2Fmedia&parent=10300"}],"wp:term":[{"taxonomy":"category","embeddable":true,"href":"https:\/\/fa86.noblogs.org\/index.php?rest_route=%2Fwp%2Fv2%2Fcategories&post=10300"},{"taxonomy":"post_tag","embeddable":true,"href":"https:\/\/fa86.noblogs.org\/index.php?rest_route=%2Fwp%2Fv2%2Ftags&post=10300"}],"curies":[{"name":"wp","href":"https:\/\/api.w.org\/{rel}","templated":true}]}}