{"id":10333,"date":"2013-12-05T14:16:10","date_gmt":"2013-12-05T13:16:10","guid":{"rendered":"http:\/\/fa86.noblogs.org\/?p=10333"},"modified":"2013-12-05T14:21:51","modified_gmt":"2013-12-05T13:21:51","slug":"les-verts-et-le-nucleaire-la-farce-continue","status":"publish","type":"post","link":"https:\/\/fa86.noblogs.org\/?p=10333","title":{"rendered":"Les Verts et le nucl\u00e9aire, la farce continue"},"content":{"rendered":"<p style=\"text-align: justify\"><em><strong>NdPN<\/strong> : Les Verts semblent n&rsquo;avoir plus de limite dans la renonciation pour s&rsquo;accrocher \u00e0 des postes de pouvoir !\u00a0Confirmation sur RTL avec les propos d&rsquo;Emmanuelle Cosse\u00a0&#8211; nouvelle secr\u00e9taire nationale d&rsquo;Europe-Ecologie-Les Verts, dont on se demandait si elle irait dans le sens ou non de l&rsquo;alliance avec le PS. On a la r\u00e9ponse : \u00e0 peine d\u00e9sign\u00e9e, c&rsquo;est la confiance \u00e0 Ayrault sur \u00ab\u00a0l&rsquo;\u00e9cotaxe\u00a0\u00bb (qui n&rsquo;a rien d&rsquo;\u00e9cologique en elle-m\u00eame et sert surtout \u00e0 financer les routes) et la confiance \u00e0 Hollande sur le nucl\u00e9aire ! La priorit\u00e9 qui se d\u00e9gage dans son discours concerne surtout le maintien de son parti au pouvoir, aux c\u00f4t\u00e9s du PS. Pour le nucl\u00e9aire, \u00ab\u00a0mais moi je vous le dis franchement, ce n&rsquo;est pas la fermeture d&rsquo;une centrale qui fait qu&rsquo;on arrive \u00e0 la r\u00e9duction\u00a0\u00bb : ce qui transpara\u00eet clairement dans son discours, c&rsquo;est qu&rsquo;il ne s&rsquo;agit m\u00eame plus d&rsquo;exiger un arr\u00eat de centrale en activit\u00e9, mais de laisser le parc des centrales en l&rsquo;\u00e9tat. \u00ab\u00a0Fermer les centrales\u00a0\u00bb consiste \u00e0 attendre leur fermeture normale en fin d&rsquo;activit\u00e9 !\u00a0Quelle honte. La croissance de la consommation d&rsquo;\u00e9nergies n&rsquo;est pas remise en cause, bien au contraire il faudrait augmenter la production d&rsquo;\u00e9nergies, avec une plus grande part aux \u00e9nergies pr\u00e9tendument \u00ab\u00a0renouvelables\u00a0\u00bb (dont on sait pourtant qu&rsquo;elles polluent elles aussi) qui permettraient\u00a0math\u00e9matiquement une r\u00e9duction de la part du nucl\u00e9aire \u00e0 50%&#8230; et la poursuite de la marche au\u00a0productivisme capitaliste (et les \u00ab\u00a0emplois\u00a0\u00bb bien s\u00fbr). Mais qui peut encore voter vert ? Certainement pas les anarchistes, ni les anticapitalistes qui croient encore au vote,\u00a0ni les antinucl\u00e9aires, et encore moins les \u00ab\u00a0d\u00e9croissants\u00a0\u00bb ! A bas le nucl\u00e9aire, le capitalisme et la bureaucratie d&rsquo;EELV.<\/em><\/p>\n<p style=\"text-align: justify\"><a href=\"http:\/\/actu.voila.fr\/actualites\/politique\/2013\/12\/05\/eelv-doit-trouver-un-second-souffle-affirme-emmanuelle-cosse_16626721.html\" target=\"_blank\"><strong>EELV doit trouver \u00ab\u00a0un second souffle\u00a0\u00bb affirme Emmanuelle Cosse<\/strong><\/a><\/p>\n<p style=\"text-align: justify\">[&#8230;]<\/p>\n<p style=\"text-align: justify\">\u00ab\u00a0On a eu des moments beaucoup plus agr\u00e9ables avec des <strong>victoires \u00e9lectorales assez fortes, notamment aux europ\u00e9ennes ou aux r\u00e9gionales<\/strong>. On a eu <strong>une campagne pr\u00e9sidentielle<\/strong> difficile. La premi\u00e8re ann\u00e9e et demie de <strong>participation au gouvernement<\/strong> a connu des hauts et des bas et aujourd&rsquo;hui, il faut qu&rsquo;on trouve un <strong>second souffle pour notre parti<\/strong> et pour l&rsquo;\u00e9cologie <em>[<strong>NdPN<\/strong> : ah quand m\u00eame, le mot appara\u00eet, mais on voit bien les priorit\u00e9s !].<\/em> C&rsquo;est ce que nous demandent nos adh\u00e9rents\u00a0\u00bb, a d\u00e9clar\u00e9 Emmanuelle Cosse sur RTL.<\/p>\n<p style=\"text-align: justify\">[&#8230;]<\/p>\n<p style=\"text-align: justify\">\u00ab\u00a0Je ne pense pas qu&rsquo;Anne Lauvergeon sait de quoi elle parle exactement\u00a0\u00bb, a-t-elle ensuite d\u00e9clar\u00e9, invit\u00e9e \u00e0 r\u00e9agir aux propos de l&rsquo;ancienne patronne d&rsquo;Areva jugeant \u00ab\u00a0irr\u00e9aliste\u00a0\u00bb l&rsquo;objectif pr\u00e9sidentiel de r\u00e9duire \u00e0 50% la part du nucl\u00e9aire dans la production \u00e9lectrique fran\u00e7aise d&rsquo;ici \u00e0 2025.<\/p>\n<p style=\"text-align: justify\">\u00ab\u00a0L&rsquo;objectif de Fran\u00e7ois Hollande, c&rsquo;est ce que fait l&rsquo;Allemagne aujourd&rsquo;hui. <strong>Ce n&rsquo;est pas la fermeture d&rsquo;une centrale qui fait qu&rsquo;on arrive \u00e0 cette r\u00e9duction. C&rsquo;est surtout en augmentant la part des \u00e9nergies renouvelables\u00a0\u00bb,<\/strong> a-t-elle d\u00e9velopp\u00e9, rappelant que \u00ab\u00a0beaucoup (de centrales) vont arriver \u00e0 la limite d&rsquo;\u00e2ge de 40 ans\u00a0\u00bb.<\/p>\n<p style=\"text-align: justify\"><em>Extrait d&rsquo;une d\u00e9p\u00eache AFP du 5 d\u00e9cembre 2013<\/em><\/p>\n","protected":false},"excerpt":{"rendered":"<p>NdPN : Les Verts semblent n&rsquo;avoir plus de limite dans la renonciation pour s&rsquo;accrocher \u00e0 des postes de pouvoir !\u00a0Confirmation sur RTL avec les propos d&rsquo;Emmanuelle Cosse\u00a0&#8211; nouvelle secr\u00e9taire nationale d&rsquo;Europe-Ecologie-Les Verts, dont on se demandait si elle irait dans le sens ou non de l&rsquo;alliance avec le PS. On a la r\u00e9ponse : \u00e0 &hellip; <a href=\"https:\/\/fa86.noblogs.org\/?p=10333\" class=\"more-link\">Continuer la lecture de <span class=\"screen-reader-text\">Les Verts et le nucl\u00e9aire, la farce continue<\/span> <span class=\"meta-nav\">&rarr;<\/span><\/a><\/p>\n","protected":false},"author":2691,"featured_media":0,"comment_status":"closed","ping_status":"open","sticky":false,"template":"","format":"standard","meta":{"footnotes":""},"categories":[25,18,8],"tags":[],"class_list":["post-10333","post","type-post","status-publish","format-standard","hentry","category-antinucleaire","category-decroissance-libertaire","category-ecrits"],"_links":{"self":[{"href":"https:\/\/fa86.noblogs.org\/index.php?rest_route=\/wp\/v2\/posts\/10333","targetHints":{"allow":["GET"]}}],"collection":[{"href":"https:\/\/fa86.noblogs.org\/index.php?rest_route=\/wp\/v2\/posts"}],"about":[{"href":"https:\/\/fa86.noblogs.org\/index.php?rest_route=\/wp\/v2\/types\/post"}],"author":[{"embeddable":true,"href":"https:\/\/fa86.noblogs.org\/index.php?rest_route=\/wp\/v2\/users\/2691"}],"replies":[{"embeddable":true,"href":"https:\/\/fa86.noblogs.org\/index.php?rest_route=%2Fwp%2Fv2%2Fcomments&post=10333"}],"version-history":[{"count":5,"href":"https:\/\/fa86.noblogs.org\/index.php?rest_route=\/wp\/v2\/posts\/10333\/revisions"}],"predecessor-version":[{"id":10339,"href":"https:\/\/fa86.noblogs.org\/index.php?rest_route=\/wp\/v2\/posts\/10333\/revisions\/10339"}],"wp:attachment":[{"href":"https:\/\/fa86.noblogs.org\/index.php?rest_route=%2Fwp%2Fv2%2Fmedia&parent=10333"}],"wp:term":[{"taxonomy":"category","embeddable":true,"href":"https:\/\/fa86.noblogs.org\/index.php?rest_route=%2Fwp%2Fv2%2Fcategories&post=10333"},{"taxonomy":"post_tag","embeddable":true,"href":"https:\/\/fa86.noblogs.org\/index.php?rest_route=%2Fwp%2Fv2%2Ftags&post=10333"}],"curies":[{"name":"wp","href":"https:\/\/api.w.org\/{rel}","templated":true}]}}