{"id":10367,"date":"2013-12-08T12:20:45","date_gmt":"2013-12-08T11:20:45","guid":{"rendered":"http:\/\/fa86.noblogs.org\/?p=10367"},"modified":"2013-12-08T12:20:45","modified_gmt":"2013-12-08T11:20:45","slug":"86-emploi-local-le-dernier-argument-bidon-du-center-parcs-explose-au-decollage","status":"publish","type":"post","link":"https:\/\/fa86.noblogs.org\/?p=10367","title":{"rendered":"[86] \u00ab\u00a0Emploi local\u00a0\u00bb : le dernier argument bidon du Center Parcs explose au d\u00e9collage"},"content":{"rendered":"<p style=\"text-align: justify\"><em><strong>NdPN<\/strong> : qui peut se r\u00e9jouir de la cr\u00e9ation d&rsquo;un Center Parcs dans la Vienne ? Environnement d\u00e9moli \u00e0 coups de pelleteuses, divertissement bidon, emplois pourris&#8230; le seul argument qui pouvait encore faire adh\u00e9rer les gens avec qui nous avons pu en discuter, c&rsquo;\u00e9tait \u00ab\u00a0l&#8217;emploi local\u00a0\u00bb. Pour notre part, on s&rsquo;en foutait un peu que l&#8217;emploi soit local ou pas, tant ces emplois nous semblent aussi peu enviables que d&rsquo;autres emplois tout aussi ali\u00e9nants, et seulement destin\u00e9s au profit du groupe capitaliste Pierre&amp;Vacances. Mais voil\u00e0, \u00e7a pouvait quand m\u00eame redonner espoir aux ch\u00f4meur.euse.s de la Vienne faisant la queue \u00e0 P\u00f4le Emploi. La r\u00e9alit\u00e9 a rattrap\u00e9 les discours bidons des politiciens qui ont subventionn\u00e9 \u00e0 tour de bras le groupe capitaliste \u00e0 coup de millions d&rsquo;argent public. Et la presse, qui n&rsquo;a cess\u00e9 de reprendre cet argument moisi de l&#8217;emploi, de trouver \u00e7a \u00ab\u00a0acceptable\u00a0\u00bb&#8230;<\/em><\/p>\n<p style=\"text-align: justify\"><a href=\"http:\/\/www.lanouvellerepublique.fr\/Vienne\/Actualite\/Economie-social\/n\/Contenus\/Articles\/2013\/12\/08\/Les-vraies-retombees-de-Center-Parcs-1716938\" target=\"_blank\"><strong>Les vraies retomb\u00e9es de Center Parcs<\/strong><\/a><\/p>\n<p style=\"text-align: justify\">Le futur village de vacances n\u2019apportera sans doute pas autant \u00e0 la Vienne qu\u2019on avait pu l\u2019esp\u00e9rer au tout d\u00e9but du projet.<\/p>\n<p style=\"text-align: justify\">Le 15\u00a0novembre dernier, pour la pose de la \u00ab\u00a0premi\u00e8re planche\u00a0\u00bb du futur Center Parcs des Trois-Moutiers, Claude Bertaud rappelait les retomb\u00e9es esp\u00e9r\u00e9es pour le d\u00e9partement\u2009: \u00ab<i>\u00a085\u2009% des march\u00e9s d\u00e9j\u00e0 attribu\u00e9s vont \u00e0 des entreprises de la Vienne ou de la r\u00e9gion\u00a0<\/i>\u00bb et \u00ab<i>\u00a085\u2009% des 600\u00a0emplois \u00e0 venir seront r\u00e9serv\u00e9s \u00e0 des r\u00e9sidents de la Vienne\u00a0<\/i>\u00bb.<\/p>\n<p style=\"text-align: justify\">Depuis, les choses ont relativement \u00e9volu\u00e9. Certes, le Center Parcs reste une excellente affaire pour la Vienne. Mais le d\u00e9partement, qui a beaucoup donn\u00e9 pour que le projet voie le jour, ne sera pas, loin de l\u00e0, le seul \u00e0 en b\u00e9n\u00e9ficier.<\/p>\n<p style=\"text-align: justify\"><b>Le protocole sur les emplois locaux est caduc<\/b><\/p>\n<p style=\"text-align: justify\">Le pr\u00e9sident du conseil g\u00e9n\u00e9ral \u00e9voque \u00e0 juste titre \u00ab\u00a0la Vienne et sa r\u00e9gion\u00a0\u00bb en parlant des premiers lots attribu\u00e9s (toute la partie cottages, y compris la voirie, les r\u00e9seaux, les cl\u00f4tures\u2026)\u2009: si les entreprises du d\u00e9partement se sont bien d\u00e9brouill\u00e9es, elles ont d\u00fb s&rsquo;associer \u00e0 bon nombre de candidats des d\u00e9partements voisins. Par exemple, sur sept intervenants sur le march\u00e9 des charpentes, cinq viennent des Deux-S\u00e8vres, du Maine-et-Loire ou d&rsquo;Indre-et-Loire. Le chiffre de 85\u2009% n&rsquo;est d&rsquo;ailleurs plus d&rsquo;actualit\u00e9. Il y a quelques jours a \u00e9t\u00e9 attribu\u00e9 le march\u00e9 des \u00e9quipements collectifs du parc de loisirs, dont l&rsquo;Aqua Mundo, le centre aquatique dont les Center Parcs ont fait leur image de marque. Un immeuble de 135\u00a0millions d&rsquo;euros, propri\u00e9t\u00e9 d&rsquo;une soci\u00e9t\u00e9 d&rsquo;\u00e9conomie mixte dont le conseil g\u00e9n\u00e9ral est un pivot \u00e0 hauteur de 37,3\u00a0millions. Or c&rsquo;est une entreprise de Moselle, Demathieu Bard (DB), pr\u00e9sente en r\u00e9gion nantaise, qui a obtenu ce juteux contrat, face \u00e0 un groupement d&rsquo;entreprises de la Vienne et une PME tourangelle. DB, dont personne d&rsquo;ailleurs ne conteste la comp\u00e9tence, est accompagn\u00e9e pour une petite part par une entreprise r\u00e9gionale, Legrand b\u00e2tisseurs, bas\u00e9e \u00e0 Niort. DB pourrait encore sous-traiter une partie du march\u00e9 \u00e0 des PME de la Vienne. L&rsquo;entreprise mosellane confirme que des contacts en ce sens ont \u00e9t\u00e9 pris. A l&rsquo;heure actuelle, la \u00ab\u00a0part\u00a0\u00bb totale des entreprises r\u00e9gionales est estim\u00e9e par le conseil g\u00e9n\u00e9ral \u00e0 70\u2009%, ce qui situerait celle de la Vienne aux alentours de 40\u00a0\u00e0 50\u2009%. Ce qui n&rsquo;est d\u00e9j\u00e0 pas si mal. Reste que Center Parcs est bel et bien dans la Vienne et en constituera un acteur \u00e9conomique et social important. Aux termes d&rsquo;un protocole d&rsquo;accord sign\u00e9 en 2010\u00a0avec Pierre &amp; Vacances, 85\u2009% des 600\u00a0futurs\u00a0emplois (dont les deux tiers \u00e0 temps plein) auraient d\u00fb \u00eatre pourvus par des r\u00e9sidents de la Vienne. L\u00e0 encore, il y a loin de la coupe aux l\u00e8vres. Un amendement parlementaire vot\u00e9 d\u00e9but novembre en premi\u00e8re lecture introduit dans la loi la notion de \u00ab\u00a0discrimination \u00e0 l&rsquo;adresse\u00a0\u00bb. Impossible d\u00e9sormais de privil\u00e9gier tel ou tel candidat en fonction de son domicile. A mots \u00e0 peine couverts, tant le conseil g\u00e9n\u00e9ral que Pierre &amp; Vacances reconnaissent que le protocole est devenu caduc (lire ci-dessous). L\u00e0 encore, la Vienne devra sans doute se r\u00e9soudre \u00e0 conc\u00e9der \u00e0 ses voisines une place plus grande que ce qu&rsquo;elle escomptait initialement.<\/p>\n<p style=\"text-align: justify\"><em>Vincent Buche, Nouvelle R\u00e9publique, 8 d\u00e9cembre 2013<\/em><\/p>\n<p style=\"text-align: justify\"><a href=\"http:\/\/www.lanouvellerepublique.fr\/Vienne\/Loisirs\/24H\/n\/Contenus\/Articles\/2013\/12\/08\/Le-departement-mise-sur-la-formation-1716475http:\/\/www.lanouvellerepublique.fr\/Vienne\/Loisirs\/24H\/n\/Contenus\/Articles\/2013\/12\/08\/Le-departement-mise-sur-la-formation-1716475\" target=\"_blank\"><strong>Le d\u00e9partement mise sur la formation<\/strong><\/a><\/p>\n<p style=\"text-align: justify\">Le protocole pr\u00e9voyant que 85\u2009% des salari\u00e9s de Center Parcs soient des r\u00e9sidents de la Vienne a v\u00e9cu. Il n&rsquo;\u00e9tait pas tr\u00e8s bien parti. C&rsquo;est \u00e0 P\u00f4le emploi qu&rsquo;on avait commenc\u00e9 \u00e0 froncer les sourcils\u2009: <i>\u00ab\u00a0J&rsquo;ai toujours dit que le protocole sign\u00e9 entre les deux institutions ne nous concerne pas, <\/i>indique Margot Cantero, directrice d\u00e9partementale de P\u00f4le emploi.<i> En ce qui nous concerne, nous ne ferons pas de discrimination \u00e0 l&rsquo;adresse. Nous recevrons tous les candidats, qu&rsquo;ils soient ou non demandeurs d&#8217;emploi. L&#8217;employeur fera ses choix. Cela ne veut pas dire que je ne serais pas enchant\u00e9e que des demandeurs d&#8217;emploi de la Vienne trouvent du travail gr\u00e2ce \u00e0 Center Parcs.\u00a0\u00bb<\/i> De son c\u00f4t\u00e9, Pierre &amp; Vacances rappelle que<i> \u00ab\u00a0l&rsquo;objectif partag\u00e9 est de <\/i>\u00ab\u00a0\u2009<i>faciliter\u2009<\/i>\u00ab\u00a0<i> aux r\u00e9sidents de la Vienne et aux demandeurs d&#8217;emploi l&rsquo;acc\u00e8s aux emplois cr\u00e9\u00e9s par Center Parcs\u00a0\u00bb. <\/i>En Picardie, en 2007, 87\u2009% des emplois avaient \u00e9t\u00e9 recrut\u00e9s dans la r\u00e9gion\u2009; en 2010, en Moselle, la part des salari\u00e9s issus du d\u00e9partement a \u00e9t\u00e9 de 70\u2009%. <i>\u00ab\u00a0Il va de soi, <\/i>pr\u00e9cise cependant l&#8217;employeur, <i>que toutes les candidatures seront examin\u00e9es quel que soit le lieu de r\u00e9sidence des candidats, et ce, ind\u00e9pendamment du projet de loi.\u00a0\u00bb<\/i> C\u00f4t\u00e9 D\u00e9partement, par la bouche de Guillaume de Russ\u00e9, vice-pr\u00e9sident du conseil g\u00e9n\u00e9ral, on fait contre mauvaise fortune bon c\u0153ur\u2009: <i>\u00ab\u00a0Cette clause, nous l&rsquo;avions effectivement pos\u00e9e pour tendre vers 85\u2009% d&#8217;emplois recrut\u00e9s dans la Vienne. La loi s&rsquo;imposera \u00e0 nous et bien \u00e9videmment nous la respecterons. Cela dit, nous avons pass\u00e9 un accord avec la r\u00e9gion pour la formation. La r\u00e9gion formera donc des gens originaires des quatre d\u00e9partements. On peut simplement esp\u00e9rer que, lorsqu&rsquo;il y aura l&rsquo;ouverture des postes, les personnes les mieux form\u00e9es seront choisies en toute transparence.\u00a0\u00bb<\/i> Autrement dit, si les habitants de la Vienne sont retenus, ce ne sera pas parce qu&rsquo;ils habitent dans ce d\u00e9partement mais parce qu&rsquo;ils sont les meilleurs, ce qui est tout de m\u00eame plus acceptable.<\/p>\n<p style=\"text-align: justify\"><em>V. B., Nouvelle R\u00e9publique, 8 d\u00e9cembre 2013<\/em><\/p>\n","protected":false},"excerpt":{"rendered":"<p>NdPN : qui peut se r\u00e9jouir de la cr\u00e9ation d&rsquo;un Center Parcs dans la Vienne ? Environnement d\u00e9moli \u00e0 coups de pelleteuses, divertissement bidon, emplois pourris&#8230; le seul argument qui pouvait encore faire adh\u00e9rer les gens avec qui nous avons pu en discuter, c&rsquo;\u00e9tait \u00ab\u00a0l&#8217;emploi local\u00a0\u00bb. Pour notre part, on s&rsquo;en foutait un peu que &hellip; <a href=\"https:\/\/fa86.noblogs.org\/?p=10367\" class=\"more-link\">Continuer la lecture de <span class=\"screen-reader-text\">[86] \u00ab\u00a0Emploi local\u00a0\u00bb : le dernier argument bidon du Center Parcs explose au d\u00e9collage<\/span> <span class=\"meta-nav\">&rarr;<\/span><\/a><\/p>\n","protected":false},"author":2691,"featured_media":0,"comment_status":"closed","ping_status":"open","sticky":false,"template":"","format":"standard","meta":{"footnotes":""},"categories":[26,18,21,8,7],"tags":[],"class_list":["post-10367","post","type-post","status-publish","format-standard","hentry","category-construction-du-desert","category-decroissance-libertaire","category-desinformation-bourgeoise","category-ecrits","category-propagande-marchande"],"_links":{"self":[{"href":"https:\/\/fa86.noblogs.org\/index.php?rest_route=\/wp\/v2\/posts\/10367","targetHints":{"allow":["GET"]}}],"collection":[{"href":"https:\/\/fa86.noblogs.org\/index.php?rest_route=\/wp\/v2\/posts"}],"about":[{"href":"https:\/\/fa86.noblogs.org\/index.php?rest_route=\/wp\/v2\/types\/post"}],"author":[{"embeddable":true,"href":"https:\/\/fa86.noblogs.org\/index.php?rest_route=\/wp\/v2\/users\/2691"}],"replies":[{"embeddable":true,"href":"https:\/\/fa86.noblogs.org\/index.php?rest_route=%2Fwp%2Fv2%2Fcomments&post=10367"}],"version-history":[{"count":2,"href":"https:\/\/fa86.noblogs.org\/index.php?rest_route=\/wp\/v2\/posts\/10367\/revisions"}],"predecessor-version":[{"id":10369,"href":"https:\/\/fa86.noblogs.org\/index.php?rest_route=\/wp\/v2\/posts\/10367\/revisions\/10369"}],"wp:attachment":[{"href":"https:\/\/fa86.noblogs.org\/index.php?rest_route=%2Fwp%2Fv2%2Fmedia&parent=10367"}],"wp:term":[{"taxonomy":"category","embeddable":true,"href":"https:\/\/fa86.noblogs.org\/index.php?rest_route=%2Fwp%2Fv2%2Fcategories&post=10367"},{"taxonomy":"post_tag","embeddable":true,"href":"https:\/\/fa86.noblogs.org\/index.php?rest_route=%2Fwp%2Fv2%2Ftags&post=10367"}],"curies":[{"name":"wp","href":"https:\/\/api.w.org\/{rel}","templated":true}]}}