{"id":10577,"date":"2014-01-06T09:39:47","date_gmt":"2014-01-06T08:39:47","guid":{"rendered":"http:\/\/fa86.noblogs.org\/?p=10577"},"modified":"2014-01-06T09:39:47","modified_gmt":"2014-01-06T08:39:47","slug":"poitiers-autodefense-contre-la-repression","status":"publish","type":"post","link":"https:\/\/fa86.noblogs.org\/?p=10577","title":{"rendered":"[Poitiers] Autod\u00e9fense contre la r\u00e9pression !"},"content":{"rendered":"<div id=\"summary\" style=\"text-align: justify\">\n<p><a href=\"https:\/\/nantes.indymedia.org\/articles\/28709\" target=\"_blank\"><strong>[Poitiers] Autod\u00e9fense contre la r\u00e9pression !<\/strong><\/a><\/p>\n<p>\u00c0 Poitiers,\u00a0 trois cent personnes ont d\u00e9fil\u00e9 dans les rues du centre-ville pour\u00a0 rendre hommage \u00e0 Cl\u00e9ment et exprimer leur rejet de l&rsquo;extr\u00eame-droite et\u00a0 de ses id\u00e9es. \u00c0 l&rsquo;issue de cette manifestation, la police de Poitiers,\u00a0 pr\u00e9textant un outrage (provoqu\u00e9 par un slogan : \u00ab\u00a0Flics porcs\u00a0 assassins\u00a0\u00bb), a plac\u00e9 deux personnes en garde-\u00e0-vue. La premi\u00e8re personne\u00a0 a d\u00e9j\u00e0 \u00e9t\u00e9 reconnue coupable d&rsquo;outrage et s&rsquo;est vue condamn\u00e9e \u00e0 une\u00a0 amende. La deuxi\u00e8me passe en proc\u00e8s le 7 janvier prochain \u00e0 16 heures au\u00a0 palais de justice de Poitiers &#8211; l&rsquo;audience est publique, si vous avez\u00a0 un peu de temps, venez voir comment on rend la justice, c&rsquo;est riche\u00a0 d&rsquo;enseignement&#8230;<\/p>\n<\/div>\n<div style=\"text-align: justify\">\n<p>Le 5 juin dernier, Cl\u00e9ment, un militant anticapitaliste et anti-autoritaire, \u00e9tait tu\u00e9 \u00e0 Paris par un fasciste. Le lendemain, des manifestations ont eu lieu dans plusieurs villes de France. \u00c0 Poitiers, trois cent personnes ont d\u00e9fil\u00e9 dans les rues du centre-ville pour rendre hommage \u00e0 Cl\u00e9ment et exprimer leur rejet de l&rsquo;extr\u00eame-droite et de ses id\u00e9es. \u00c0 l&rsquo;issue de cette manifestation, la police de Poitiers, pr\u00e9textant un outrage (provoqu\u00e9 par un slogan : \u00ab\u00a0Flics porcs assassins\u00a0\u00bb), a plac\u00e9 deux personnes en garde-\u00e0-vue. La premi\u00e8re personne a d\u00e9j\u00e0 \u00e9t\u00e9 reconnue coupable d&rsquo;outrage et s&rsquo;est vue condamn\u00e9e \u00e0 une amende. La deuxi\u00e8me passe en proc\u00e8s le 7 janvier prochain \u00e0 16 heures au palais de justice de Poitiers &#8211; l&rsquo;audience est publique, si vous avez un peu de temps, venez voir comment on rend la justice, c&rsquo;est riche d&rsquo;enseignement&#8230;<\/p>\n<p>Nous, collectif autonome s&rsquo;organisant pour l&rsquo;abolition de toutes les formes d&rsquo;exploitation et de domination, appelons \u00e0 la solidarit\u00e9 avec le copain qui passe en proc\u00e8s, et avec toutes les personnes qui font face \u00e0 la r\u00e9pression et l&rsquo;enfermement. Ce proc\u00e8s constitue une nouvelle tentative de briser les gens qui tentent de lutter en dehors des cadres institutionnels. Car, malgr\u00e9 les discours pacificateurs et le cat\u00e9chisme social-lib\u00e9ral, des gens prennent acte de la guerre quotidienne et diffuse qui leur est faite et tentent de riposter en cons\u00e9quence. Les classes dominantes, leurs avatars parlementaires et leurs chiens de garde en uniforme, utilisent tous les jouets l\u00e9gaux \u00e0 leur disposition pour les faire rentrer dans les rangs. Pas question de se laisser faire, ni de se laisser crever \u00e0 petit feu.<\/p>\n<p>Organisons-nous et d\u00e9truisons ce qui nous d\u00e9truit !<\/p>\n<p><em>Vu sur Indymedia Nantes, 6 janvier 2014<\/em><\/p>\n<\/div>\n","protected":false},"excerpt":{"rendered":"<p>[Poitiers] Autod\u00e9fense contre la r\u00e9pression ! \u00c0 Poitiers,\u00a0 trois cent personnes ont d\u00e9fil\u00e9 dans les rues du centre-ville pour\u00a0 rendre hommage \u00e0 Cl\u00e9ment et exprimer leur rejet de l&rsquo;extr\u00eame-droite et\u00a0 de ses id\u00e9es. \u00c0 l&rsquo;issue de cette manifestation, la police de Poitiers,\u00a0 pr\u00e9textant un outrage (provoqu\u00e9 par un slogan : \u00ab\u00a0Flics porcs\u00a0 assassins\u00a0\u00bb), a plac\u00e9 &hellip; <a href=\"https:\/\/fa86.noblogs.org\/?p=10577\" class=\"more-link\">Continuer la lecture de <span class=\"screen-reader-text\">[Poitiers] Autod\u00e9fense contre la r\u00e9pression !<\/span> <span class=\"meta-nav\">&rarr;<\/span><\/a><\/p>\n","protected":false},"author":2691,"featured_media":0,"comment_status":"closed","ping_status":"open","sticky":false,"template":"","format":"standard","meta":{"footnotes":""},"categories":[16,4],"tags":[],"class_list":["post-10577","post","type-post","status-publish","format-standard","hentry","category-repression","category-se-trouver"],"_links":{"self":[{"href":"https:\/\/fa86.noblogs.org\/index.php?rest_route=\/wp\/v2\/posts\/10577","targetHints":{"allow":["GET"]}}],"collection":[{"href":"https:\/\/fa86.noblogs.org\/index.php?rest_route=\/wp\/v2\/posts"}],"about":[{"href":"https:\/\/fa86.noblogs.org\/index.php?rest_route=\/wp\/v2\/types\/post"}],"author":[{"embeddable":true,"href":"https:\/\/fa86.noblogs.org\/index.php?rest_route=\/wp\/v2\/users\/2691"}],"replies":[{"embeddable":true,"href":"https:\/\/fa86.noblogs.org\/index.php?rest_route=%2Fwp%2Fv2%2Fcomments&post=10577"}],"version-history":[{"count":2,"href":"https:\/\/fa86.noblogs.org\/index.php?rest_route=\/wp\/v2\/posts\/10577\/revisions"}],"predecessor-version":[{"id":10579,"href":"https:\/\/fa86.noblogs.org\/index.php?rest_route=\/wp\/v2\/posts\/10577\/revisions\/10579"}],"wp:attachment":[{"href":"https:\/\/fa86.noblogs.org\/index.php?rest_route=%2Fwp%2Fv2%2Fmedia&parent=10577"}],"wp:term":[{"taxonomy":"category","embeddable":true,"href":"https:\/\/fa86.noblogs.org\/index.php?rest_route=%2Fwp%2Fv2%2Fcategories&post=10577"},{"taxonomy":"post_tag","embeddable":true,"href":"https:\/\/fa86.noblogs.org\/index.php?rest_route=%2Fwp%2Fv2%2Ftags&post=10577"}],"curies":[{"name":"wp","href":"https:\/\/api.w.org\/{rel}","templated":true}]}}