{"id":10634,"date":"2014-01-10T10:49:43","date_gmt":"2014-01-10T09:49:43","guid":{"rendered":"http:\/\/fa86.noblogs.org\/?p=10634"},"modified":"2014-01-10T11:22:10","modified_gmt":"2014-01-10T10:22:10","slug":"poitiers-cirque-electoral-cest-parti","status":"publish","type":"post","link":"https:\/\/fa86.noblogs.org\/?p=10634","title":{"rendered":"[Poitiers] Cirque \u00e9lectoral, c&rsquo;est parti&#8230;"},"content":{"rendered":"<p style=\"text-align: justify\">Nous avions \u00e9vit\u00e9 jusqu&rsquo;ici d&rsquo;\u00e9voquer ce consternant sujet des \u00e9lections, d\u00e9sormais quotidien dans les m\u00e9dias locaux, car pour nous la lutte est quotidienne, et le monde ne se change pas en d\u00e9signant des gens pour d\u00e9cider \u00e0 notre place. D&rsquo;autant plus quand il s&rsquo;agit de mandats repr\u00e9sentatifs, ayant carte blanche pour d\u00e9cider pendant une p\u00e9riode fixe, et irr\u00e9vocables. Mais face au d\u00e9ferlement de propagande \u00e9lectoraliste dans les m\u00e9dias et dans l&rsquo;espace public, une petite mise au point s&rsquo;impose.<\/p>\n<p style=\"text-align: justify\"><img loading=\"lazy\" decoding=\"async\" class=\"alignnone\" alt=\"\" src=\"http:\/\/www.vivrelibre.lautre.net\/abstention-election-2012\/abstention_active.jpg\" width=\"600\" height=\"335\" \/><\/p>\n<p style=\"text-align: justify\">D\u00e9signer quel candidat\/e, pour quel programme qu&rsquo;il\/elle ne sera de toute fa\u00e7on pas tenu.e d&rsquo;appliquer ?<\/p>\n<p style=\"text-align: justify\">Pour la droite lib\u00e9rale, les candidat.e.s en lice pour les municipales 2014 \u00e0 Poitiers sont donc un prof de fac (PS ralli\u00e9 par le PCF), qui se flatte de porter plainte contre le moindre tag et de ne pas laisser passer un seul d\u00e9lit, et donc on n&rsquo;\u00e9voquera pas une \u00e9ni\u00e8me fois ici le sinistre bilan de gentrification de\u00a0Poitiers ; toujours\u00a0\u00e0 droite, une profession lib\u00e9rale cadre sup UMP pour la vid\u00e9osurveillance dans les rues de Poitiers et d&rsquo;autres propositions path\u00e9tiques telles qu&rsquo;un festival des lumi\u00e8res ;\u00a0un chef d&rsquo;entreprise \u00ab\u00a0centriste\u00a0\u00bb\u00a0lui aussi pour la vid\u00e9osurveillance, pour la promotion de cette fameuse \u00ab\u00a0\u00e9conomie num\u00e9rique\u00a0\u00bb rel\u00e9guant Big Brother au placard des ringards, et un projet fumeux de t\u00e9l\u00e9ph\u00e9rique urbain \u00ab\u00a0Aerolis\u00a0\u00bb ; et bien s\u00fbr, dans le r\u00f4le du FN bien naus\u00e9abond, un ancien flic \u00e0 la retraite qui appelle \u00e0 la \u00ab\u00a0tol\u00e9rance z\u00e9ro\u00a0\u00bb contre les \u00ab\u00a0marginaux\u00a0\u00bb, entre autres ind\u00e9sirables (le \u00ab\u00a0communautarisme\u00a0\u00bb a bon dos&#8230;).<\/p>\n<p style=\"text-align: justify\">Quant aux listes que l&rsquo;on peut encore qualifier de \u00ab\u00a0gauche\u00a0\u00bb, des camarades aupr\u00e8s desquel.le.s nous luttons nous d\u00e9clarent parfois qu&rsquo;ils vont voter pour elles. Voyons cela. Nous avons donc un prof, qui se dit pour \u00ab\u00a0la planification de la soci\u00e9t\u00e9\u00a0\u00bb et\u00a0qui se pr\u00e9sente pour LO, un parti aspirant \u00e0 la dictature \u00ab\u00a0du\u00a0\u00bb (sur le ?)\u00a0prol\u00e9tariat. Ce\u00a0parti l\u00e9niniste aux relents autoritaires n&rsquo;a pourtant rien d&rsquo;anticapitaliste : il se contente de parler de hausse de salaires, de taxation du capital et de publication des comptes d&rsquo;entreprise&#8230; mais pas d&rsquo;abolition du salariat ni de l&rsquo;Etat, au pouvoir duquel il aspire.<\/p>\n<p style=\"text-align: justify\">Nous avons aussi une inspectrice des finances publiques pour une liste \u00ab\u00a0rouges-verts\u00a0\u00bb h\u00e9t\u00e9roclite id\u00e9ologiquement. Elle est adh\u00e9rente \u00e0 l&rsquo;in\u00e9narrable organisation \u00ab\u00a0\u00e9cologiste\u00a0\u00bb EELV toujours au gouvernement, dont on ne compte plus les renoncements d\u00e9gueulasses. Candidate\u00a0qui ne parle gu\u00e8re d&rsquo;anticapitalisme, mais veut \u00ab\u00a0redonner l&rsquo;envie de voter et de lutter contre l&rsquo;abstention\u00a0\u00bb.<\/p>\n<p style=\"text-align: justify\">Mettre un bulletin dans l&rsquo;urne dans le cadre d&rsquo;un syst\u00e8me repr\u00e9sentativiste, c&rsquo;est cautionner la d\u00e9possession politique, l&rsquo;irr\u00e9vocabilit\u00e9 des mandat\u00e9s et\u00a0le non-contr\u00f4le des mandats. Camarades, vous qui pour la plupart vous dites pour une \u00ab\u00a0d\u00e9mocratie directe\u00a0\u00bb, acceptez-vous cela ? Pour nous, il n&rsquo;est pas question de donner blanc seing \u00e0 quiconque pr\u00e9tendrait nous repr\u00e9senter, ni de passer par l&rsquo;interm\u00e9diaire d&rsquo;une structure autoritaire accaparant les d\u00e9cisions. Ce n&rsquo;est pas une question d&rsquo;attitude \u00ab\u00a0extr\u00e9miste\u00a0\u00bb, \u00ab\u00a0puriste\u00a0\u00bb ou \u00ab\u00a0irr\u00e9aliste\u00a0\u00bb (nous avons l&rsquo;habitude des qualificatifs sympathiques), mais de r\u00e9alisme et de bon sens. Pour lutter contre la d\u00e9possession \u00e9conomique, le premier des gestes politiques est de ne pas cautionner la d\u00e9possession politique, ni la sienne&#8230; ni celle des autres. Camarades,\u00a0voter n&rsquo;est pas seulement inutile, voter ne valide pas\u00a0seulement la d\u00e9possession et la d\u00e9responsabilisation collective qui sont au fondement du capitalisme. Voter, c&rsquo;est donner du poids \u00e0 la pseudo-l\u00e9gitimit\u00e9 du pouvoir politique, c&rsquo;est cautionner l&rsquo;asservissement de celles et ceux qui n&rsquo;ont pas vot\u00e9 comme vous, et de celles et ceux qui comme nous se passeraient volontiers\u00a0de \u00a0repr\u00e9sentant.e.s et de chefs et en avons marre de nous faire r\u00e9primer la gueule par les \u00e9lu.e.s \u00ab\u00a0d\u00e9mocratiques\u00a0\u00bb qui nous envoient leurs flics et leurs juges.<\/p>\n<p style=\"text-align: justify\">Le vote n&rsquo;a jamais rien apport\u00e9 dans l&rsquo;histoire des droits sociaux. C&rsquo;est peut-\u00eatre triste de devoir encore\u00a0rappeler cette \u00e9vidence historique \u00e0 des militant.e.s sinc\u00e8res, mais les droits sociaux n&rsquo;ont \u00e9t\u00e9 conquis que par les luttes d\u00e9bordant les partis et les bureaucraties syndicales, jamais dans l&rsquo;enceinte de parlements nationaux ou locaux. Alternatives r\u00e9elles et\u00a0luttes contre toute forme de domination ont toujours pass\u00e9, passent et passeront toujours\u00a0par l&rsquo;organisation autonome, libre et vivante des opprim\u00e9.e.s et exploit\u00e9.e.s. Ici et maintenant, \u00e0 rebours de toute pr\u00e9tention aussi grotesque que dangereuse des politiciens\u00a0\u00e0\u00a0gouverner, guider, diriger, planifier\u00a0pour les autres. Ne repr\u00e9sentons que nous-m\u00eames\u00a0: nous\u00a0n&rsquo;avons besoin d&rsquo;aucun.e \u00e9lu.e pour nous organiser. Refusons \u00e0\u00a0quiconque la pseudo-l\u00e9gitimit\u00e9 de nous plier \u00e0 des d\u00e9cisions qui ne sont pas les n\u00f4tres.<\/p>\n<p style=\"text-align: justify\">Pas d&rsquo;\u00e9lu.e.s, des luttes !<\/p>\n<p style=\"text-align: justify\"><em>Pavillon Noir, 10 janvier 2014<\/em><\/p>\n","protected":false},"excerpt":{"rendered":"<p>Nous avions \u00e9vit\u00e9 jusqu&rsquo;ici d&rsquo;\u00e9voquer ce consternant sujet des \u00e9lections, d\u00e9sormais quotidien dans les m\u00e9dias locaux, car pour nous la lutte est quotidienne, et le monde ne se change pas en d\u00e9signant des gens pour d\u00e9cider \u00e0 notre place. D&rsquo;autant plus quand il s&rsquo;agit de mandats repr\u00e9sentatifs, ayant carte blanche pour d\u00e9cider pendant une p\u00e9riode &hellip; <a href=\"https:\/\/fa86.noblogs.org\/?p=10634\" class=\"more-link\">Continuer la lecture de <span class=\"screen-reader-text\">[Poitiers] Cirque \u00e9lectoral, c&rsquo;est parti&#8230;<\/span> <span class=\"meta-nav\">&rarr;<\/span><\/a><\/p>\n","protected":false},"author":2691,"featured_media":0,"comment_status":"closed","ping_status":"open","sticky":false,"template":"","format":"standard","meta":{"footnotes":""},"categories":[21,8],"tags":[],"class_list":["post-10634","post","type-post","status-publish","format-standard","hentry","category-desinformation-bourgeoise","category-ecrits"],"_links":{"self":[{"href":"https:\/\/fa86.noblogs.org\/index.php?rest_route=\/wp\/v2\/posts\/10634","targetHints":{"allow":["GET"]}}],"collection":[{"href":"https:\/\/fa86.noblogs.org\/index.php?rest_route=\/wp\/v2\/posts"}],"about":[{"href":"https:\/\/fa86.noblogs.org\/index.php?rest_route=\/wp\/v2\/types\/post"}],"author":[{"embeddable":true,"href":"https:\/\/fa86.noblogs.org\/index.php?rest_route=\/wp\/v2\/users\/2691"}],"replies":[{"embeddable":true,"href":"https:\/\/fa86.noblogs.org\/index.php?rest_route=%2Fwp%2Fv2%2Fcomments&post=10634"}],"version-history":[{"count":11,"href":"https:\/\/fa86.noblogs.org\/index.php?rest_route=\/wp\/v2\/posts\/10634\/revisions"}],"predecessor-version":[{"id":10636,"href":"https:\/\/fa86.noblogs.org\/index.php?rest_route=\/wp\/v2\/posts\/10634\/revisions\/10636"}],"wp:attachment":[{"href":"https:\/\/fa86.noblogs.org\/index.php?rest_route=%2Fwp%2Fv2%2Fmedia&parent=10634"}],"wp:term":[{"taxonomy":"category","embeddable":true,"href":"https:\/\/fa86.noblogs.org\/index.php?rest_route=%2Fwp%2Fv2%2Fcategories&post=10634"},{"taxonomy":"post_tag","embeddable":true,"href":"https:\/\/fa86.noblogs.org\/index.php?rest_route=%2Fwp%2Fv2%2Ftags&post=10634"}],"curies":[{"name":"wp","href":"https:\/\/api.w.org\/{rel}","templated":true}]}}