{"id":10687,"date":"2014-01-13T11:23:12","date_gmt":"2014-01-13T10:23:12","guid":{"rendered":"http:\/\/fa86.noblogs.org\/?p=10687"},"modified":"2014-01-13T11:30:18","modified_gmt":"2014-01-13T10:30:18","slug":"valeurs-et-realite-presente","status":"publish","type":"post","link":"https:\/\/fa86.noblogs.org\/?p=10687","title":{"rendered":"Valeurs et r\u00e9alit\u00e9 pr\u00e9sente"},"content":{"rendered":"<p><strong>Valeurs et r\u00e9alit\u00e9 pr\u00e9sente<\/strong><\/p>\n<p><img loading=\"lazy\" decoding=\"async\" class=\"alignnone\" alt=\"\" src=\"http:\/\/www.pabvision.com\/images\/pabvision-766-750.jpg\" width=\"563\" height=\"750\" \/><\/p>\n<p align=\"JUSTIFY\">Les \u00ab\u00a0valeurs\u00a0\u00bb anarchistes, c&rsquo;est quoi ? Libert\u00e9, \u00e9galit\u00e9, solidarit\u00e9&#8230; ah oui ? Qu&rsquo;on les prenne un \u00e0 un ou ensemble, ces mots ne veulent rien dire si nous les abstrayons de nos situations r\u00e9elles.<\/p>\n<p align=\"JUSTIFY\">Un patron pourra se sentir tout \u00e0 fait partisan de ces notions, s&rsquo;il se targue de la libert\u00e9&#8230; d&rsquo;entreprise et du libre march\u00e9, de l&rsquo;\u00e9galit\u00e9&#8230; des chances, et de la solidarit\u00e9&#8230; nationale via les cotisations sociales vers\u00e9es par \u00ab\u00a0lui\u00a0\u00bb \u00e0 l&rsquo;Etat &#8211; ou de cette solidarit\u00e9&#8230; caritative quand il \u00ab\u00a0donne aux pauvres\u00a0\u00bb. Or la libre entreprise et le libre march\u00e9 n&rsquo;existent pas, parce qu&rsquo;il n&rsquo;y a de contractualit\u00e9 qu&rsquo;entre \u00e9gaux, et que le capital n&rsquo;est pas r\u00e9parti \u00e9galement puisque c&rsquo;est sa raison d&rsquo;\u00eatre m\u00eame que d&rsquo;\u00eatre monopolis\u00e9. Donc pas d&rsquo;\u00e9galit\u00e9 des chances, d&rsquo;autant plus que l&rsquo;in\u00e9galit\u00e9 intrins\u00e8que au capitalisme s&rsquo;applique tout aussi bien \u00e0 ce fameux \u00ab\u00a0capital culturel\u00a0\u00bb d\u00e9limit\u00e9 par le cadre \u00e9triqu\u00e9 de normes sociales. Et pas de solidarit\u00e9 non plus, puisqu&rsquo;elle n&rsquo;est ici que la rustine sur la jambe de bois de la guerre totale au vivant, ne faisant que cautionner, avec une auto-l\u00e9gitimation bien mis\u00e9rable, la concurrence f\u00e9roce qu&rsquo;implique le syst\u00e8me actuel de domination sociale.<\/p>\n<p align=\"JUSTIFY\">On le voit bien ici, ces termes abstraits ne sont donc que des slogans, qui s&rsquo;av\u00e8rent m\u00eame de v\u00e9ritables alibis pour l&rsquo;ordre \u00e9tabli &#8211; s&rsquo;ils ne sont questionn\u00e9s, affin\u00e9s, contextualis\u00e9s.<\/p>\n<p align=\"JUSTIFY\">Mais retournons un peu la critique contre nos r\u00e9flexes confortables, et voyons un peu le fond de nos \u00ab\u00a0valeurs\u00a0\u00bb : un libertaire qui se d\u00e9clarerait \u00ab\u00a0libre\u00a0\u00bb, \u00ab\u00a0\u00e9gal\u00a0\u00bb aux autres, et \u00ab\u00a0solidaire\u00a0\u00bb, s&rsquo;abstrait aussi de sa situation r\u00e9elle. De quoi est-il r\u00e9ellement et pr\u00e9sentement \u00ab\u00a0libre\u00a0\u00bb, lui qui de fait se trouve enferm\u00e9, tout comme quiconque, dans des rapports sociaux de d\u00e9pendance \u00e9conomique, politique et sociale, que n&rsquo;\u00e9clipseront jamais de simples r\u00e9solutions th\u00e9oriques et pratiques ? \u00ab\u00a0Egal\u00a0\u00bb&#8230; aux plus pauvres que lui, aux femmes, aux individus racialis\u00e9s, psychiatris\u00e9s, etc., ah oui vraiment ? Et \u00ab\u00a0solidaire\u00a0\u00bb de qui, sinon de qui se rapproche de son id\u00e9ologie, et encore, en fonction de ses moyens r\u00e9els ?&#8230; de toute \u00e9vidence limit\u00e9s \u00e0 des queues de cerise. En quoi peut-il par ailleurs se flatter d&rsquo;\u00e9chapper \u00e0 tout dogme, d&rsquo;\u00eatre \u00ab\u00a0libre dans sa t\u00eate\u00a0\u00bb ? Vanit\u00e9 de l&rsquo;\u00e9ducationnisme.<\/p>\n<p align=\"JUSTIFY\">Nous ne pouvons nous affirmer comme libres, \u00e9gaux et solidaires qu&rsquo;autant que nous nions d\u00e9sesp\u00e9r\u00e9ment nos d\u00e9pendances \u00e0 des dispositifs oppresseurs, que nous \u00e9ludons nos positions respectives dans le cadre d&rsquo;une soci\u00e9t\u00e9 hi\u00e9rarchis\u00e9e et donc in\u00e9galitaire, que nous nous dissimulons nos difficult\u00e9s \u00e0 nous organiser de fa\u00e7on \u00e0 bouleverser r\u00e9ellement l&rsquo;ordre \u00e9tabli avec les autres opprim\u00e9s et exploit\u00e9s.<\/p>\n<p align=\"JUSTIFY\">Il n&rsquo;y a pas d&rsquo;anarchie ni d&rsquo;anarchistes, il n&rsquo;y a que de l&rsquo;anarchisme, comme dynamique vers moins d&rsquo;ali\u00e9nation et de r\u00e9pression, moins d&rsquo;in\u00e9galit\u00e9 et d&rsquo;exploitation, moins de concurrence et de narcissisme. Certes, encore faudrait-il saisir ce qui nous motive r\u00e9ellement, dans toutes nos participations \u00ab\u00a0actives\u00a0\u00bb \u00e0 des \u00ab\u00a0dynamiques\u00a0\u00bb anarchistes et \u00e0 des \u00ab\u00a0mouvements\u00a0\u00bb. A bien y regarder, \u00e0 bien gratter&#8230; pourquoi ce besoin de nous manifester comme anti-autoritaires\/anarchistes\/libertaires\/communistes\/etc. ? Pourquoi mettons-nous tant en avant des valeurs, des slogans et des images, des actions, pourquoi mobiliser, afficher, appara\u00eetre, dire ? Pourquoi cet imp\u00e9ratif convenu et tacite de nous \u00ab\u00a0organiser\u00a0\u00bb ? Nous r\u00e9pondons souvent que c&rsquo;est ce que nous d\u00e9sirons vraiment, face \u00e0 l&rsquo;ordre \u00e9tabli, \u00e0 la domination, \u00e0 la soci\u00e9t\u00e9 du spectacle, etc.<\/p>\n<p align=\"JUSTIFY\">Vraiment ? D\u00e9sirons-nous r\u00e9ellement la fin du patriarcat, de l&rsquo;Etat et du capitalisme, ou d\u00e9sirons-nous nous rattacher \u00e0 une identit\u00e9 et des valeurs qui nous distingueraient de la routine morne, comme individus originaux, exceptionnels, \u00e0 part, voire <i>au-dessus <\/i>? Par la surabondance de nos expressions et il faut bien l&rsquo;avouer, de nos gesticulations, d\u00e9sirons-nous\u00a0 r\u00e9ellement participer \u00e0, voire susciter, des mouvements sociaux amenant \u00e0 un seuil r\u00e9volutionnaire, ou nous convaincre nous-m\u00eames qu&rsquo;un autre monde est possible, \u00e0 la mesure de notre nullit\u00e9 \u00e0 questionner et modifier, en profondeur, nos situations pr\u00e9sentes ? D\u00e9sirons-nous r\u00e9ellement nous organiser, ou nous sentir au chaud avec des potes dans un entre-soi autosatisfaisant, avec l&rsquo;occasion de se faire des plans cul de temps \u00e0 autre, entre deux s\u00e9ances de biture ou d&rsquo;\u00e9cran num\u00e9rique\u00a0 ?<\/p>\n<p align=\"JUSTIFY\">A bien y regarder, nous ne \u00ab\u00a0valons\u00a0\u00bb \u00e9videmment pas moins ni mieux que les autres. Valeurs ou r\u00e9alit\u00e9 pr\u00e9sente ?<\/p>\n<p align=\"JUSTIFY\">Mes sensations, ici et maintenant, du monde qui m&rsquo;entoure, mes sentiments, mes peurs et mes d\u00e9sirs, qui m&rsquo;agitent ici m\u00eame, tels quels ; les gestes et les paroles des gens que je rencontre ; mes pens\u00e9es confrontant tout cela avec les exp\u00e9riences pass\u00e9es et les projets de celles \u00e0 venir&#8230; En-dehors de la pr\u00e9sence \u00e0 cette r\u00e9alit\u00e9 pr\u00e9sente, \u00e0 toutes ces r\u00e9alit\u00e9s pr\u00e9sentes, il n&rsquo;y a que de l&rsquo;id\u00e9ologie, de l&rsquo;illusionnisme, de la prestidigitation. Du divertissement. L&rsquo;id\u00e9ologie ne nous rend pas plus heureux, conscients, vivants. Elle ne fait que d\u00e9vier l&rsquo;attention \u00e0 nous-m\u00eames, aux autres et au monde, disperser nos consciences, paralyser nos capacit\u00e9s d&rsquo;analyse et d&rsquo;action. L&rsquo;id\u00e9ologie ob\u00e8re et occulte, ce qui se trouve l\u00e0, ici, maintenant.<\/p>\n<p align=\"JUSTIFY\">Or ici, maintenant, ce sont toujours le lieu et le temps exactement ad\u00e9quats pour cesser de nous projeter sur les \u00e9crans du spectacle social et intime. Le lieu et le temps d&rsquo;en finir avec l&rsquo;absence, la routine et ces habitudes qui nous \u00e9touffent. Le lieu et le temps d&rsquo;observer en nous et autour de nous, en silence, la r\u00e9alit\u00e9 pr\u00e9sente, au lieu de regarder ailleurs avec nos lunettes palliatives. Ici et maintenant, la r\u00e9alit\u00e9 dans tout ce qu&rsquo;elle a de mis\u00e9rable, d&rsquo;automatique, de mortif\u00e8re, de r\u00e9voltante. Mais aussi la r\u00e9alit\u00e9 infiniment multiple, aventureuse, po\u00e9tique et vivante, quand nous prenons le temps de l&rsquo;observer en silence, quand nous reconstituons nos forces, pour vivre au lieu de mourir \u00e0 petit feu.<\/p>\n<p align=\"JUSTIFY\">A nous de jouer. Un peu de silence, s&rsquo;il-nous-pla\u00eet.<\/p>\n<p align=\"JUSTIFY\">J., Pavillon Noir<\/p>\n","protected":false},"excerpt":{"rendered":"<p>Valeurs et r\u00e9alit\u00e9 pr\u00e9sente Les \u00ab\u00a0valeurs\u00a0\u00bb anarchistes, c&rsquo;est quoi ? Libert\u00e9, \u00e9galit\u00e9, solidarit\u00e9&#8230; ah oui ? Qu&rsquo;on les prenne un \u00e0 un ou ensemble, ces mots ne veulent rien dire si nous les abstrayons de nos situations r\u00e9elles. Un patron pourra se sentir tout \u00e0 fait partisan de ces notions, s&rsquo;il se targue de la &hellip; <a href=\"https:\/\/fa86.noblogs.org\/?p=10687\" class=\"more-link\">Continuer la lecture de <span class=\"screen-reader-text\">Valeurs et r\u00e9alit\u00e9 pr\u00e9sente<\/span> <span class=\"meta-nav\">&rarr;<\/span><\/a><\/p>\n","protected":false},"author":2691,"featured_media":0,"comment_status":"closed","ping_status":"open","sticky":false,"template":"","format":"standard","meta":{"footnotes":""},"categories":[8],"tags":[],"class_list":["post-10687","post","type-post","status-publish","format-standard","hentry","category-ecrits"],"_links":{"self":[{"href":"https:\/\/fa86.noblogs.org\/index.php?rest_route=\/wp\/v2\/posts\/10687","targetHints":{"allow":["GET"]}}],"collection":[{"href":"https:\/\/fa86.noblogs.org\/index.php?rest_route=\/wp\/v2\/posts"}],"about":[{"href":"https:\/\/fa86.noblogs.org\/index.php?rest_route=\/wp\/v2\/types\/post"}],"author":[{"embeddable":true,"href":"https:\/\/fa86.noblogs.org\/index.php?rest_route=\/wp\/v2\/users\/2691"}],"replies":[{"embeddable":true,"href":"https:\/\/fa86.noblogs.org\/index.php?rest_route=%2Fwp%2Fv2%2Fcomments&post=10687"}],"version-history":[{"count":6,"href":"https:\/\/fa86.noblogs.org\/index.php?rest_route=\/wp\/v2\/posts\/10687\/revisions"}],"predecessor-version":[{"id":10693,"href":"https:\/\/fa86.noblogs.org\/index.php?rest_route=\/wp\/v2\/posts\/10687\/revisions\/10693"}],"wp:attachment":[{"href":"https:\/\/fa86.noblogs.org\/index.php?rest_route=%2Fwp%2Fv2%2Fmedia&parent=10687"}],"wp:term":[{"taxonomy":"category","embeddable":true,"href":"https:\/\/fa86.noblogs.org\/index.php?rest_route=%2Fwp%2Fv2%2Fcategories&post=10687"},{"taxonomy":"post_tag","embeddable":true,"href":"https:\/\/fa86.noblogs.org\/index.php?rest_route=%2Fwp%2Fv2%2Ftags&post=10687"}],"curies":[{"name":"wp","href":"https:\/\/api.w.org\/{rel}","templated":true}]}}