{"id":10776,"date":"2014-01-21T08:52:29","date_gmt":"2014-01-21T07:52:29","guid":{"rendered":"http:\/\/fa86.noblogs.org\/?p=10776"},"modified":"2014-01-21T08:52:41","modified_gmt":"2014-01-21T07:52:41","slug":"ingrandes-fonderie-alu-nouvelle-attaque-du-patronat","status":"publish","type":"post","link":"https:\/\/fa86.noblogs.org\/?p=10776","title":{"rendered":"[Ingrandes] Fonderie alu : nouvelle attaque du patronat"},"content":{"rendered":"<p style=\"text-align: justify\"><a href=\"http:\/\/www.lanouvellerepublique.fr\/Vienne\/Actualite\/Economie-social\/n\/Contenus\/Articles\/2014\/01\/21\/Fonderie-Alu-les-acquis-des-salaries-remis-en-question-1765208\" target=\"_blank\"><strong>Fonderie Alu : les acquis des salari\u00e9s remis en question<\/strong><\/a><\/p>\n<p id=\"articleChapo\" style=\"text-align: justify\">Nouveau coup dur pour les culassiers d\u2019Ingrandes-sur-Vienne. Leur direction vient de d\u00e9noncer l\u2019ensemble des accords d\u2019entreprise.<\/p>\n<p style=\"text-align: justify\">Deux ans apr\u00e8s celui qui a oppos\u00e9 les culassiers d&rsquo;Ingrandes-sur-Vienne au groupe Montupet, un nouveau conflit est-il de nouveau \u00e0 craindre \u00e0 la Fonderie Alu\u2009? Sa direction vient en tout cas de d\u00e9noncer l&rsquo;ensemble les accords d&rsquo;entreprise. Une remise en question de tous les avantages acquis par les 380\u00a0salari\u00e9s\u2009!<\/p>\n<div id=\"text\" style=\"text-align: justify\">\n<p><b>\u00ab\u00a0\u2009Un chantage sur nos emplois et nos acquis\u2009\u00a0\u00bb<\/b><\/p>\n<p>Selon Laurence Lemaire, responsable des ressources humaines, la fonderie n&rsquo;est pas en difficult\u00e9. Les engagements pris par Renault lors de la reprise par Saint-Jean Industries lui permettent d&rsquo;avoir des<i> \u00ab\u00a0volumes en hausse.\u00a0\u00bb <\/i>Mais la direction souhaite aujourd&rsquo;hui imprimer une <i>\u00ab\u00a0nouvelle dynamique\u00a0\u00bb<\/i> pour <i>\u00ab\u00a0assurer la p\u00e9rennit\u00e9 de l&rsquo;entreprise\u00a0\u00bb<\/i>. Ce qu&rsquo;elle compte faire en trouvant<i> \u00ab\u00a0d&rsquo;autres clients\u00a0\u00bb<\/i> de mani\u00e8re \u00e0 ce que l&rsquo;entreprise soit moins d\u00e9pendante du constructeur fran\u00e7ais, son principal donneur d&rsquo;ordre, mais aussi en r\u00e9duisant ses co\u00fbts. Et, pour ce faire, elle <i>\u00ab\u00a0attend des salari\u00e9s des efforts.\u00a0\u00bb <\/i>Lesquels\u2009? <i>\u00ab\u00a0Il y a des accords qui ont continu\u00e9 d&rsquo;\u00eatre appliqu\u00e9s malgr\u00e9 les diff\u00e9rentes reprises. Ils ne sont plus adapt\u00e9s au contexte d&rsquo;aujourd&rsquo;hui\u00a0\u00bb<\/i>, r\u00e9pond simplement Laurence Lemaire, qui ne veut pas en dire plus avant l&rsquo;ouverture des n\u00e9gociations, qui d\u00e9buteront le mois prochain. <i>\u00ab\u00a0Il y a des choses qui ont besoin d&rsquo;\u00eatre r\u00e9actualis\u00e9es\u00a0\u00bb<\/i>, convient \u00c9ric Bailly, secr\u00e9taire du comit\u00e9 d&rsquo;entreprise, qui cite par exemple<i> \u00ab\u00a0un petit avantage pour le salari\u00e9 par rapport au service militaire\u00a0\u00bb<\/i>. Une obligation qui n&rsquo;existe plus depuis 1996\u2026 Mais l&rsquo;\u00e9lu du personnel, qui croit savoir que la direction <i>\u00ab\u00a0souhaite reprendre du temps de travail\u00a0\u00bb<\/i> aux salari\u00e9s, pr\u00e9vient\u2009: <i>\u00ab\u00a0Les salari\u00e9s ne sont pas pr\u00e8s \u00e0 accepter n&rsquo;importe quoi et \u00e0 laisser trop d&rsquo;acquis dans l&rsquo;affaire.\u00a0\u00bb <\/i>Dans une lettre d&rsquo;information qui leur a \u00e9t\u00e9 distribu\u00e9e, la CGT Saint-Jean Industries, le syndicat majoritaire de la fonderie, est encore plus mena\u00e7ante\u2009:<i> \u00ab\u00a0Les patrons veulent une fois de plus profiter de la crise \u00e9conomique pour exercer un chantage sur nos emplois et nos acquis. S&rsquo;ils s&rsquo;aventurent \u00e0 vouloir passer en force, comme par le pass\u00e9, ils auront la CGT face \u00e0 eux\u2009!\u00a0\u00bb<\/i> M\u00eame si, pour la direction, <i>\u00ab\u00a0l&rsquo;objectif n&rsquo;est pas de mettre le feu \u00e0 l&rsquo;entreprise\u00a0\u00bb<\/i>, l&rsquo;ambiance risque de devenir tendue dans les prochaines semaines\u2026<\/p>\n<\/div>\n<div style=\"text-align: justify\"><em>Alain Grimperelle, Nouvelle R\u00e9publique, 21 janvier 2014<\/em><\/div>\n","protected":false},"excerpt":{"rendered":"<p>Fonderie Alu : les acquis des salari\u00e9s remis en question Nouveau coup dur pour les culassiers d\u2019Ingrandes-sur-Vienne. Leur direction vient de d\u00e9noncer l\u2019ensemble des accords d\u2019entreprise. Deux ans apr\u00e8s celui qui a oppos\u00e9 les culassiers d&rsquo;Ingrandes-sur-Vienne au groupe Montupet, un nouveau conflit est-il de nouveau \u00e0 craindre \u00e0 la Fonderie Alu\u2009? Sa direction vient en &hellip; <a href=\"https:\/\/fa86.noblogs.org\/?p=10776\" class=\"more-link\">Continuer la lecture de <span class=\"screen-reader-text\">[Ingrandes] Fonderie alu : nouvelle attaque du patronat<\/span> <span class=\"meta-nav\">&rarr;<\/span><\/a><\/p>\n","protected":false},"author":2691,"featured_media":0,"comment_status":"closed","ping_status":"open","sticky":false,"template":"","format":"standard","meta":{"footnotes":""},"categories":[22],"tags":[],"class_list":["post-10776","post","type-post","status-publish","format-standard","hentry","category-le-travail-tue"],"_links":{"self":[{"href":"https:\/\/fa86.noblogs.org\/index.php?rest_route=\/wp\/v2\/posts\/10776","targetHints":{"allow":["GET"]}}],"collection":[{"href":"https:\/\/fa86.noblogs.org\/index.php?rest_route=\/wp\/v2\/posts"}],"about":[{"href":"https:\/\/fa86.noblogs.org\/index.php?rest_route=\/wp\/v2\/types\/post"}],"author":[{"embeddable":true,"href":"https:\/\/fa86.noblogs.org\/index.php?rest_route=\/wp\/v2\/users\/2691"}],"replies":[{"embeddable":true,"href":"https:\/\/fa86.noblogs.org\/index.php?rest_route=%2Fwp%2Fv2%2Fcomments&post=10776"}],"version-history":[{"count":2,"href":"https:\/\/fa86.noblogs.org\/index.php?rest_route=\/wp\/v2\/posts\/10776\/revisions"}],"predecessor-version":[{"id":10778,"href":"https:\/\/fa86.noblogs.org\/index.php?rest_route=\/wp\/v2\/posts\/10776\/revisions\/10778"}],"wp:attachment":[{"href":"https:\/\/fa86.noblogs.org\/index.php?rest_route=%2Fwp%2Fv2%2Fmedia&parent=10776"}],"wp:term":[{"taxonomy":"category","embeddable":true,"href":"https:\/\/fa86.noblogs.org\/index.php?rest_route=%2Fwp%2Fv2%2Fcategories&post=10776"},{"taxonomy":"post_tag","embeddable":true,"href":"https:\/\/fa86.noblogs.org\/index.php?rest_route=%2Fwp%2Fv2%2Ftags&post=10776"}],"curies":[{"name":"wp","href":"https:\/\/api.w.org\/{rel}","templated":true}]}}