{"id":10888,"date":"2014-02-06T02:02:55","date_gmt":"2014-02-06T01:02:55","guid":{"rendered":"http:\/\/fa86.noblogs.org\/?p=10888"},"modified":"2014-02-06T02:02:55","modified_gmt":"2014-02-06T01:02:55","slug":"poitiers-greve-de-la-restauration-scolaire","status":"publish","type":"post","link":"https:\/\/fa86.noblogs.org\/?p=10888","title":{"rendered":"[Poitiers] Gr\u00e8ve de la restauration scolaire"},"content":{"rendered":"<p style=\"text-align: justify\"><em><strong>NdPN<\/strong> : hourra pour les personnels gr\u00e9vistes, qui ont mis les bouch\u00e9es doubles !<\/em><\/p>\n<p style=\"text-align: justify\"><a href=\"http:\/\/www.lanouvellerepublique.fr\/Vienne\/Services\/Toutes-les-DMAs\/n\/Contenus\/DMAs\/2014\/02\/05\/Poitiers-pas-de-cantine-dans-24-ecoles-sur-45-1785013\" target=\"_blank\"><strong>Poitiers: pas de cantine dans 24\u00a0\u00e9coles sur 45<\/strong><\/a><\/p>\n<p style=\"text-align: justify\">Suite \u00e0 l&rsquo;appel national lanc\u00e9 par le syndicat CGT pour ce jeudi 6\u00a0f\u00e9vrier, une gr\u00e8ve de la restauration scolaire est annonc\u00e9e dans 24\u00a0\u00e9coles: Charles-Perrault (maternelle et \u00e9l\u00e9mentaire), Damien-Allard-Jules-Ferry, Evariste Galois, Ernest-P\u00e9rochon (maternelle et \u00e9l\u00e9mentaire), Georges-Brassens (maternelle et \u00e9l\u00e9mentaire), Grange-Saint-Pierre (maternelle et \u00e9l\u00e9mentaire), Jacques-Brel (maternelle et \u00e9l\u00e9mentaire), les Minimes, Marcel-Pagnol (maternelle et \u00e9l\u00e9mentaire), Microm\u00e9gas (maternelle et \u00e9l\u00e9mentaire), Paul-Blet (maternelle et \u00e9l\u00e9mentaire), Paul-Bert, Renaudot, Saint-Exup\u00e9ry et Tony-Lain\u00e9 (maternelle et \u00e9l\u00e9mentaire). Aucun service minimum d&rsquo;accueil n&rsquo;est pr\u00e9vu pour l&rsquo;ensemble des \u00e9coles. Il n&rsquo;y aura pas d&rsquo;accueil p\u00e9riscolaire \u00e0 Daudet (\u00e9l\u00e9mentaire) le midi, \u00e0 Andersen (\u00e9l\u00e9mentaire) matin, midi et soir, \u00e0 Charles-Perrault (\u00e9l\u00e9mentaire) le midi, \u00e0 Coligny-Cornet, matin, midi et soir, \u00e0 Condorcet (\u00e9l\u00e9mentaire) midi et soir, Condorcet (maternelle) le soir, Damien-Allard-Jules-Ferry, le midi, Ernest-P\u00e9rochon (maternelle) le matin, Georges-Brassens (maternelle) le soir, Microm\u00e9gas (maternelle) le soir, Pasteur le matin.<\/p>\n<p style=\"text-align: justify\"><em>Nouvelle R\u00e9publique, 5 f\u00e9vrier 2014<\/em><\/p>\n","protected":false},"excerpt":{"rendered":"<p>NdPN : hourra pour les personnels gr\u00e9vistes, qui ont mis les bouch\u00e9es doubles ! Poitiers: pas de cantine dans 24\u00a0\u00e9coles sur 45 Suite \u00e0 l&rsquo;appel national lanc\u00e9 par le syndicat CGT pour ce jeudi 6\u00a0f\u00e9vrier, une gr\u00e8ve de la restauration scolaire est annonc\u00e9e dans 24\u00a0\u00e9coles: Charles-Perrault (maternelle et \u00e9l\u00e9mentaire), Damien-Allard-Jules-Ferry, Evariste Galois, Ernest-P\u00e9rochon (maternelle et &hellip; <a href=\"https:\/\/fa86.noblogs.org\/?p=10888\" class=\"more-link\">Continuer la lecture de <span class=\"screen-reader-text\">[Poitiers] Gr\u00e8ve de la restauration scolaire<\/span> <span class=\"meta-nav\">&rarr;<\/span><\/a><\/p>\n","protected":false},"author":2691,"featured_media":0,"comment_status":"closed","ping_status":"open","sticky":false,"template":"","format":"standard","meta":{"footnotes":""},"categories":[9],"tags":[],"class_list":["post-10888","post","type-post","status-publish","format-standard","hentry","category-la-rue-grogne"],"_links":{"self":[{"href":"https:\/\/fa86.noblogs.org\/index.php?rest_route=\/wp\/v2\/posts\/10888","targetHints":{"allow":["GET"]}}],"collection":[{"href":"https:\/\/fa86.noblogs.org\/index.php?rest_route=\/wp\/v2\/posts"}],"about":[{"href":"https:\/\/fa86.noblogs.org\/index.php?rest_route=\/wp\/v2\/types\/post"}],"author":[{"embeddable":true,"href":"https:\/\/fa86.noblogs.org\/index.php?rest_route=\/wp\/v2\/users\/2691"}],"replies":[{"embeddable":true,"href":"https:\/\/fa86.noblogs.org\/index.php?rest_route=%2Fwp%2Fv2%2Fcomments&post=10888"}],"version-history":[{"count":1,"href":"https:\/\/fa86.noblogs.org\/index.php?rest_route=\/wp\/v2\/posts\/10888\/revisions"}],"predecessor-version":[{"id":10889,"href":"https:\/\/fa86.noblogs.org\/index.php?rest_route=\/wp\/v2\/posts\/10888\/revisions\/10889"}],"wp:attachment":[{"href":"https:\/\/fa86.noblogs.org\/index.php?rest_route=%2Fwp%2Fv2%2Fmedia&parent=10888"}],"wp:term":[{"taxonomy":"category","embeddable":true,"href":"https:\/\/fa86.noblogs.org\/index.php?rest_route=%2Fwp%2Fv2%2Fcategories&post=10888"},{"taxonomy":"post_tag","embeddable":true,"href":"https:\/\/fa86.noblogs.org\/index.php?rest_route=%2Fwp%2Fv2%2Ftags&post=10888"}],"curies":[{"name":"wp","href":"https:\/\/api.w.org\/{rel}","templated":true}]}}