{"id":10900,"date":"2014-02-07T20:36:40","date_gmt":"2014-02-07T19:36:40","guid":{"rendered":"http:\/\/fa86.noblogs.org\/?p=10900"},"modified":"2014-02-07T20:44:08","modified_gmt":"2014-02-07T19:44:08","slug":"mais-qui-etait-leon-blum","status":"publish","type":"post","link":"https:\/\/fa86.noblogs.org\/?p=10900","title":{"rendered":"Mais qui \u00e9tait L\u00e9on Blum ?"},"content":{"rendered":"<p style=\"text-align: justify\">Le personnage de L\u00e9on Blum est aujourd&rsquo;hui c\u00e9l\u00e9br\u00e9 sans r\u00e9serve, comme une grande figure du \u00ab\u00a0socialisme\u00a0\u00bb. Le d\u00e9put\u00e9-maire \u00ab\u00a0socialiste\u00a0\u00bb de Poitiers, Alain Claeys, a donn\u00e9 son nom en 2013 \u00e0 la passerelle command\u00e9e \u00e0 Vinci et inaugur\u00e9e le 6 f\u00e9vrier \u00e0 Poitiers.<\/p>\n<p style=\"text-align: justify\">Et pourtant \u00e0 son \u00e9poque, Blum passait chez bien des ouvriers pour un v\u00e9ritable sp\u00e9cialiste des trahisons sociales. Blum a certes subi des attaques antis\u00e9mites particuli\u00e8rement ignobles durant toute sa carri\u00e8re politique, notamment de la part de l&rsquo;extr\u00eame-droite. Il a \u00e9t\u00e9 retenu prisonnier par les nazis durant la guerre, tout pr\u00e8s du camp de Buchenwald. Il a particip\u00e9 \u00e0 la fondation de l&rsquo;UNESCO. Mais cela ne doit pas faire oublier que son action politique au sein de la gauche n&rsquo;a cess\u00e9 de consister \u00e0 enterrer les luttes sociales.<\/p>\n<p style=\"text-align: justify\">Issue d&rsquo;une famille bourgeoise, il admire le nationaliste d&rsquo;extr\u00eame-droite Barr\u00e8s, originaire d&rsquo;Alsace comme sa famille, mais celui-ci le l\u00e2che lors de l&rsquo;affaire Dreyfus. Il rencontre Jaur\u00e8s, avec qui il cofonde l&rsquo;Humanit\u00e9. Il adh\u00e8re \u00e0 la SFIO mais n&rsquo;y milite gu\u00e8re. De 1912 \u00e0 1914, il livre de r\u00e9guli\u00e8res chroniques litt\u00e9raires et dramaturges dans les colonnes du journal conservateur Le Matin, qui d\u00e9nigre r\u00e9guli\u00e8rement le mouvement ouvrier. Il est auditeur au Conseil d&rsquo;Etat. Il ne devient r\u00e9ellement actif \u00e0 la SFIO qu&rsquo;en tant que chef de cabinet de Marcel Sembat de 1914 \u00e0 1916, ministre des travaux publics lors de la premi\u00e8re guerre mondiale. Il pr\u00f4ne avec acharnement \u00ab\u00a0l&rsquo;union sacr\u00e9e\u00a0\u00bb durant toute la grande guerre. M\u00eame en 1917, alors que l&rsquo;opposition \u00e0 la guerre s&rsquo;\u00e9tend, il combat les pacifistes de son parti.<\/p>\n<p style=\"text-align: justify\">Apr\u00e8s la guerre, il s&rsquo;oppose aux tendances r\u00e9volutionnaires dans son parti, et oeuvre \u00e0 d\u00e9velopper les tendances \u00ab\u00a0progressistes\u00a0\u00bb. En 1920 au congr\u00e8s de Tours, il refuse de se rallier \u00e0 la majorit\u00e9 ayant adopt\u00e9 la III\u00e8me Internationale. Il ne r\u00e9prouve pas le bolchevisme pour son autoritarisme, mais ses vell\u00e9it\u00e9s r\u00e9volutionnaires : il condamne ainsi \u00ab\u00a0la sorte de passion instinctive et de violence gr\u00e9gaire des grandes masses inorganis\u00e9es\u00a0\u00bb. A la t\u00eate du parti socialiste, il pr\u00eache la synth\u00e8se et la conciliation, et tente un rapprochement avec le parti dit radical, alors au centre de l&rsquo;\u00e9chiquier politique.<\/p>\n<p style=\"text-align: justify\">En 1925-26, Blum est l&rsquo;un des principaux chantres de la guerre colonialiste au Maroc et en Syrie. Il r\u00e9clame un jugement impitoyable contre les d\u00e9put\u00e9s hostiles \u00e0 la guerre. En 1926, il soutient de fait la r\u00e9forme \u00e9conomique de Poincar\u00e9, dont il vante les m\u00e9rites dans son discours de Bordeaux (1927).<\/p>\n<p style=\"text-align: justify\">Peu populaire aupr\u00e8s des ouvriers, il perd en 1928 son si\u00e8ge de d\u00e9put\u00e9 dans le 20\u00e8me arrondissement de Paris, qui va au communiste Jacques Duclos. Blum soutient aussi, contre son propre parti, la candidature de Pierre Forgeot, fondateur d&rsquo;Hispano-Suiza&#8230; qui a donn\u00e9 un poste important dans sa soci\u00e9t\u00e9 \u00e0 son fils Robert. Blum sera tout de m\u00eame r\u00e9\u00e9lu d\u00e9put\u00e9 de 1929 jusqu&rsquo;en 1936, et se consacrera \u00e0 des activit\u00e9s d&rsquo;avocat, conseillant plusieurs magnats capitalistes.<\/p>\n<p style=\"text-align: justify\">En mai 1936, le Front populaire remporte un succ\u00e8s \u00e9lectoral. Chef du parti socialiste, Blum devient pr\u00e9sident du Conseil.\u00a0Une vague de grandes gr\u00e8ves commence, avec des mots d&rsquo;ordre r\u00e9volutionnaires. Paniqu\u00e9, Blum exhorte les travailleurs en gr\u00e8ve \u00e0 reprendre le travail. Il doit finalement conc\u00e9der des mesures (40 heures, cong\u00e9s pay\u00e9s, conventions collectives) qui n&rsquo;ont jamais \u00e9t\u00e9 \u00e0 son programme, mais exige en \u00e9change l&rsquo;\u00e9vacuation des usines occup\u00e9es par les gr\u00e9vistes.<\/p>\n<p style=\"text-align: justify\">D\u00e8s le d\u00e9but du mois d&rsquo;ao\u00fbt 1936, il prend le parti de la \u00ab\u00a0non-intervention\u00a0\u00bb en Espagne, trahissant les espoirs des r\u00e9sistants anarchistes et communistes en lutte contre Franco, quant \u00e0 lui soutenu par Hitler et Mussolini. Il oeuvre \u00e0 une strat\u00e9gie de compromis avec Franco aupr\u00e8s de ses coll\u00e8gues socialistes du gouvernement espagnol.<\/p>\n<p style=\"text-align: justify\">D\u00e8s f\u00e9vrier 1937, alors que le mouvement social retombe, il d\u00e9cr\u00e8te la \u00ab\u00a0pause\u00a0\u00bb : il faudrait \u00ab\u00a0souffler\u00a0\u00bb et \u00ab\u00a0dig\u00e9rer\u00a0\u00bb les r\u00e9formes. Le 17 mars 1937 \u00e0 Clichy, malgr\u00e9 les protestations de la population ouvri\u00e8re de cette ville dirig\u00e9e par des socialistes, L\u00e9on Blum et son ministre socialiste de l&rsquo;Int\u00e9rieur Dormoy autorisent une r\u00e9union des Croix de Feu dans une salle jouxtant la mairie. Les travailleurs manifestent pacifiquement contre l&rsquo;extr\u00eame-droite mais les gendarmes, sur l&rsquo;ordre d&rsquo;un commissaire divisionnaire socialiste, tirent sur la foule. Huit morts et de nombreux bless\u00e9s.<\/p>\n<p style=\"text-align: justify\">En 1937, le s\u00e9nat lui ayant refus\u00e9 les pleins pouvoirs financiers, Blum abandonne son poste, ouvrant la porte aux radicaux plus mod\u00e9r\u00e9s encore que son parti. Il r\u00e9pond \u00e0 Pivert, qui lui demande de r\u00e9sister \u00e0 l&rsquo;opposition du S\u00e9nat et de tenir son poste : \u00ab\u00a0Mais ce serait la guerre civile, comme en Espagne. (&#8230;) Ne me demandez pas cela\u00a0\u00bb. Sur le mouvement social qu&rsquo;il a eu \u00e0 g\u00e9rer, il dit qu&rsquo;une telle lutte \u00ab\u00a0se serait \u00e9tendue \u00e0 travers tout le pays et se serait traduite par de s\u00e9rieux mouvements populaires dont l&rsquo;ampleur et l&rsquo;\u00e9nergie se seraient accrues sans cesse\u00a0\u00bb (Le Populaire, 5 juillet 1937).<\/p>\n<p style=\"text-align: justify\">En septembre 1938, bien qu&rsquo;il ait auparavant mis en oeuvre une politique d&rsquo;armement, accordant de gros budgets \u00e0 l&rsquo;industrie militaire, L\u00e9on Blum approuve les accords de M\u00fcnich, poussant son parti \u00e0 ne pas s&rsquo;opposer \u00e0 Daladier. Les populations de Tch\u00e9coslovaquie et de Pologne sont livr\u00e9es aux nazis.<\/p>\n<p style=\"text-align: justify\">Fin novembre 1938, des gr\u00e9vistes manifestent contre la suppression des mesures du front populaire. Blum et Jouhaux les l\u00e2chent, alors que la r\u00e9pression du gouvernement radical s&rsquo;abat : 280 personnes sont arr\u00eat\u00e9es et envoy\u00e9es en prison, des dizaines de milliers d&rsquo;ouvriers sont licenci\u00e9s.<\/p>\n<p style=\"text-align: justify\">Cons\u00e9quences de ces reculades, la l\u00e9gislation sociale impos\u00e9e par les gr\u00e8ves de 1936 fut annul\u00e9e, et les premiers camps de concentration furent construits pour parquer comme des parias les r\u00e9sistants \u00e0 Franco, anarchistes, communistes, trotskystes&#8230; Malgr\u00e9 la catastrophe en marche, Blum continue d&rsquo;afficher son camp : \u00ab\u00a0Je n&rsquo;h\u00e9site pas \u00e0 d\u00e9clarer que l&rsquo;opinion publique ne tol\u00e8rerait pas le rel\u00e8vement incessant des salaires\u00a0\u00bb (Le Populaire, 6 janvier 1940).<\/p>\n<p style=\"text-align: justify\">Pendant\u00a0la guerre, il se d\u00e9fendra d&rsquo;avoir men\u00e9 une politique sociale (voir cette <a href=\"http:\/\/docil-cocktail.org\/acquis_sociaux\/document_acquis_du_front_po.html\" target=\"_blank\">magnifique compilation de propos hallucinants<\/a> de la part de Blum) et\u00a0fut emmen\u00e9 comme\u00a0prisonnier en Allemagne. Apr\u00e8s la guerre\u00a0ce farouche partisan du sionisme contribue \u00e0 l&rsquo;\u00e9tablissement d&rsquo;une \u00e9troite collaboration militaire, diplomatique et \u00e9conomique de la France avec Isra\u00ebl&#8230; \u00e0 rebours de nombreux juifs de gauche (comme ceux du Bund), qui condamnaient le sionisme comme d&rsquo;ailleurs toute autre forme de nationalisme. Blum oeuvra aussi \u00e0 \u00e9tablir des accords \u00e9conomiques entre la France et les Etats-Unis.<\/p>\n<p style=\"text-align: justify\">On comprend que la figure de Blum soit \u00e9rig\u00e9e en exemple par le parti \u00ab\u00a0socialiste\u00a0\u00bb. Le maire PS de Poitiers, Alain Claeys, devait bien lui rendre hommage.<\/p>\n<p style=\"text-align: justify\">J., Pavillon Noir<\/p>\n","protected":false},"excerpt":{"rendered":"<p>Le personnage de L\u00e9on Blum est aujourd&rsquo;hui c\u00e9l\u00e9br\u00e9 sans r\u00e9serve, comme une grande figure du \u00ab\u00a0socialisme\u00a0\u00bb. Le d\u00e9put\u00e9-maire \u00ab\u00a0socialiste\u00a0\u00bb de Poitiers, Alain Claeys, a donn\u00e9 son nom en 2013 \u00e0 la passerelle command\u00e9e \u00e0 Vinci et inaugur\u00e9e le 6 f\u00e9vrier \u00e0 Poitiers. Et pourtant \u00e0 son \u00e9poque, Blum passait chez bien des ouvriers pour un &hellip; <a href=\"https:\/\/fa86.noblogs.org\/?p=10900\" class=\"more-link\">Continuer la lecture de <span class=\"screen-reader-text\">Mais qui \u00e9tait L\u00e9on Blum ?<\/span> <span class=\"meta-nav\">&rarr;<\/span><\/a><\/p>\n","protected":false},"author":2691,"featured_media":0,"comment_status":"closed","ping_status":"open","sticky":false,"template":"","format":"standard","meta":{"footnotes":""},"categories":[1],"tags":[],"class_list":["post-10900","post","type-post","status-publish","format-standard","hentry","category-general"],"_links":{"self":[{"href":"https:\/\/fa86.noblogs.org\/index.php?rest_route=\/wp\/v2\/posts\/10900","targetHints":{"allow":["GET"]}}],"collection":[{"href":"https:\/\/fa86.noblogs.org\/index.php?rest_route=\/wp\/v2\/posts"}],"about":[{"href":"https:\/\/fa86.noblogs.org\/index.php?rest_route=\/wp\/v2\/types\/post"}],"author":[{"embeddable":true,"href":"https:\/\/fa86.noblogs.org\/index.php?rest_route=\/wp\/v2\/users\/2691"}],"replies":[{"embeddable":true,"href":"https:\/\/fa86.noblogs.org\/index.php?rest_route=%2Fwp%2Fv2%2Fcomments&post=10900"}],"version-history":[{"count":4,"href":"https:\/\/fa86.noblogs.org\/index.php?rest_route=\/wp\/v2\/posts\/10900\/revisions"}],"predecessor-version":[{"id":10903,"href":"https:\/\/fa86.noblogs.org\/index.php?rest_route=\/wp\/v2\/posts\/10900\/revisions\/10903"}],"wp:attachment":[{"href":"https:\/\/fa86.noblogs.org\/index.php?rest_route=%2Fwp%2Fv2%2Fmedia&parent=10900"}],"wp:term":[{"taxonomy":"category","embeddable":true,"href":"https:\/\/fa86.noblogs.org\/index.php?rest_route=%2Fwp%2Fv2%2Fcategories&post=10900"},{"taxonomy":"post_tag","embeddable":true,"href":"https:\/\/fa86.noblogs.org\/index.php?rest_route=%2Fwp%2Fv2%2Ftags&post=10900"}],"curies":[{"name":"wp","href":"https:\/\/api.w.org\/{rel}","templated":true}]}}