{"id":10978,"date":"2014-02-13T10:19:30","date_gmt":"2014-02-13T09:19:30","guid":{"rendered":"http:\/\/fa86.noblogs.org\/?p=10978"},"modified":"2014-02-13T10:30:10","modified_gmt":"2014-02-13T09:30:10","slug":"chatellerault-mepris-des-autorites-pour-le-droit-a-la-vie-des-gens-du-voyage","status":"publish","type":"post","link":"https:\/\/fa86.noblogs.org\/?p=10978","title":{"rendered":"[Ch\u00e2tellerault] M\u00e9pris des autorit\u00e9s pour le droit \u00e0 la vie des gens du voyage"},"content":{"rendered":"<p style=\"text-align: justify\"><strong>Logique de vie contre logique de profit&#8230;<\/strong><\/p>\n<p style=\"text-align: justify\">C&rsquo;est depuis longtemps l&rsquo;un des marronniers\u00a0moisis\u00a0de la presse quotidienne r\u00e9gionale&#8230; Aujourd&rsquo;hui dans la Nouvelle R\u00e9publique, les marchands et les capitalistes ayant investi la zone d&rsquo;Argenson se plaignent de voir les gens du voyage habiter les lieux. M\u00eames propos que ceux de la direction du Super-<a href=\"https:\/\/fa86.noblogs.org\/?p=10722\" target=\"_blank\">U ayant fait \u00e9vacuer un campement de caravanes <\/a>: \u00e7a donne une mauvaise \u00ab\u00a0image\u00a0\u00bb, \u00ab\u00a0\u00e7a fait fuir la client\u00e8le\u00a0\u00bb.\u00a0Passons sur d&rsquo;autres d\u00e9clarations plus naus\u00e9abondes encore&#8230;<\/p>\n<p style=\"text-align: justify\"><a href=\"http:\/\/www.lanouvellerepublique.fr\/Vienne\/Actualite\/24-Heures\/n\/Contenus\/Articles\/2014\/02\/13\/Caravanes-sur-les-parkings-le-ras-le-bol-des-commercants-1793827\" target=\"_blank\">Or\u00a0les gens du voyage habitant les lieux\u00a0rappellent \u00e0 juste titre que la mairie ne leur laisse aucun autre endroit pour vivre <\/a>: ils sont expuls\u00e9s de partout, les places sont insuffisantes sur les aires d&rsquo;accueil, l&rsquo;absence d&rsquo;infrastructures sanitaires les contraint \u00e0 la d\u00e9brouille&#8230; du coup les gens du voyage s&rsquo;installent o\u00f9 ils peuvent. On voit bien, ici comme ailleurs, que les autorit\u00e9s sont les premi\u00e8res responsables des discriminations de fait \u00e0 l&rsquo;\u00e9gard des gens du voyage, faisant le terreau d&rsquo;un racisme qui ne dit pas son nom, menant \u00e0 une n\u00e9gation agressive de leur culture.<\/p>\n<p style=\"text-align: justify\"><img loading=\"lazy\" decoding=\"async\" class=\"alignnone\" alt=\"\" src=\"http:\/\/sitesdebrouillard.hautetfort.com\/album\/escale_sur_l_aire_d_aire_d_accueil_des_voyageurs\/s6000450.JPG\" width=\"450\" height=\"337\" \/><\/p>\n<p style=\"text-align: justify\">Face \u00e0 cette incurie de la mairie,\u00a0les commer\u00e7ants n&rsquo;exigent pas des autorit\u00e9s qu&rsquo;elles offrent enfin des conditions de vie dignes aux gens du voyage ; au contraire, le discours est m\u00e9prisant, stigmatisant\u00a0: un investisseur immobilier de la zone va jusqu&rsquo;\u00e0 exiger une baisse de subventions aux associations de gens du voyage pour rembourser un manque \u00e0 gagner !\u00a0Ces braves gens du commerce \u00e9voquent des \u00ab\u00a0pissoti\u00e8res publiques\u00a0\u00bb, mais quand on lit certains de leurs propos puants, on peut\u00a0constater que d\u00e9cid\u00e9ment, pour eux,\u00a0l&rsquo;argent n&rsquo;a pas d&rsquo;odeur (1)&#8230;<\/p>\n<p style=\"text-align: justify\">Encore une fois, on\u00a0nie \u00e9hont\u00e9ment le droit fondamental d&rsquo;\u00eatres humains \u00e0 habiter quelque part, c&rsquo;est-\u00e0-dire de vivre,\u00a0droit qui ne p\u00e8se rien vis-\u00e0-vis de leur \u00ab\u00a0droit\u00a0\u00bb capitaliste \u00e0 eux, commer\u00e7ants, \u00e0 faire du profit. Et qui ne p\u00e8se rien vis-\u00e0-vis du \u00ab\u00a0droit\u00a0\u00bb de l&rsquo;incurie politicarde \u00e0 fabriquer du bouc-\u00e9missaire \u00e0 la pelle.<\/p>\n<p style=\"text-align: justify\">Soutien inconditionnel \u00e0 toutes celles et ceux qui luttent pour leur droit de vivre et d&rsquo;habiter, contre les logiques publiques et priv\u00e9es du profit \u00e9lectoral ou financier !<\/p>\n<p style=\"text-align: justify\"><em>Juanito, Pavillon Noir, 13 f\u00e9vrier 2013<\/em><\/p>\n<p style=\"text-align: justify\"><em>(1) \u00ab\u00a0L&rsquo;argent n&rsquo;a pas d&rsquo;odeur\u00a0\u00bb : expression attribu\u00e9e \u00e0 l&#8217;empereur romain Vespasien, en r\u00e9ponse au S\u00e9nat qui se plaignait que l&rsquo;Empire ait institu\u00e9, pour se financer,\u00a0des pissoti\u00e8res publiques (les fameuses \u00ab\u00a0vespasiennes\u00a0\u00bb) assorties d&rsquo;une taxe sur la collecte des urines (qui permettait de fixer les teintures textiles).<\/em><\/p>\n","protected":false},"excerpt":{"rendered":"<p>Logique de vie contre logique de profit&#8230; C&rsquo;est depuis longtemps l&rsquo;un des marronniers\u00a0moisis\u00a0de la presse quotidienne r\u00e9gionale&#8230; Aujourd&rsquo;hui dans la Nouvelle R\u00e9publique, les marchands et les capitalistes ayant investi la zone d&rsquo;Argenson se plaignent de voir les gens du voyage habiter les lieux. M\u00eames propos que ceux de la direction du Super-U ayant fait \u00e9vacuer &hellip; <a href=\"https:\/\/fa86.noblogs.org\/?p=10978\" class=\"more-link\">Continuer la lecture de <span class=\"screen-reader-text\">[Ch\u00e2tellerault] M\u00e9pris des autorit\u00e9s pour le droit \u00e0 la vie des gens du voyage<\/span> <span class=\"meta-nav\">&rarr;<\/span><\/a><\/p>\n","protected":false},"author":2691,"featured_media":0,"comment_status":"closed","ping_status":"open","sticky":false,"template":"","format":"standard","meta":{"footnotes":""},"categories":[8,12,7,29],"tags":[],"class_list":["post-10978","post","type-post","status-publish","format-standard","hentry","category-ecrits","category-okupa-y-resiste","category-propagande-marchande","category-un-toit-pour-tou-te-s"],"_links":{"self":[{"href":"https:\/\/fa86.noblogs.org\/index.php?rest_route=\/wp\/v2\/posts\/10978","targetHints":{"allow":["GET"]}}],"collection":[{"href":"https:\/\/fa86.noblogs.org\/index.php?rest_route=\/wp\/v2\/posts"}],"about":[{"href":"https:\/\/fa86.noblogs.org\/index.php?rest_route=\/wp\/v2\/types\/post"}],"author":[{"embeddable":true,"href":"https:\/\/fa86.noblogs.org\/index.php?rest_route=\/wp\/v2\/users\/2691"}],"replies":[{"embeddable":true,"href":"https:\/\/fa86.noblogs.org\/index.php?rest_route=%2Fwp%2Fv2%2Fcomments&post=10978"}],"version-history":[{"count":6,"href":"https:\/\/fa86.noblogs.org\/index.php?rest_route=\/wp\/v2\/posts\/10978\/revisions"}],"predecessor-version":[{"id":10980,"href":"https:\/\/fa86.noblogs.org\/index.php?rest_route=\/wp\/v2\/posts\/10978\/revisions\/10980"}],"wp:attachment":[{"href":"https:\/\/fa86.noblogs.org\/index.php?rest_route=%2Fwp%2Fv2%2Fmedia&parent=10978"}],"wp:term":[{"taxonomy":"category","embeddable":true,"href":"https:\/\/fa86.noblogs.org\/index.php?rest_route=%2Fwp%2Fv2%2Fcategories&post=10978"},{"taxonomy":"post_tag","embeddable":true,"href":"https:\/\/fa86.noblogs.org\/index.php?rest_route=%2Fwp%2Fv2%2Ftags&post=10978"}],"curies":[{"name":"wp","href":"https:\/\/api.w.org\/{rel}","templated":true}]}}