{"id":11002,"date":"2014-02-17T11:01:22","date_gmt":"2014-02-17T10:01:22","guid":{"rendered":"http:\/\/fa86.noblogs.org\/?p=11002"},"modified":"2014-02-20T00:04:12","modified_gmt":"2014-02-19T23:04:12","slug":"notre-histoire-a-propos-des-communistes-et-de-leur-repression-des-anarchistes","status":"publish","type":"post","link":"https:\/\/fa86.noblogs.org\/?p=11002","title":{"rendered":"[Notre histoire] A propos des staliniens et de leur r\u00e9pression des anarchistes lors de la r\u00e9volution espagnole"},"content":{"rendered":"<p style=\"text-align: justify\"><em><strong>NdPN<\/strong> : alors que certains historiens \u00ab\u00a0communistes\u00a0\u00bb encensent encore le r\u00f4le des staliniens dans la lutte contre Franco lors de la guerre civile espagnole, nous jugeons utile de faire quelques rappels sur le r\u00f4le du parti communiste espagnol dans la contre-r\u00e9volution.<\/em><\/p>\n<p style=\"text-align: justify\"><em>Et notamment\u00a0sur le r\u00f4le de Enrique L\u00edster dans la destruction des collectivit\u00e9s libertaires et la r\u00e9pression brutale de nombreux.euses anarchistes et poumistes.<\/em><\/p>\n<p style=\"text-align: justify\"><em>Rappels importants, \u00e0 la veille d&rsquo;une <a href=\"http:\/\/poitiers.demosphere.eu\/rv\/87\" target=\"_blank\">conf\u00e9rence sur l&rsquo;exil espagnol, qui sera donn\u00e9e \u00e0 Poitiers par son fils Enrique Lister Lopez (prof de fac \u00e0 Poitiers)<\/a>. Or celui-ci consid\u00e8re toujours son p\u00e8re avec admiration, et il a particip\u00e9 avec lui en 1973\u00a0\u00e0 la fondation du PCOE espagnol,\u00a0prosovi\u00e9tique, en r\u00e9action \u00e0 un PCE qui prenait ses distances par rapport \u00e0 l&rsquo;URSS.<\/em><\/p>\n<p style=\"text-align: justify\"><em>Si nombre de militant.e.s communistes espagnol.e.s (et fran\u00e7ais) d&rsquo;hier et d&rsquo;aujourd&rsquo;hui sont de sinc\u00e8res militant.e.s, nous ne pouvons \u00e9luder une critique s\u00e9v\u00e8re de la bureaucratie stalinienne, et jugeons indispensable de leur faire entendre un autre son de cloche !<\/em><\/p>\n<p style=\"text-align: justify\"><em>Pour notre part, nous saluons la m\u00e9moire des anarchistes et poumistes espagnol.e.s assassin\u00e9.e.s par Franco et les staliniens, comme nous saluons celle des anarchistes de Cronstadt ou d&rsquo;Ukraine assassin\u00e9.e.s par les l\u00e9ninistes.<\/em><\/p>\n<p style=\"text-align: justify\">***<\/p>\n<p style=\"text-align: justify\"><strong>LA MONTEE DES COMMUNISTES<\/strong><\/p>\n<p style=\"text-align: justify\" align=\"justify\">A la veille de la guerre civile, le P.C. espagnol est rachitique\u00a0: il compte moins de 30.000 membres et n\u2019est pas parvenu \u00e0 contr\u00f4ler l\u2019U.G\u00a0:T. que le Parti Socialiste tient sous sa coupe. D\u2019autre part, il ne peut pas toucher le prol\u00e9tariat r\u00e9volutionnaire qui suit la C.N.T.-F.A.I. Pour se d\u00e9velopper et contrecarrer les succ\u00e8s anarchistes il ne peut que soutenir une politique r\u00e9actionnaire de d\u00e9fense de la propri\u00e9t\u00e9 priv\u00e9e et de respect de la l\u00e9galit\u00e9 bourgeoise.<\/p>\n<p style=\"text-align: justify\" align=\"justify\">Le 17 d\u00e9cembre 1936, la \u00ab\u00a0Pravda\u00a0\u00bb \u00e9crit\u00a0: \u00ab\u00a0En Cata\u00adlogne, l\u2019\u00e9limination des trotskystes et des anarcho-syndi\u00adcalistes a d\u00e9j\u00e0 commenc\u00e9\u00a0; elle sera conduite avec la m\u00eame \u00e9nergie qu\u2019en U.R.S.S.\u00a0\u00bb A la m\u00eame \u00e9poque, Uribe prononce un discours o\u00f9 il assure aux petits propri\u00e9\u00adtaires individualistes que les fusils du P.C. sont \u00e0 leur disposition. Dans toutes les villes de l\u2019Espagne r\u00e9publi\u00adcaine, le P.C. se manifeste comme l\u2019adversaire principal des milices et de l\u2019autogestion. Fort en outre des livrai\u00adsons d\u2019armes russes, il ne tarde pas \u00e0 cueillir les fruits de sa politique.<\/p>\n<p style=\"text-align: justify\" align=\"justify\">Le P.C. recrute en masse parmi les \u00e9l\u00e9ments les plus conservateurs du bloc r\u00e9publicain\u00a0: personnel militaire et administratif, petits bourgeois et paysans ais\u00e9s, employ\u00e9s. On voit m\u00eame, \u00e0 Valence, adh\u00e9rer les anciens de la C.E.D.A. (Conf\u00e9d\u00e9ration Espagnole des Droites Autono\u00admes). Parti de moins de 30.000 membres, le P. C. passe en un an \u00e0 plus d\u2019un million d\u2019inscrits. Sur ce total, il n\u2019y a que tr\u00e8s peu de prol\u00e9taires\u00a0: une statistique montre qu\u2019en 1938, \u00e0 Madrid, il n\u2019y a que 10.160 syndiqu\u00e9s sur 63.426 inscrits, c\u2019est-\u00e0-dire qu\u2019il n\u2019y a que 10.160 per\u00adsonnes pouvant faire partie d\u2019une organisation de classe du prol\u00e9tariat. Peu \u00e0 peu, le P.C. s\u2019empare de tous les postes les plus importants de l\u2019Etat r\u00e9publicain. Gr\u00e2ce au commis\u00adsaire g\u00e9n\u00e9ral Alvarez del Vayo, il parvient \u00e0 coloniser le Commissariat Politique et, par cet interm\u00e9diaire, accro\u00eet consid\u00e9rablement son influence dans l\u2019Arm\u00e9e Populaire. Ce sont des communistes qui contr\u00f4lent les services de la censure et du chiffre. D\u00e9j\u00e0 ils constituent un Etat dans l\u2019Etat. Et lorsque le S.LM.\u00a0(Servicio de Investigacion Militar) est cr\u00e9\u00e9 par un d\u00e9cret du 15 ao\u00fbt 1937, les com\u00admunistes, aid\u00e9s par les \u00ab\u00a0techniciens\u00a0\u00bb de la N.K.V.D.[anc\u00eatre du\u00a0!KGB, ndCNT-AIT] d\u00e9p\u00each\u00e9s par Staline, n\u2019ont aucune peine \u00e0 mettre la main dessus. Police politique toute-puissante, disposant de plus de 6.000 agents, de prisons et de camps de concentration, d\u00e9cidant arrestations et ex\u00e9cutions sans enqu\u00eate ni jugement, le S.LM.\u00a0rend d\u2019appr\u00e9ciables servi\u00adces au P, C. en \u00e9liminant nombre de ceux qui osent s\u2019opposer \u00e0 lui.<\/p>\n<p style=\"text-align: justify\" align=\"justify\"><strong>LES JOURNEES DE MAI<\/strong><\/p>\n<p style=\"text-align: justify\" align=\"justify\">Apr\u00e8s la militarisation des milices, apr\u00e8s les multiples sabotages dont sont victimes les collectivit\u00e9s autogestion\u00adnaires, il est in\u00e9vitable que monte la tension et que celle-ci d\u00e9g\u00e9n\u00e8re en affrontement arm\u00e9. De multiples accrochages ont lieu entre communistes et anarchistes. Mais aucun n\u2019atteint la violence que prennent, \u00e0 Barce\u00adlone, les journ\u00e9es de mai 1937.<\/p>\n<p style=\"text-align: justify\" align=\"justify\">Le 3 mai 1937, un commissaire communiste, Rodriguez Salas, se pr\u00e9sente au Central T\u00e9l\u00e9phonique de Barcelone avec trois camions charg\u00e9s de gardes. Il tente d\u2019arr\u00eater les militants anarchistes qui occupent et font fonctionner le Central, mais la col\u00e8re populaire, une nouvelle fois provoqu\u00e9e, explose\u00a0: aussit\u00f4t la gr\u00e8ve g\u00e9n\u00e9rale s\u2019abat sur Barcelone qui se couvre de barricades. On tire de tous c\u00f4t\u00e9s. Il faut l\u2019intervention des ministres anarchistes, prisonniers de leur politique, pour que le calme revienne le 6 mai. Les communistes ont pu constater la puissance que conservent les anarchistes, mais ceux-ci ont laiss\u00e9 \u00e9chapper l\u2019occasion de renverser une situation qui ne cesse d\u2019\u00e9voluer \u00e0 leur d\u00e9savantage.<\/p>\n<p style=\"text-align: justify\" align=\"justify\">Le bilan officiel des combats (certainement tr\u00e8s au\u00ad dessous de la v\u00e9rit\u00e9) s\u2019\u00e9l\u00e8ve \u00e0 500 tu\u00e9s et 1.000 bless\u00e9s. Parmi les victimes, on trouve le cadavre de Camillo Berneri\u00a0: enlev\u00e9 chez lui par un commando communiste, il a \u00e9t\u00e9 abattu de sang-froid pour ses id\u00e9es r\u00e9volution\u00adnaires. Sa mort appara\u00eet comme le symbole de la d\u00e9route anarchiste devant le machiav\u00e9lisme communiste. On se rend compte que la pr\u00e9diction du 17 d\u00e9cembre de la \u00ab\u00a0Pravda\u00a0\u00bb n\u2019\u00e9tait pas un vain mort.<\/p>\n<p style=\"text-align: justify\" align=\"justify\"><strong>L\u2019ATTAQUE DES COLLECTIVITES<\/strong><\/p>\n<p style=\"text-align: justify\" align=\"justify\">Mais l\u2019entreprise insens\u00e9e d\u2019\u00e9crasement de la r\u00e9volu\u00adtion que les communistes ont commenc\u00e9e ne va pas s\u2019arr\u00eater l\u00e0. En ao\u00fbt 1937, une attaque de grande enver\u00adgure est d\u00e9clench\u00e9e contre l\u2019Aragon, r\u00e9gion enti\u00e8rement organis\u00e9e par les anarchistes.<\/p>\n<p style=\"text-align: justify\" align=\"justify\">C\u2019est d\u2019abord un d\u00e9cret gouvernemental qui dissout le Conseil d\u2019Aragon. Imm\u00e9diatement, la 11e division du com\u00admandant communiste Enrique Lister (qui s\u2019\u00e9tait d\u00e9j\u00e0 signal\u00e9 par sa hargne contre les collectivit\u00e9s de Castille), appuy\u00e9e par des tanks, passe \u00e0 l\u2019action contre les collec\u00adtivit\u00e9s aragonaises\u00a0: des centaines de militants anar\u00adchistes sont arr\u00eat\u00e9s, les locaux de la C.N.T\u00a0: F.A.I. sont d\u00e9truits et ses journaux locaux interdits, les greniers sont pill\u00e9s. 30 % des collectivit\u00e9s sont enti\u00e8rement d\u00e9truites, b\u00e2timents incendi\u00e9s, collectivistes en fuite, en prison ou morts. Sous la menace, Lister contraint les paysans \u00e0 se partager les terres et \u00e0 signer des actes de propri\u00e9t\u00e9. Dans le Levant et en Castille, des attaques similaires sont perp\u00e9tr\u00e9es contre les collectivit\u00e9s, quoique sur une moins grande \u00e9chelle, moins \u00ab\u00a0scientifiquement\u00a0\u00bb.<\/p>\n<p style=\"text-align: justify\" align=\"justify\">Pourtant, d\u00e8s que les tanks communistes repartent, mal\u00adgr\u00e9 les risques qu\u2019ils courent, les paysans aragonais br\u00fb\u00adlent les actes sign\u00e9s sous la contrainte et parviennent \u00e0 reconstituer, avec ce qu\u2019ils peuvent sauver de cette trag\u00e9die, 70 % des anciennes collectivit\u00e9s. Cette fid\u00e9lit\u00e9 \u00e0 la collectivisation montre \u00e0 quel point les paysans ont su acqu\u00e9rir une conscience socialiste.<\/p>\n<p style=\"text-align: justify\" align=\"justify\">Il n\u2019en reste pas moins que l\u2019\u00e9conomie collectiviste a \u00e9t\u00e9 rudement touch\u00e9e. Si les collectivit\u00e9s autog\u00e9r\u00e9es continuent \u00e0 vivoter, surtout dans l\u2019agriculture, la r\u00e9action bourgeoise int\u00e9rieure au camp r\u00e9publicain a cette fois bel et bien triomph\u00e9. L\u2019Etat R\u00e9publicain a recouvr\u00e9 ses anciennes pr\u00e9rogatives. Le Parti Communiste est tout puissant. De nombreux propri\u00e9taires, jusqu\u2019alors \u00e0 l\u2019\u00e9tran\u00adger, reviennent r\u00e9cup\u00e9rer leurs biens. La bureaucratie s\u2019introduit partout. Les anarchistes, \u00e9gar\u00e9s dans leur poli\u00adtique minist\u00e9rialiste, ne peuvent plus renverser la vapeur.<\/p>\n<p style=\"text-align: justify\" align=\"justify\">D\u00e9sormais, il n\u2019est plus question d\u2019une R\u00e9volution Sociale en Espagne, mais seulement d\u2019une Guerre Civile. Et ceux qui se sont montr\u00e9s si efficaces dans l\u2019\u00e9crase\u00adment de la R\u00e9volution seront incapables de gagner la Guerre. La R\u00e9volution \u00e9tait le nerf de la Guerre, et ils l\u2019ont coup\u00e9&#8230;<\/p>\n<p style=\"text-align: justify\" align=\"justify\"><em>GROUPE EUGENE-VARLIN &#8211; O.R.A. &#8211; NICE Premi\u00e8re \u00e9dition\u00a0: Espoir CNT-AIT, Toulouse, sans dates (lire <a href=\"http:\/\/cnt-ait.info\/article.php3?id_article=1249\" target=\"_blank\">l&rsquo;article complet ici<\/a>)<\/em><\/p>\n<p style=\"text-align: justify\" align=\"justify\">***<\/p>\n<p style=\"text-align: justify\" align=\"justify\">Fernando Malverde doit savoir que \u00ab\u00a0la\u00a0guerre civile dans la guerre civile\u00a0\u00bb ne g\u00eana gu\u00e8re les communistes espagnols, largement \u00e9paul\u00e9s par une armada de \u00ab\u00a0conseillers\u00a0\u00bb sovi\u00e9tiques, dans cette t\u00e2che immonde que le journal <em>la Pravda,<\/em> de Moscou, annon\u00e7ait en ces termes d\u00e8s le 17\u00a0d\u00e9cembre 1936\u00a0: <em>\u00ab\u00a0En\u00a0Catalogne, l\u2019\u00e9limination des trotskistes et des anarcho-syndicalistes a d\u00e9j\u00e0 commenc\u00e9 ; elle sera conduite avec la m\u00eame \u00e9nergie qu\u2019en URSS.\u00a0\u00bb<\/em><\/p>\n<p style=\"text-align: justify\" align=\"justify\">Comment qualifier, en effet, la tentative de \u00ab\u00a0coup d\u2019Etat\u00a0\u00bb stalinien qui donna lieu aux sanglantes \u00ab\u00a0journ\u00e9es de mai\u00a0\u00bb 1937\u00a0; les enl\u00e8vements et assassinats du militant anarchiste italien Camilo Berneri et des dirigeants du Parti ouvrier d\u2019unification marxiste (POUM), entre autres\u00a0; l\u2019\u00e9limination physique de nombre d\u2019adh\u00e9rents de cette m\u00eame organisation\u00a0; l\u2019abandon du front de guerre, par les nervis communistes du sinistre Enrique Lister, pour se livrer \u00e0 la destruction des collectivisations libertaires d\u2019Aragon\u00a0?<\/p>\n<p style=\"text-align: justify\" align=\"justify\">Tous les Malverde de la terre auront beau continuer \u00e0 s\u2019abreuver aux sources du mensonge, tous ces faits, d\u00e9sormais connus, ne pourront plus \u00eatre tus ou trafiqu\u00e9s comme ils le furent durant la p\u00e9riode de toute-puissance stalinienne. Et s\u2019il est d\u2019autres v\u00e9rit\u00e9s \u00e0 d\u00e9couvrir dans l\u2019histoire de cette r\u00e9volution trahie, nul doute qu\u2019elles ne seront gu\u00e8re \u00e0 l\u2019avantage de ces assassins d\u2019hier et de ceux qui les d\u00e9fendent encore aujourd\u2019hui.<\/p>\n<p style=\"text-align: justify\" align=\"justify\"><em>Flor\u00e9al, 5 janvier 2013, <a href=\"http:\/\/florealanar.wordpress.com\/2013\/01\/05\/indecrottable\/\" target=\"_blank\">sur son blog<\/a><\/em><\/p>\n<p style=\"text-align: justify\" align=\"justify\">***<\/p>\n<p style=\"text-align: justify\" align=\"justify\">Oubli du r\u00f4le du Psuc stalinien en mai 1937 \u00e0 Barcelone\u00a0: v\u00e9ritable guerre civile dans la guerre civile pour mettre au pas les anarchistes et leur r\u00e9volution. L\u2019attaque du central t\u00e9l\u00e9phonique n\u2019\u00e9tait qu\u2019une provocation de plus\u00a0; \u00e0 Moscou la <em>Pravda<\/em> l\u2019avait annonc\u00e9 sans ambigu\u00eft\u00e9 d\u00e8s d\u00e9cembre 1936\u00a0: \u00ab\u00a0En Catalogne, l\u2019\u00e9limination des trotskistes et des anarcho-syndicalistes a d\u00e9j\u00e0 commenc\u00e9\u00a0; elle sera conduite avec la m\u00eame \u00e9nergie qu\u2019en URSS.\u00a0\u00bb<\/p>\n<p style=\"text-align: justify\" align=\"justify\">\n<p style=\"text-align: justify\" align=\"justify\">Oubli\u00e9s, aussi, les arrestations et assassinats de militants anarchistes comme Berneri, ou poumistes comme Nin. Quand les r\u00e9volutionnaires interrogeaient sur les murs de Barcelone \u00ab\u00a0\u00bf\u00a0A donde est\u00e1 Nin\u00a0?\u00a0\u00bb (O\u00f9 est Nin\u00a0?), l\u2019agit-prop stalinienne r\u00e9pondait \u00ab\u00a0En Burgos o en Berl\u00edn\u00a0\u00bb (\u00e0 Burgos ou \u00e0 Berlin), c\u2019est-\u00e0-dire chez Franco ou chez Hitler. Le torturer, le tuer ne suffisait pas, il fallait aussi le calomnier.<\/p>\n<p style=\"text-align: justify\" align=\"justify\">Oubli\u00e9e, la destruction, par le stalinien Enrique Lister, des collectivit\u00e9s d\u2019Aragon et l\u2019\u00e9limination physique des membres de leur conseil (tous anarchistes).<\/p>\n<p style=\"text-align: justify\" align=\"justify\">Oubli\u00e9e, la fourniture savamment orient\u00e9e de l\u2019armement livr\u00e9 par les sovi\u00e9tiques\u00a0: g\u00e9n\u00e9reusement dirig\u00e9 vers les bataillons sous commandement communiste, et seulement promis aux milices anarchistes \u00e0 condition qu\u2019elles acceptent la militarisation.<\/p>\n<p style=\"text-align: justify\" align=\"justify\">Oubli\u00e9\u2026 Arr\u00eatons-l\u00e0 cette liste. C\u00f4t\u00e9 r\u00e9publicain, tous les combattants de base du Parti communiste n\u2019\u00e9taient certes pas des salauds, mais leurs dirigeants si\u00a0! Pas vraiment tra\u00eetres puisque, d\u00e8s le d\u00e9part, ils l\u2019avait annonc\u00e9\u00a0: ils ne voulaient pas d\u2019une r\u00e9volution, mais simplement d\u2019une r\u00e9publique bourgeoise (premi\u00e8re \u00e9tape vers le socialisme suivant le sch\u00e9ma classique marxiste-l\u00e9niniste). Les exactions contre les autres forces antifascistes\u00a0? Ils ne savaient pas\u00a0? (L\u2019ouverture des archives \u00e0 Moscou leur a un peu rafra\u00eechi la m\u00e9moire, surtout en ce qui concerne l\u2019assassinat de Nin) C\u2019\u00e9tait la faute aux m\u00e9chants conseillers du NKVD\u00a0? Ah bon\u00a0? Mais alors Staline donnait vraiment ses ordres au PCE\u00a0? Ben merde alors, c\u2019est pas avec le PCF de Thorez que \u00e7a serait arriv\u00e9, \u00e7a\u00a0!<\/p>\n<p style=\"text-align: justify\" align=\"justify\">Quoi\u00a0? Les anarchistes n\u2019oublient pas\u00a0? Ce n\u2019est pas \u00eatre rancuniers, c\u2019est juste avoir de la m\u00e9moire.<\/p>\n<p style=\"text-align: justify\" align=\"justify\"><em>extrait <a href=\"http:\/\/www.monde-libertaire.fr\/international\/16171-trous-de-memoire-de-la-prose-dun-stalinien-dans-le-diplo\" target=\"_blank\">d&rsquo;un article de Ramon Pino<\/a>, dans le Monde Libertaire n\u00b01693 (janvier 2013)<\/em><\/p>\n<p style=\"text-align: justify\" align=\"justify\">***<\/p>\n<p style=\"text-align: justify\" align=\"justify\">C\u2019est au nom de la d\u00e9fense de la propri\u00e9t\u00e9 priv\u00e9e que la 11e division du commandant communiste Enrique Lister, appuy\u00e9e par des chars, second\u00e9e par la 27e division \u00ab Karl-Marx \u00bb, entre en Aragon pendant l\u2019\u00e9t\u00e9 1937 et tente de liquider par la terreur les collectivit\u00e9s agricoles libertaires pour les remettre aux anciens propri\u00e9taires : 30 % des collectivit\u00e9s furent ainsi d\u00e9truites. Le coup port\u00e9 contribua grandement \u00e0 la rupture du front quelques mois plus tard. Des attaques identiques furent port\u00e9es contre les collectivit\u00e9s du Levant et de la Castille. Plut\u00f4t que de se battre sur le front, les troupes communistes \u00ab sem\u00e8rent la terreur dans l\u2019arri\u00e8re aragonais, non loin des fronts o\u00f9 les divisions conf\u00e9d\u00e9rales 25, 26, et 28 contenaient l\u2019ennemi. On proc\u00e9da \u00e0 l\u2019occupation militaire des villages et \u00e0 l\u2019assaut des locaux de la CNT-FAI et des Jeunesses libertaires, ainsi qu\u2019\u00e0 la destruction des collectivit\u00e9s et \u00e0 la dissolution des conseils municipaux. \u00bb (F\u00e9lix Carrasquer, Les collectivit\u00e9s d\u2019Aragon, Espagne 36-39, \u00e9ditions CNT-R\u00e9gion parisienne.)<\/p>\n<p style=\"text-align: justify\">C\u2019est Lister lui-m\u00eame qui explique le plus clairement le sens de sa mission : convoqu\u00e9 par Indalecio Prieto, le ministre de la d\u00e9fense, il le rencontre le matin du 5 ao\u00fbt 1937 : \u00ab Il m\u2019expliqua que le Gouvernement avait d\u00e9cid\u00e9 de dissoudre le Conseil d\u2019Aragon mais qu\u2019il craignait que les anarchistes refusent d\u2019ob\u00e9ir \u00e0 cet ordre et comme, en plus des forces de police du Conseil, ils avaient l\u00e0-bas trois divisions de l\u2019Arm\u00e9e, il avait propos\u00e9 au Conseil des Ministres et celui-ci l\u2019avait accept\u00e9, d\u2019envoyer l\u00e0-bas une force militaire capable d\u2019assurer l\u2019accomplissement de la d\u00e9cision gouvernementale. [\u2026] Il me d\u00e9clara qu\u2019il n\u2019y aurait aucun ordre \u00e9crit pour la mission dont on me chargeait, ni communiqu\u00e9s sur l\u2019accomplissement de celle-ci ; qu\u2019il s\u2019agissait d\u2019un secret entre le Gouvernement et moi, que je devais liquider sans h\u00e9sitations, ni d\u00e9marches bureaucratiques ou l\u00e9galistes, tous ceux que je consid\u00e9rerais utile de liquider, que j\u2019avais derri\u00e8re moi tout le Gouvernement \u00bb (Enrique Lister, Nuestra Guerra, \u00e9ditions Ebro, Paris, p. 152.)<\/p>\n<p style=\"text-align: justify\">Extrait de Mai-juin 1937 : Contre-r\u00e9volution stalinienne en Espagne, de Ren\u00e9 Berthier (lire <a href=\"http:\/\/monde-nouveau.net\/IMG\/pdf\/Contre-revolution_stalinienne_en_Espagne.pdf\" target=\"_blank\">le texte int\u00e9gral sur Monde Nouveau<\/a>)<\/p>\n","protected":false},"excerpt":{"rendered":"<p>NdPN : alors que certains historiens \u00ab\u00a0communistes\u00a0\u00bb encensent encore le r\u00f4le des staliniens dans la lutte contre Franco lors de la guerre civile espagnole, nous jugeons utile de faire quelques rappels sur le r\u00f4le du parti communiste espagnol dans la contre-r\u00e9volution. Et notamment\u00a0sur le r\u00f4le de Enrique L\u00edster dans la destruction des collectivit\u00e9s libertaires et &hellip; <a href=\"https:\/\/fa86.noblogs.org\/?p=11002\" class=\"more-link\">Continuer la lecture de <span class=\"screen-reader-text\">[Notre histoire] A propos des staliniens et de leur r\u00e9pression des anarchistes lors de la r\u00e9volution espagnole<\/span> <span class=\"meta-nav\">&rarr;<\/span><\/a><\/p>\n","protected":false},"author":2691,"featured_media":0,"comment_status":"closed","ping_status":"open","sticky":false,"template":"","format":"standard","meta":{"footnotes":""},"categories":[1],"tags":[],"class_list":["post-11002","post","type-post","status-publish","format-standard","hentry","category-general"],"_links":{"self":[{"href":"https:\/\/fa86.noblogs.org\/index.php?rest_route=\/wp\/v2\/posts\/11002","targetHints":{"allow":["GET"]}}],"collection":[{"href":"https:\/\/fa86.noblogs.org\/index.php?rest_route=\/wp\/v2\/posts"}],"about":[{"href":"https:\/\/fa86.noblogs.org\/index.php?rest_route=\/wp\/v2\/types\/post"}],"author":[{"embeddable":true,"href":"https:\/\/fa86.noblogs.org\/index.php?rest_route=\/wp\/v2\/users\/2691"}],"replies":[{"embeddable":true,"href":"https:\/\/fa86.noblogs.org\/index.php?rest_route=%2Fwp%2Fv2%2Fcomments&post=11002"}],"version-history":[{"count":15,"href":"https:\/\/fa86.noblogs.org\/index.php?rest_route=\/wp\/v2\/posts\/11002\/revisions"}],"predecessor-version":[{"id":11023,"href":"https:\/\/fa86.noblogs.org\/index.php?rest_route=\/wp\/v2\/posts\/11002\/revisions\/11023"}],"wp:attachment":[{"href":"https:\/\/fa86.noblogs.org\/index.php?rest_route=%2Fwp%2Fv2%2Fmedia&parent=11002"}],"wp:term":[{"taxonomy":"category","embeddable":true,"href":"https:\/\/fa86.noblogs.org\/index.php?rest_route=%2Fwp%2Fv2%2Fcategories&post=11002"},{"taxonomy":"post_tag","embeddable":true,"href":"https:\/\/fa86.noblogs.org\/index.php?rest_route=%2Fwp%2Fv2%2Ftags&post=11002"}],"curies":[{"name":"wp","href":"https:\/\/api.w.org\/{rel}","templated":true}]}}