{"id":11197,"date":"2014-03-18T12:00:54","date_gmt":"2014-03-18T11:00:54","guid":{"rendered":"http:\/\/fa86.noblogs.org\/?p=11197"},"modified":"2014-03-18T12:03:03","modified_gmt":"2014-03-18T11:03:03","slug":"les-canons-du-18-mars","status":"publish","type":"post","link":"https:\/\/fa86.noblogs.org\/?p=11197","title":{"rendered":"[Notre histoire] Les canons du 18 mars"},"content":{"rendered":"<p style=\"text-align: justify\"><em><strong>NdPN<\/strong> : il y a 143 ans, les prolos trait\u00e9s comme de la merde par la R\u00e9publique ne se content\u00e8rent pas d&rsquo;une procession face \u00e0 la d\u00e9possession impos\u00e9e par la bourgeoisie\u00a0: ils pass\u00e8rent aux actes. Sur les rapports entre la Commune de Paris et les anarchistes, on consultera par exemple <a href=\"http:\/\/www.monde-libertaire.fr\/autogestion\/14450-la-commune-de-paris-et-les-anarchistes\" target=\"_blank\">cet article de M. Joyeux<\/a>, ou <a href=\"http:\/\/cnt-ait.info\/article.php3?id_article=1289\" target=\"_blank\">cet article de J.D.<\/a><\/em><\/p>\n<figure style=\"width: 488px\" class=\"wp-caption alignnone\"><img loading=\"lazy\" decoding=\"async\" alt=\"\" src=\"http:\/\/chroniques-rebelles.info\/IMG\/jpg\/LesCanonsdu18Mars488.jpg\" width=\"488\" height=\"243\" \/><figcaption class=\"wp-caption-text\">Tardi- Le cri du peuple<\/figcaption><\/figure>\n<p style=\"text-align: justify\">***<\/p>\n<p style=\"text-align: justify\"><strong>Le 18 mars 1871<\/strong>,\u00a0 d\u00e9but de la Commune de Paris. Alors que Paris est encercl\u00e9 par l&rsquo;arm\u00e9e prussienne,\u00a0 Thiers, chef du gouvernement de d\u00e9fense nationale, donne ordre\u00a0 \u00e0 l&rsquo;arm\u00e9e d&rsquo;aller r\u00e9cup\u00e9rer les canons en\u00a0 position sur les hauteurs de Montmartre. Mais la population, qui\u00a0 s&rsquo;oppose \u00e0 cette mesure, entoure la troupe. Le\u00a0 g\u00e9n\u00e9ral Lecomte commande le feu, mais les soldats\u00a0 mettent crosse en l&rsquo;air. Le comte est arr\u00eat\u00e9 ainsi que le\u00a0 g\u00e9n\u00e9ral Thomas (un autre fusilleur !). Ils sont\u00a0 pass\u00e9s par les armes par une foule en col\u00e8re. C&rsquo;est le\u00a0 d\u00e9but de la r\u00e9volution. Des groupes d&rsquo;insurg\u00e9s\u00a0se r\u00e9pandent dans la ville. Les autorit\u00e9s,\u00a0 apeur\u00e9es, se replient en catastrophe sur Versailles. Les\u00a0 r\u00e9volutionnaires se concertent. Les Blanquistes proposent une marche sur\u00a0 Versailles pour se d\u00e9barrasser du gouvernement, mais\u00a0 malheureusement leur avis n&rsquo;est pas suivi. La Commune de Paris est en\u00a0 train de na\u00eetre ; elle ne sera proclam\u00e9e que\u00a0\u00a0 le 28 mars.<\/p>\n<p style=\"text-align: justify\"><em>Eph\u00e9m\u00e9rides anarchistes<\/em><\/p>\n<p style=\"text-align: justify\">\n","protected":false},"excerpt":{"rendered":"<p>NdPN : il y a 143 ans, les prolos trait\u00e9s comme de la merde par la R\u00e9publique ne se content\u00e8rent pas d&rsquo;une procession face \u00e0 la d\u00e9possession impos\u00e9e par la bourgeoisie\u00a0: ils pass\u00e8rent aux actes. Sur les rapports entre la Commune de Paris et les anarchistes, on consultera par exemple cet article de M. Joyeux, &hellip; <a href=\"https:\/\/fa86.noblogs.org\/?p=11197\" class=\"more-link\">Continuer la lecture de <span class=\"screen-reader-text\">[Notre histoire] Les canons du 18 mars<\/span> <span class=\"meta-nav\">&rarr;<\/span><\/a><\/p>\n","protected":false},"author":2691,"featured_media":0,"comment_status":"closed","ping_status":"open","sticky":false,"template":"","format":"standard","meta":{"footnotes":""},"categories":[17],"tags":[],"class_list":["post-11197","post","type-post","status-publish","format-standard","hentry","category-education-populaire"],"_links":{"self":[{"href":"https:\/\/fa86.noblogs.org\/index.php?rest_route=\/wp\/v2\/posts\/11197","targetHints":{"allow":["GET"]}}],"collection":[{"href":"https:\/\/fa86.noblogs.org\/index.php?rest_route=\/wp\/v2\/posts"}],"about":[{"href":"https:\/\/fa86.noblogs.org\/index.php?rest_route=\/wp\/v2\/types\/post"}],"author":[{"embeddable":true,"href":"https:\/\/fa86.noblogs.org\/index.php?rest_route=\/wp\/v2\/users\/2691"}],"replies":[{"embeddable":true,"href":"https:\/\/fa86.noblogs.org\/index.php?rest_route=%2Fwp%2Fv2%2Fcomments&post=11197"}],"version-history":[{"count":4,"href":"https:\/\/fa86.noblogs.org\/index.php?rest_route=\/wp\/v2\/posts\/11197\/revisions"}],"predecessor-version":[{"id":11201,"href":"https:\/\/fa86.noblogs.org\/index.php?rest_route=\/wp\/v2\/posts\/11197\/revisions\/11201"}],"wp:attachment":[{"href":"https:\/\/fa86.noblogs.org\/index.php?rest_route=%2Fwp%2Fv2%2Fmedia&parent=11197"}],"wp:term":[{"taxonomy":"category","embeddable":true,"href":"https:\/\/fa86.noblogs.org\/index.php?rest_route=%2Fwp%2Fv2%2Fcategories&post=11197"},{"taxonomy":"post_tag","embeddable":true,"href":"https:\/\/fa86.noblogs.org\/index.php?rest_route=%2Fwp%2Fv2%2Ftags&post=11197"}],"curies":[{"name":"wp","href":"https:\/\/api.w.org\/{rel}","templated":true}]}}