{"id":11256,"date":"2014-03-23T20:25:20","date_gmt":"2014-03-23T19:25:20","guid":{"rendered":"http:\/\/fa86.noblogs.org\/?p=11256"},"modified":"2014-03-23T20:25:20","modified_gmt":"2014-03-23T19:25:20","slug":"poitiers-csp86-pari-gagne","status":"publish","type":"post","link":"https:\/\/fa86.noblogs.org\/?p=11256","title":{"rendered":"[Poitiers] CSP86 : pari gagn\u00e9 !"},"content":{"rendered":"<p style=\"text-align: justify\"><a href=\"http:\/\/dal86.fr\/2014\/03\/23\/csp86-pari-gagne\/\" target=\"_blank\"><strong>CSP86 : pari gagn\u00e9 !<\/strong><\/a><\/p>\n<p style=\"text-align: justify\"><img loading=\"lazy\" decoding=\"async\" class=\"alignleft\" alt=\"\" src=\"http:\/\/dal86.fr\/wp-content\/uploads\/2014\/03\/CSP86_V2-150x150.jpg\" width=\"150\" height=\"150\" \/>Le Collectif de familles et personnes seules sans papiers ou en situation administrative pr\u00e9caire (CSP86), a appel\u00e9 \u00e0 un rassemblement mercredi en d\u00e9but d\u2019apr\u00e8s-midi devant la pr\u00e9fecture pour demander l\u2019arr\u00eat de l\u2019acharnement \u00e0 leur encontre et le respect de leurs droits fondamentaux.<\/p>\n<p style=\"text-align: justify\">Ce f\u00fbt une r\u00e9ussite pour une premi\u00e8re puisque une soixantaine de personnes, principaux concern\u00e9s qui ont d\u00e9cid\u00e9 de relever la t\u00eate et quelques uns de leur soutiens, ont r\u00e9pondu pr\u00e9sent pour exiger des papiers permettant d\u2019entrer dans le droit commun et d\u2019avoir des conditions dignes d\u2019existence en particulier un logement d\u00e9cent pour tous. Nous avons demand\u00e9 qu\u2019une d\u00e9l\u00e9gation soit re\u00e7ue par madame la pr\u00e9f\u00e8te de r\u00e9gion ce qui nous a \u00e9t\u00e9 refus\u00e9.<\/p>\n<p style=\"text-align: justify\">L\u2019id\u00e9e \u00e9tait de rendre visible sur le terrain de la lutte ce Collectif compos\u00e9 des principaux int\u00e9ress\u00e9s. En effet, il y a un an, suite aux nombreuses familles et personnes seules sans papiers ou en situation administrative pr\u00e9caire qui prenaient contact avec le Dal86 concernant leurs probl\u00e8mes de logement, le Dal86 a d\u00e9cid\u00e9, car c\u2019est pr\u00e9cis\u00e9 dans ses statuts, \u00ab\u00a0de les unir et les organiser\u00a0\u00bb. Un Collectif de familles est n\u00e9 et s\u2019est d\u00e9velopp\u00e9 progressivement dans les divers squats o\u00f9 ont \u00e9t\u00e9 mis en place des Collectifs d\u2019habitants. Et suite aux expulsions de ces squats et \u00e0 la dispersion des habitants, le Collectif s\u2019est reform\u00e9 et s\u2019est rapidement \u00e9toff\u00e9 jusqu\u2019\u00e0 regrouper et organiser maintenant des familles et des personnes seules jusqu\u2019alors inconnues du DAL86. Nous sommes et connaissons aujourd\u2019hui plus de 150 personnes soumises \u00e0 l\u2019arbitraire et \u00e0 l\u2019acharnement de la pr\u00e9fecture, qui sont soit sous le coup d\u2019OQTF soit dans de grandes difficult\u00e9s en particulier concernant le logement (au CHUS \u00ab\u00a0115\u00a0\u00bb, \u00e0 l\u2019h\u00f4tel, dans des conditions de logement ou d\u2019h\u00e9bergement indignes\u2026) puisqu\u2019elles n\u2019ont pas de titres de s\u00e9jours ou des titres de s\u00e9jours pr\u00e9caires. Nous avons constat\u00e9 mercredi qu\u2019elles sont capables de s\u2019organiser pour d\u00e9fendre ensemble leurs droits et leurs int\u00e9r\u00eats. Nous pouvons rajouter sans trop nous tromper que la lutte va continuer.<\/p>\n<p style=\"text-align: justify\"><strong><img loading=\"lazy\" decoding=\"async\" alt=\"Rassemblement_19-03-14\" src=\"http:\/\/dal86.fr\/wp-content\/uploads\/2014\/03\/Rassemblement_19-03-14-400x111.jpg\" width=\"400\" height=\"111\" \/>Dans l\u2019imm\u00e9diat nous r\u00e9iterons nos interrogations\u00a0:<\/strong><\/p>\n<p style=\"text-align: justify\"><em>&#8211; Qu\u2019allons-nous devenir, nous familles et personnes seules sans papiers ou en situation administrative pr\u00e9caire qui sommes h\u00e9berg\u00e9es \u00e0 l\u2019h\u00f4tel en particulier depuis l\u2019expulsion des squats\u00a0?<\/em><\/p>\n<p style=\"text-align: justify\"><em>&#8211; Qu\u2019allons-nous devenir, nous familles roms roumaines en particulier nous qui avons \u00e9t\u00e9 ou allons \u00eatre expuls\u00e9es des squats\u00a0?<\/em><\/p>\n<p style=\"text-align: justify\"><em>&#8211; Qu\u2019allons-nous devenir, nous familles et personnes seules du Collectif qui sommes sans papiers ou en situation administrative pr\u00e9caire et ayant des probl\u00e8mes de logement\u00a0?<\/em><\/p>\n<p style=\"text-align: justify\">Derni\u00e8re chose, volont\u00e9 d\u00e9lib\u00e9r\u00e9e ou pur hasard, en m\u00eame temps que se d\u00e9roulait le rassemblement devant la pr\u00e9fecture, la police faisait une rafle dans les rues pi\u00e9tonnes du centre \u00e0 partir de trombinoscopes de personnes ayant des OQTF. Rada, la compagne de Radu qui s\u2019est fait expulser manu militari en Roumanie voil\u00e0 trois semaines \u2013 et qui est revenu en seulement trois jours\u00a0! \u2013 a \u00e9t\u00e9 contr\u00f4l\u00e9e, arr\u00eat\u00e9 et conduite au commissariat. Les policiers ont interrog\u00e9 la pr\u00e9fecture et comme Rada est enceinte de sept mois avec un certificat m\u00e9dical indiquant qu\u2019elle doit rester le plus possible allong\u00e9e et donc qu\u2019elle ne peut pas voyager, qu\u2019elle est m\u00e8re de deux enfants scolaris\u00e9s et que son compagnon et p\u00e8re de ses enfants est en situation r\u00e9guli\u00e8re gr\u00e2ce \u00e0 la sollicitude de la pr\u00e9fecture qui l\u2019a expuls\u00e9\u2026 les pouvoirs publics ont \u00e9t\u00e9 forc\u00e9s de la rel\u00e2cher deux heures apr\u00e8s\u00a0! Il faut se rendre \u00e0 l\u2019\u00e9vidence, l\u2019Etat fait son gros m\u00e9chant, il aboie et il grogne, mais il \u2018a pas les moyens de ses ambitions. Eh oui, les faits sont t\u00eatus et il y a des droits fondamentaux en France\u00a0!<\/p>\n<h3 style=\"text-align: justify\"><strong>Nous appelons toutes les familles et personnes seules sans papiers ou en situation administrative pr\u00e9caire, ceux qui sont scandalis\u00e9s par les traitements indignes que les pouvoir publics nous font subir, \u00e0 nous rejoindre au sein de notre Collectif pour d\u00e9fendre ensemble nos droits et nos int\u00e9r\u00eats.<\/strong><\/h3>\n<p style=\"text-align: justify\"><img loading=\"lazy\" decoding=\"async\" alt=\"PXR_008\" src=\"http:\/\/dal86.fr\/wp-content\/uploads\/2014\/03\/PXR_008-400x225.jpg\" width=\"400\" height=\"225\" \/><\/p>\n<p style=\"text-align: justify\"><strong>Dans la presse : <a href=\"http:\/\/www.lanouvellerepublique.fr\/Vienne\/Actualite\/Economie-social\/n\/Contenus\/Articles\/2014\/03\/20\/Un-collectif-pour-les-sans-papiers-1837509\" target=\"_blank\">Un collectif pour les sans-papiers NR 20\/03\/2014<\/a><\/strong><\/p>\n<p style=\"text-align: justify\"><em><strong>csp86@free.fr \u2013 dal86@free.fr \u2013 06 52 93 54 44 \/ 05 49 88 94 56<\/strong><\/em> <em><strong>R\u00e9unions du Collectif tous les jeudis \u00e0 18h \u00e0 la maison de la solidarit\u00e9 22 rue du Pigeon Blanc 86000 POITIERS<\/strong><\/em><\/p>\n<p style=\"text-align: justify\"><em>Vu sur le site du DAL 86, 23 mars 2014<\/em><\/p>\n","protected":false},"excerpt":{"rendered":"<p>CSP86 : pari gagn\u00e9 ! Le Collectif de familles et personnes seules sans papiers ou en situation administrative pr\u00e9caire (CSP86), a appel\u00e9 \u00e0 un rassemblement mercredi en d\u00e9but d\u2019apr\u00e8s-midi devant la pr\u00e9fecture pour demander l\u2019arr\u00eat de l\u2019acharnement \u00e0 leur encontre et le respect de leurs droits fondamentaux. Ce f\u00fbt une r\u00e9ussite pour une premi\u00e8re puisque &hellip; <a href=\"https:\/\/fa86.noblogs.org\/?p=11256\" class=\"more-link\">Continuer la lecture de <span class=\"screen-reader-text\">[Poitiers] CSP86 : pari gagn\u00e9 !<\/span> <span class=\"meta-nav\">&rarr;<\/span><\/a><\/p>\n","protected":false},"author":2691,"featured_media":0,"comment_status":"closed","ping_status":"open","sticky":false,"template":"","format":"standard","meta":{"footnotes":""},"categories":[9,11,16,29],"tags":[],"class_list":["post-11256","post","type-post","status-publish","format-standard","hentry","category-la-rue-grogne","category-ni-patrie-ni-frontiere","category-repression","category-un-toit-pour-tou-te-s"],"_links":{"self":[{"href":"https:\/\/fa86.noblogs.org\/index.php?rest_route=\/wp\/v2\/posts\/11256","targetHints":{"allow":["GET"]}}],"collection":[{"href":"https:\/\/fa86.noblogs.org\/index.php?rest_route=\/wp\/v2\/posts"}],"about":[{"href":"https:\/\/fa86.noblogs.org\/index.php?rest_route=\/wp\/v2\/types\/post"}],"author":[{"embeddable":true,"href":"https:\/\/fa86.noblogs.org\/index.php?rest_route=\/wp\/v2\/users\/2691"}],"replies":[{"embeddable":true,"href":"https:\/\/fa86.noblogs.org\/index.php?rest_route=%2Fwp%2Fv2%2Fcomments&post=11256"}],"version-history":[{"count":2,"href":"https:\/\/fa86.noblogs.org\/index.php?rest_route=\/wp\/v2\/posts\/11256\/revisions"}],"predecessor-version":[{"id":11258,"href":"https:\/\/fa86.noblogs.org\/index.php?rest_route=\/wp\/v2\/posts\/11256\/revisions\/11258"}],"wp:attachment":[{"href":"https:\/\/fa86.noblogs.org\/index.php?rest_route=%2Fwp%2Fv2%2Fmedia&parent=11256"}],"wp:term":[{"taxonomy":"category","embeddable":true,"href":"https:\/\/fa86.noblogs.org\/index.php?rest_route=%2Fwp%2Fv2%2Fcategories&post=11256"},{"taxonomy":"post_tag","embeddable":true,"href":"https:\/\/fa86.noblogs.org\/index.php?rest_route=%2Fwp%2Fv2%2Ftags&post=11256"}],"curies":[{"name":"wp","href":"https:\/\/api.w.org\/{rel}","templated":true}]}}