{"id":11311,"date":"2014-03-28T09:25:18","date_gmt":"2014-03-28T08:25:18","guid":{"rendered":"http:\/\/fa86.noblogs.org\/?p=11311"},"modified":"2014-03-28T09:37:54","modified_gmt":"2014-03-28T08:37:54","slug":"circulaire-valls-toujours-plus-pour-expulser-plus","status":"publish","type":"post","link":"https:\/\/fa86.noblogs.org\/?p=11311","title":{"rendered":"Circulaire Valls : toujours plus, pour expulser plus"},"content":{"rendered":"<p style=\"text-align: justify\"><a href=\"http:\/\/rennes-info.org\/Circulaire-Valls-toujours-plus\" target=\"_blank\"><strong>Circulaire Valls\u00a0: toujours plus, pour expulser plus<\/strong><\/a><\/p>\n<p style=\"text-align: justify\"><img loading=\"lazy\" decoding=\"async\" class=\"alignnone\" alt=\"\" src=\"http:\/\/img.over-blog.com\/500x319\/1\/51\/43\/72\/imageS-2\/Manifestation-lyceenne-anti-Manuel-Valls_pics_390.jpg\" width=\"390\" height=\"249\" \/><\/p>\n<h3 style=\"text-align: justify\">Les associations exigent le retrait du texte<\/h3>\n<p style=\"text-align: justify\"><strong>La circulaire du minist\u00e8re de l\u2019Int\u00e9rieur dat\u00e9e du 11 mars 2014 relative aux priorit\u00e9s pour l\u2019ann\u00e9e 2014 dans la \u00ab\u00a0lutte contre l\u2019immigration irr\u00e9guli\u00e8re\u00a0\u00bb met \u00e0 jour le double discours de Manuel Valls qui, devant la presse, se targue de rompre avec la \u00ab\u00a0politique du chiffre\u00a0\u00bb pour mieux se f\u00e9liciter, dans ce texte, de ce que \u00ab\u00a0le niveau total des \u00e9loignements forc\u00e9s atteint son plus haut niveau depuis 2006\u00a0\u00bb et \u00e9laborer un plan destin\u00e9, \u00e0 tous les \u00e9chelons, \u00e0 acc\u00e9l\u00e9rer les reconduites.<\/strong><\/p>\n<p style=\"text-align: justify\">En effet, ce texte encourage les pr\u00e9fets \u00e0 user de tous les moyens de coercition avec le concours de la police\u00a0: contr\u00f4les d\u2019identit\u00e9 cibl\u00e9s, interpellations des personnes \u00e0 leur domicile ou dans les foyers o\u00f9 elles sont h\u00e9berg\u00e9es, enfermements en r\u00e9tention, assignations \u00e0 r\u00e9sidence avec obligation de pointage, retours \u00ab\u00a0volontaires\u00a0\u00bb fortement incit\u00e9s, placements en garde \u00e0 vue, condamnations p\u00e9nales des r\u00e9calcitrants. Les associations et les travailleurs sociaux sont pouss\u00e9s \u00e0 participer \u00e0 la localisation et au contr\u00f4le des personnes alors que leur r\u00f4le est de les accompagner et de leur porter assistance.<\/p>\n<p style=\"text-align: justify\">Avant tout per\u00e7us comme des fraudeurs ou des ind\u00e9sirables, tous les \u00e9trangers sont vis\u00e9s, y compris les plus vuln\u00e9rables, qui peuvent \u00eatre \u00e9loign\u00e9s rapidement en d\u00e9pit de leur situation de sant\u00e9 ou humanitaire.<\/p>\n<p style=\"text-align: justify\">Les demandeurs d\u2019asile sont particuli\u00e8rement cibl\u00e9s. Aussit\u00f4t leur demande rejet\u00e9e, les pr\u00e9fets devront les expulser au plus vite, au d\u00e9triment de leurs droits \u00e0 un recours effectif et sans consid\u00e9ration pour leur situation personnelle et leurs attaches en France. Ils sont alors exclus du dispositif d\u2019h\u00e9bergement d\u2019urgence de droit commun, pour \u00eatre assign\u00e9s \u00e0 r\u00e9sidence et \u00e9troitement surveill\u00e9s. Le principe fort de l\u2019accueil inconditionnel de toute personne \u00e0 la rue en situation de d\u00e9tresse est ainsi remis en cause alors qu\u2019il est garanti par le code de l\u2019action sociale et des familles.<\/p>\n<p style=\"text-align: justify\">Au pr\u00e9texte d\u2019efficacit\u00e9, le minist\u00e8re compromet leur s\u00e9curit\u00e9 et celle de leurs proches, en imposant \u00e0 l\u2019OFPRA de communiquer des documents afin d\u2019obtenir des laissez-passer pour l\u2019expulsion. Ce r\u00f4le assign\u00e9 \u00e0 l\u2019OFPRA va \u00e0 l\u2019encontre de la confidentialit\u00e9 des demandes d\u2019asile et d\u00e9montre l\u2019incompatibilit\u00e9 de sa mission avec la tutelle exerc\u00e9e par le minist\u00e8re de l\u2019Int\u00e9rieur.<\/p>\n<p style=\"text-align: justify\">Cette circulaire encourage les expulsions vers le pays d\u2019origine plut\u00f4t que vers un autre \u00c9tat Schengen o\u00f9 plus de 10 000 personnes \u00e9taient pourtant l\u00e9galement admissibles en 2013. Cette politique vise donc \u00e0 gonfler ces expulsions hors UE, en violation des droits des personnes concern\u00e9es dont les attaches se trouvent en Europe (famille, travail, logement, droit au s\u00e9jour).<\/p>\n<p style=\"text-align: justify\"><strong>Les associations et syndicats d\u00e9fendant les droits des \u00e9trangers d\u00e9noncent cette circulaire attentatoire aux droits les plus fondamentaux des migrants et les pratiques scandaleuses auxquelles elle incite les pr\u00e9fectures. Ce signal est extr\u00eamement inqui\u00e9tant \u00e0 quelques semaines de la discussion sur le projet de loi portant sur la r\u00e9forme de l\u2019asile en France.<\/strong><\/p>\n<p style=\"text-align: justify\"><strong>Le 27 mars 2014<\/strong><\/p>\n<p style=\"text-align: justify\"><em>Vu sur Rennes-info, 27 mars 2014 (<a href=\"http:\/\/rennes-info.org\/Circulaire-Valls-toujours-plus\" target=\"_blank\">voir texte et signataires sur le site<\/a>)<\/em><\/p>\n","protected":false},"excerpt":{"rendered":"<p>Circulaire Valls\u00a0: toujours plus, pour expulser plus Les associations exigent le retrait du texte La circulaire du minist\u00e8re de l\u2019Int\u00e9rieur dat\u00e9e du 11 mars 2014 relative aux priorit\u00e9s pour l\u2019ann\u00e9e 2014 dans la \u00ab\u00a0lutte contre l\u2019immigration irr\u00e9guli\u00e8re\u00a0\u00bb met \u00e0 jour le double discours de Manuel Valls qui, devant la presse, se targue de rompre avec &hellip; <a href=\"https:\/\/fa86.noblogs.org\/?p=11311\" class=\"more-link\">Continuer la lecture de <span class=\"screen-reader-text\">Circulaire Valls : toujours plus, pour expulser plus<\/span> <span class=\"meta-nav\">&rarr;<\/span><\/a><\/p>\n","protected":false},"author":2691,"featured_media":0,"comment_status":"closed","ping_status":"open","sticky":false,"template":"","format":"standard","meta":{"footnotes":""},"categories":[11,16],"tags":[],"class_list":["post-11311","post","type-post","status-publish","format-standard","hentry","category-ni-patrie-ni-frontiere","category-repression"],"_links":{"self":[{"href":"https:\/\/fa86.noblogs.org\/index.php?rest_route=\/wp\/v2\/posts\/11311","targetHints":{"allow":["GET"]}}],"collection":[{"href":"https:\/\/fa86.noblogs.org\/index.php?rest_route=\/wp\/v2\/posts"}],"about":[{"href":"https:\/\/fa86.noblogs.org\/index.php?rest_route=\/wp\/v2\/types\/post"}],"author":[{"embeddable":true,"href":"https:\/\/fa86.noblogs.org\/index.php?rest_route=\/wp\/v2\/users\/2691"}],"replies":[{"embeddable":true,"href":"https:\/\/fa86.noblogs.org\/index.php?rest_route=%2Fwp%2Fv2%2Fcomments&post=11311"}],"version-history":[{"count":3,"href":"https:\/\/fa86.noblogs.org\/index.php?rest_route=\/wp\/v2\/posts\/11311\/revisions"}],"predecessor-version":[{"id":11314,"href":"https:\/\/fa86.noblogs.org\/index.php?rest_route=\/wp\/v2\/posts\/11311\/revisions\/11314"}],"wp:attachment":[{"href":"https:\/\/fa86.noblogs.org\/index.php?rest_route=%2Fwp%2Fv2%2Fmedia&parent=11311"}],"wp:term":[{"taxonomy":"category","embeddable":true,"href":"https:\/\/fa86.noblogs.org\/index.php?rest_route=%2Fwp%2Fv2%2Fcategories&post=11311"},{"taxonomy":"post_tag","embeddable":true,"href":"https:\/\/fa86.noblogs.org\/index.php?rest_route=%2Fwp%2Fv2%2Ftags&post=11311"}],"curies":[{"name":"wp","href":"https:\/\/api.w.org\/{rel}","templated":true}]}}