{"id":11361,"date":"2014-04-04T09:45:53","date_gmt":"2014-04-04T07:45:53","guid":{"rendered":"http:\/\/fa86.noblogs.org\/?p=11361"},"modified":"2014-04-04T09:48:40","modified_gmt":"2014-04-04T07:48:40","slug":"dienne-des-abeilles-et-des-hommes-en-danger","status":"publish","type":"post","link":"https:\/\/fa86.noblogs.org\/?p=11361","title":{"rendered":"[Dienn\u00e9] Des abeilles et des hommes en danger"},"content":{"rendered":"<p style=\"text-align: justify\"><a href=\"http:\/\/www.lanouvellerepublique.fr\/Vienne\/Actualite\/Economie-social\/n\/Contenus\/Articles\/2014\/04\/04\/C-est-tout-l-ecosysteme-qui-est-en-danger-1857912\" target=\"_blank\"><strong>\u00a0\u00bb C&rsquo;est tout l&rsquo;\u00e9cosyst\u00e8me qui est en danger \u00ab\u00a0<\/strong><\/a><\/p>\n<p id=\"articleChapo\" style=\"text-align: justify\">Jean-Marc Bonmatin, chercheur au CNRS, s\u2019est pench\u00e9 sur la mise en danger des abeilles et des hommes par l\u2019usage des pesticides. Edifiant.<\/p>\n<p style=\"text-align: justify\">Chercheur au CNRS et chimiste sp\u00e9cialiste des neurotoxiques, Jean-Marc Bonmatin donnera une conf\u00e9rence samedi \u00e0 Dienn\u00e9, dans le cadre de la Semaine du d\u00e9veloppement durable, sur le th\u00e8me des abeilles et des hommes en danger \u00e0 cause des pesticides.<\/p>\n<div id=\"text\" style=\"text-align: justify\">\n<p><b>On parle surtout du danger de l&rsquo;usage des pesticides sur les abeilles, mais moins des cons\u00e9quences pour d&rsquo;autres animaux. Qu&rsquo;en est-il exactement\u2009?<\/b><\/p>\n<p><i>\u00ab\u00a0Si les abeilles sont en danger, c&rsquo;est que tous les pollinisateurs et les insectes en g\u00e9n\u00e9ral sont en danger. Les coccinelles sont aussi concern\u00e9es, m\u00eame si elles ne transportent pas directement le pollen, les papillons, les col\u00e9opt\u00e8res comme les scarab\u00e9es, certaines mouches, les vers de terre\u2026 sont touch\u00e9s de pr\u00e8s ou de loin. Et finalement, c&rsquo;est tout l&rsquo;\u00e9cosyst\u00e8me qui est danger. L&rsquo;oiseau qui mange le ver de terre est concern\u00e9 lui aussi.\u00a0\u00bb<\/i><\/p>\n<p><b>En quoi les hommes sont concern\u00e9s\u2009? Parce qu&rsquo;ils mangent du miel\u2009?<\/b><\/p>\n<p><i>\u00ab\u00a0Manger du miel est un faux probl\u00e8me puisqu&rsquo;il est peu contamin\u00e9 au final. Non, c&rsquo;est simplement que l&rsquo;homme vit dans le m\u00eame monde que les abeilles, un monde o\u00f9 de nombreux pesticides ou insecticides sont utilis\u00e9s\u2009: le traitement des cultures de c\u00e9r\u00e9ales et de l\u00e9gumes, les sprays diffus\u00e9s sur les arbres fruitiers qui s&rsquo;\u00e9parpillent dans l&rsquo;air, les produits utilis\u00e9s pour prot\u00e9ger les animaux domestiques de certains parasites\u2026\u00a0\u00bb<\/i><\/p>\n<p><b>Alors pourquoi le discours se focalise surtout sur les abeilles\u2009?<\/b><\/p>\n<p><i>\u00ab\u00a0Qui se soucie des mouches sauvages ou des scarab\u00e9es\u2009? Il y a une \u00e9conomie autour des abeilles puisqu&rsquo;on produit du miel. Et elles ont l&rsquo;avantage d&rsquo;\u00eatre particuli\u00e8rement surveill\u00e9es par les agriculteurs. Les abeilles sont notre r\u00e9v\u00e9lateur, notre sonnette d&rsquo;alarme. Vous savez que 30\u2009% des abeilles disparaissent tous les ans\u2009? Les apiculteurs les remplacent mais pour les esp\u00e8ces sauvages, qui s&rsquo;occupent de leur renouvellement\u2009?\u00a0\u00bb<\/i><\/p>\n<p><b>O\u00f9 en est-on dans la prise en compte de cette probl\u00e9matique\u2009?<\/b><\/p>\n<p><i>\u00ab\u00a0Le vrai probl\u00e8me, c&rsquo;est la contamination de l&rsquo;environnement en g\u00e9n\u00e9ral. Tous ces neurotoxiques agissent sur le syst\u00e8me nerveux central, surtout quand c&rsquo;est tous les jours, \u00e0 petites doses. Chez l&rsquo;homme, on sait que cela favorise la maladie de Parkinson, mais on n&rsquo;a pas assez de recul pour une analyse globale. La dur\u00e9e de vie d&rsquo;une abeille est courte, on voit les cons\u00e9quences sur dix jours. Chez l&rsquo;homme, il nous faudrait une vingtaine d&rsquo;ann\u00e9es. Je crains que les conclusions auxquelles nous arriverons ne soient pas bonnes.\u00a0\u00bb<\/i><\/p>\n<p><b>\u00ab\u00a0Des abeilles et des hommes en danger\u00a0\u00bb, projection-d\u00e9bat, samedi 5\u00a0avril \u00e0 D\u00e9fi&rsquo;planet, Dienn\u00e9, \u00e0 16\u2009h\u200930 en salle des Fustes. Entr\u00e9e gratuite.<\/b><\/p>\n<\/div>\n<div style=\"text-align: justify\"><em>Delphine Noyon, Nouvelle R\u00e9publique, 4 avril 2014<\/em><\/div>\n","protected":false},"excerpt":{"rendered":"<p>\u00a0\u00bb C&rsquo;est tout l&rsquo;\u00e9cosyst\u00e8me qui est en danger \u00ab\u00a0 Jean-Marc Bonmatin, chercheur au CNRS, s\u2019est pench\u00e9 sur la mise en danger des abeilles et des hommes par l\u2019usage des pesticides. Edifiant. Chercheur au CNRS et chimiste sp\u00e9cialiste des neurotoxiques, Jean-Marc Bonmatin donnera une conf\u00e9rence samedi \u00e0 Dienn\u00e9, dans le cadre de la Semaine du d\u00e9veloppement &hellip; <a href=\"https:\/\/fa86.noblogs.org\/?p=11361\" class=\"more-link\">Continuer la lecture de <span class=\"screen-reader-text\">[Dienn\u00e9] Des abeilles et des hommes en danger<\/span> <span class=\"meta-nav\">&rarr;<\/span><\/a><\/p>\n","protected":false},"author":2691,"featured_media":0,"comment_status":"closed","ping_status":"open","sticky":false,"template":"","format":"standard","meta":{"footnotes":""},"categories":[18,4],"tags":[],"class_list":["post-11361","post","type-post","status-publish","format-standard","hentry","category-decroissance-libertaire","category-se-trouver"],"_links":{"self":[{"href":"https:\/\/fa86.noblogs.org\/index.php?rest_route=\/wp\/v2\/posts\/11361","targetHints":{"allow":["GET"]}}],"collection":[{"href":"https:\/\/fa86.noblogs.org\/index.php?rest_route=\/wp\/v2\/posts"}],"about":[{"href":"https:\/\/fa86.noblogs.org\/index.php?rest_route=\/wp\/v2\/types\/post"}],"author":[{"embeddable":true,"href":"https:\/\/fa86.noblogs.org\/index.php?rest_route=\/wp\/v2\/users\/2691"}],"replies":[{"embeddable":true,"href":"https:\/\/fa86.noblogs.org\/index.php?rest_route=%2Fwp%2Fv2%2Fcomments&post=11361"}],"version-history":[{"count":3,"href":"https:\/\/fa86.noblogs.org\/index.php?rest_route=\/wp\/v2\/posts\/11361\/revisions"}],"predecessor-version":[{"id":11364,"href":"https:\/\/fa86.noblogs.org\/index.php?rest_route=\/wp\/v2\/posts\/11361\/revisions\/11364"}],"wp:attachment":[{"href":"https:\/\/fa86.noblogs.org\/index.php?rest_route=%2Fwp%2Fv2%2Fmedia&parent=11361"}],"wp:term":[{"taxonomy":"category","embeddable":true,"href":"https:\/\/fa86.noblogs.org\/index.php?rest_route=%2Fwp%2Fv2%2Fcategories&post=11361"},{"taxonomy":"post_tag","embeddable":true,"href":"https:\/\/fa86.noblogs.org\/index.php?rest_route=%2Fwp%2Fv2%2Ftags&post=11361"}],"curies":[{"name":"wp","href":"https:\/\/api.w.org\/{rel}","templated":true}]}}