{"id":11478,"date":"2014-04-15T10:33:05","date_gmt":"2014-04-15T08:33:05","guid":{"rendered":"http:\/\/fa86.noblogs.org\/?p=11478"},"modified":"2014-04-15T10:33:05","modified_gmt":"2014-04-15T08:33:05","slug":"86-sans-papiers-on-peut-toujours-attendre","status":"publish","type":"post","link":"https:\/\/fa86.noblogs.org\/?p=11478","title":{"rendered":"[86] Sans-papiers : on peut toujours \u00ab\u00a0attendre\u00a0\u00bb&#8230;"},"content":{"rendered":"<figure style=\"width: 400px\" class=\"wp-caption alignnone\"><img loading=\"lazy\" decoding=\"async\" alt=\"\" src=\"http:\/\/www.dynamictic.info\/wp-content\/uploads\/2008\/03\/chat-shrek.jpg\" width=\"400\" height=\"285\" \/><figcaption class=\"wp-caption-text\">des papiers silvoupl\u00e9, messieurs les expulseurs !<\/figcaption><\/figure>\n<p style=\"text-align: justify\"><a href=\"http:\/\/www.lanouvellerepublique.fr\/Vienne\/Actualite\/Faits-divers-justice\/n\/Contenus\/Articles\/2014\/04\/15\/Expulsions-ils-interpellent-les-deputes-1873316\" target=\"_blank\"><strong>Expulsions : ils interpellent les d\u00e9put\u00e9s<\/strong><\/a><\/p>\n<p style=\"text-align: justify\">Le tout nouveau Premier ministre Manuel Valls s&rsquo;est souvent retrouv\u00e9 fortement critiqu\u00e9 dans ses propres rangs pour sa politique en mati\u00e8re d&rsquo;expulsions, alors qu&rsquo;il \u00e9tait ministre de l&rsquo;Int\u00e9rieur.<\/p>\n<p style=\"text-align: justify\">La Ligue des Droits de l&rsquo;Homme de Ch\u00e2tellerault et le groupe local de Poitiers de la Cimade viennent de s&rsquo;en \u00e9mouvoir aupr\u00e8s des d\u00e9put\u00e9s de la Vienne. Catherine Coutelle, V\u00e9ronique Massonneau, Alain Claeys et Jean-Michel Cl\u00e9ment, membres de la m\u00eame majorit\u00e9, viennent de recevoir une lettre ouverte (lire par ailleurs) de ces deux associations \u0153uvrant aupr\u00e8s des migrants.<\/p>\n<p style=\"text-align: justify\"><b>\u00ab\u00a0\u2009Rien ne change\u2009\u00a0\u00bb<\/b><\/p>\n<p style=\"text-align: justify\">Elles annoncent le boycott de la r\u00e9union pr\u00e9vue demain mardi \u00e0 Paris \u00e0 laquelle ils devaient participer une nouvelle fois. <i>\u00ab\u00a0La premi\u00e8re fois que nous avons fait cette r\u00e9union, c&rsquo;\u00e9tait il y a deux ans\u00a0\u00bb<\/i>, expliquent Daniel Trillon et Yves Judde. <i>\u00ab\u00a0Nous voulions interpeller nos d\u00e9put\u00e9s respectifs de la r\u00e9gion. On s&rsquo;est retrouv\u00e9s \u00e0 Paris face \u00e0 des gens qui disaient d\u00e9couvrir les probl\u00e8mes dont nous parlions. Ils devaient se renseigner. Quand on les a revus, ils en \u00e9taient au m\u00eame point\u2009! On a surtout le sentiment que rien ne change. C&rsquo;est la continuation de la politique sarkoziste en mati\u00e8re d&rsquo;immigration. Nous aurions souhait\u00e9 que nos d\u00e9put\u00e9s agissent. Ils n&rsquo;ont rien fait. Donc, on ne viendra pas \u00e0 cette nouvelle r\u00e9union. Qu&rsquo;ils assument leurs choix s&rsquo;ils sont d&rsquo;accord avec la politique men\u00e9e actuellement.\u00a0\u00bb<\/i> La derni\u00e8re circulaire Valls adress\u00e9e aux pr\u00e9fets en mati\u00e8re de lutte contre l&rsquo;immigration clandestine fait bondir les associations. Elle date du 11\u00a0mars dernier. <i>\u00ab\u00a0Il \u00e9crit noir sur blanc\u2009: \u00ab\u00a0\u2009Le total des \u00e9loignements forc\u00e9s atteint ainsi son plus haut niveau depuis 2006. Ces r\u00e9sultats encourageants sont la traduction de votre mobilisation qui devra se poursuivre tout au long de l&rsquo;ann\u00e9e 2014.\u2009\u00a0\u00bb\u00a0\u00bb<\/i><\/p>\n<p style=\"text-align: justify\"><b>R\u00e9volt\u00e9s<\/b><\/p>\n<p style=\"text-align: justify\">Plus que tout, c&rsquo;est le \u00ab\u00a0ni ni\u00a0\u00bb qui les r\u00e9volte au plus haut point. La situation de ces familles ni expulsables ni r\u00e9gularisables du fait d&rsquo;aberrations administratives et qui se retrouvent sans rien du jour au lendemain. <i>\u00ab\u00a0Ils se retrouvent \u00e0 perdre leur travail. Ce qu&rsquo;ils attendent, c&rsquo;est qu&rsquo;ils partent, qu&rsquo;ils rentrent chez eux. On a des gens qui sont en France depuis une trentaine d&rsquo;ann\u00e9es et qui se retrouvent dans ces situations inhumaines.\u00a0\u00bb<\/i><\/p>\n<p style=\"text-align: justify\">en savoir plus<\/p>\n<p style=\"text-align: justify\"><b>\u00a0\u00bb Nous vous avons demand\u00e9 d&rsquo;agir pour une autre politique d&rsquo;immigration \u00ab\u00a0<\/b><\/p>\n<p style=\"text-align: justify\">La lettre ouverte de la Cimade et de la Ligue des Droits de l&rsquo;Homme adress\u00e9e aux d\u00e9put\u00e9s de la Vienne.<br \/>\nEn deux pages, ils ont recens\u00e9 les situations sur lesquelles les d\u00e9put\u00e9s pourraient peser efficacement au quotidien\u2009: refus implicite des demandes de titre de s\u00e9jour, refus de plus en plus fr\u00e9quent de d\u00e9livrer des autorisations provisoires de s\u00e9jour pour maladie, exigences pr\u00e9fectorales hors la loi\u2026<br \/>\n\u00ab\u00a0Nous vous avons demand\u00e9 d&rsquo;agir pour une autre politique de l&rsquo;immigration, pour que diminuent tr\u00e8s fortement les taxes per\u00e7ues pour la d\u00e9livrance des titres de s\u00e9jour et pour que la politique de la pr\u00e9fecture de Poitiers envers les \u00e9trangers change. [\u2026] Force est de constater que rien ne change, que tout s&rsquo;aggrave\u00a0\u00bb, \u00e9crivent les associations. \u00ab\u00a0Nous ne pouvons accepter qu&rsquo;un gouvernement de gauche continue dans le discours et la politique s\u00e9curitaire de l&rsquo;\u00e9poque Sarkozy [\u2026] Nous attendons de votre part une prise de position et une action effective pour une autre politique de l&rsquo;immigration.\u00a0\u00bb L&rsquo;appel est lanc\u00e9 depuis le 2\u00a0avril. Pour l&rsquo;heure, il n&rsquo;a donn\u00e9 lieu \u00e0 aucune r\u00e9ponse, indiquent les signataires de la lettre ouverte.<\/p>\n<p style=\"text-align: justify\"><em>Nouvelle R\u00e9publique, 15 avril 2014<\/em><\/p>\n","protected":false},"excerpt":{"rendered":"<p>Expulsions : ils interpellent les d\u00e9put\u00e9s Le tout nouveau Premier ministre Manuel Valls s&rsquo;est souvent retrouv\u00e9 fortement critiqu\u00e9 dans ses propres rangs pour sa politique en mati\u00e8re d&rsquo;expulsions, alors qu&rsquo;il \u00e9tait ministre de l&rsquo;Int\u00e9rieur. La Ligue des Droits de l&rsquo;Homme de Ch\u00e2tellerault et le groupe local de Poitiers de la Cimade viennent de s&rsquo;en \u00e9mouvoir &hellip; <a href=\"https:\/\/fa86.noblogs.org\/?p=11478\" class=\"more-link\">Continuer la lecture de <span class=\"screen-reader-text\">[86] Sans-papiers : on peut toujours \u00ab\u00a0attendre\u00a0\u00bb&#8230;<\/span> <span class=\"meta-nav\">&rarr;<\/span><\/a><\/p>\n","protected":false},"author":2691,"featured_media":0,"comment_status":"closed","ping_status":"open","sticky":false,"template":"","format":"standard","meta":{"footnotes":""},"categories":[11,16],"tags":[],"class_list":["post-11478","post","type-post","status-publish","format-standard","hentry","category-ni-patrie-ni-frontiere","category-repression"],"_links":{"self":[{"href":"https:\/\/fa86.noblogs.org\/index.php?rest_route=\/wp\/v2\/posts\/11478","targetHints":{"allow":["GET"]}}],"collection":[{"href":"https:\/\/fa86.noblogs.org\/index.php?rest_route=\/wp\/v2\/posts"}],"about":[{"href":"https:\/\/fa86.noblogs.org\/index.php?rest_route=\/wp\/v2\/types\/post"}],"author":[{"embeddable":true,"href":"https:\/\/fa86.noblogs.org\/index.php?rest_route=\/wp\/v2\/users\/2691"}],"replies":[{"embeddable":true,"href":"https:\/\/fa86.noblogs.org\/index.php?rest_route=%2Fwp%2Fv2%2Fcomments&post=11478"}],"version-history":[{"count":1,"href":"https:\/\/fa86.noblogs.org\/index.php?rest_route=\/wp\/v2\/posts\/11478\/revisions"}],"predecessor-version":[{"id":11479,"href":"https:\/\/fa86.noblogs.org\/index.php?rest_route=\/wp\/v2\/posts\/11478\/revisions\/11479"}],"wp:attachment":[{"href":"https:\/\/fa86.noblogs.org\/index.php?rest_route=%2Fwp%2Fv2%2Fmedia&parent=11478"}],"wp:term":[{"taxonomy":"category","embeddable":true,"href":"https:\/\/fa86.noblogs.org\/index.php?rest_route=%2Fwp%2Fv2%2Fcategories&post=11478"},{"taxonomy":"post_tag","embeddable":true,"href":"https:\/\/fa86.noblogs.org\/index.php?rest_route=%2Fwp%2Fv2%2Ftags&post=11478"}],"curies":[{"name":"wp","href":"https:\/\/api.w.org\/{rel}","templated":true}]}}