{"id":11533,"date":"2014-04-24T11:27:47","date_gmt":"2014-04-24T09:27:47","guid":{"rendered":"http:\/\/fa86.noblogs.org\/?p=11533"},"modified":"2014-04-24T11:27:47","modified_gmt":"2014-04-24T09:27:47","slug":"bye-bye-la-prefete","status":"publish","type":"post","link":"https:\/\/fa86.noblogs.org\/?p=11533","title":{"rendered":"Bye bye la pr\u00e9f\u00e8te"},"content":{"rendered":"<p style=\"text-align: justify\"><em><strong>NdPN<\/strong> : un cursus gestionnaire exemplaire pour Borne, qui lui aura permis de d\u00e9crocher voil\u00e0 quinze mois un poste de pr\u00e9f\u00e8te\u00a0au plus proche des grands travaux de Vinci, en Poitou-Charentes&#8230; la voici d\u00e9sormais\u00a0propuls\u00e9e dir&rsquo;cab de Royal, nouvelle ministre de l&rsquo;Ecologie, du D\u00e9veloppement durable et de l&rsquo;Energie. Nul doute que ces deux-l\u00e0 s&rsquo;entendent parfaitement sur ces questions ! Aurevoir et surtout, bon vent.<\/em><\/p>\n<p style=\"text-align: justify\"><a href=\"http:\/\/www.lanouvellerepublique.fr\/Vienne\/Actualite\/24-Heures\/n\/Contenus\/Articles\/2014\/04\/23\/La-prefete-de-Poitou-Charentes-nommee-directrice-de-cabinet-de-Segolene-Royal-1882947\" target=\"_blank\"><strong>La pr\u00e9f\u00e8te de Poitou-Charentes nomm\u00e9e directrice de cabinet de S\u00e9gol\u00e8ne Royal<\/strong><\/a><\/p>\n<p id=\"articleChapo\" style=\"text-align: justify\">La nomination d&rsquo;Elisabeth Borne au minist\u00e8re de l&rsquo;Ecologie a \u00e9t\u00e9 officialis\u00e9e ce matin \u00e0 l&rsquo;issue du conseil des ministres. Elle suit donc la pr\u00e9sidente du conseil r\u00e9gional \u00e0 Paris.<\/p>\n<p style=\"text-align: justify\">La d\u00e9cision a \u00e9t\u00e9 officialis\u00e9e aujourd&rsquo;hui \u00e0 l&rsquo;issue du conseil des ministres : Elisabeth Borne, <b>pr\u00e9f\u00e8te de la r\u00e9gion Poitou-Charentes<\/b> et pr\u00e9f\u00e8te de la Vienne a \u00e9t\u00e9 nomm\u00e9e <b>directrice du cabinet de S\u00e9gol\u00e8ne Royal<\/b>, ministre de l&rsquo;Ecologie, du D\u00e9veloppement durable et de l&rsquo;Energie \u00e0 compter de ce jour.<\/p>\n<div id=\"text\" style=\"text-align: justify\">\n<p>Elisabeth Borne, 53 ans depuis la semaine derni\u00e8re, \u00e9tait arriv\u00e9e dans la r\u00e9gion il y a \u00e0 peine plus d&rsquo;un an, en janvier 2013. Ing\u00e9nieure g\u00e9n\u00e9rale des ponts, des eaux et des for\u00eats, cette <b>sp\u00e9cialiste des questions de transports<\/b> avait auparavant \u00e9t\u00e9 d<b>irectrice de l&rsquo;urbanisme de la Ville de Paris<\/b> depuis pr\u00e8s de cinq ans apr\u00e8s avoir \u00e9t\u00e9 quelques mois directrice des concessions chez Eiffage et directrice de la strat\u00e9gie \u00e0 la SNCF pendant cinq ans.<\/p>\n<p>De mani\u00e8re plus politique, elle avait surtout \u00e9t\u00e9 conseill\u00e8re charg\u00e9e de l&rsquo;urbanisme, de l&rsquo;\u00e9quipement, du logement, des transports et de la ville, <b>\u00e0 Matignon, entre\u00a01997\u00a0et\u00a02002<\/b>, au sein du cabinet du Premier ministre <b>Lionel Jospin<\/b> qu&rsquo;elle avait d\u00e9j\u00e0 conseill\u00e9 au minist\u00e8re de l&rsquo;Education nationale en 1991\u00a0avant de poursuivre avec Jack Lang jusqu&rsquo;en 1993.<\/p>\n<p>Depuis un an, on disait ses <b>relations excellentes<\/b> avec la pr\u00e9sidente du conseil r\u00e9gional de Poitou-Charentes. Cela se confirme puisque S\u00e9gol\u00e8ne Royal l&rsquo;a appel\u00e9e \u00e0 ses c\u00f4t\u00e9s au minist\u00e8re.<\/p>\n<p><em>Nouvelle R\u00e9publique, 24 avril 2014<\/em><\/p>\n<\/div>\n","protected":false},"excerpt":{"rendered":"<p>NdPN : un cursus gestionnaire exemplaire pour Borne, qui lui aura permis de d\u00e9crocher voil\u00e0 quinze mois un poste de pr\u00e9f\u00e8te\u00a0au plus proche des grands travaux de Vinci, en Poitou-Charentes&#8230; la voici d\u00e9sormais\u00a0propuls\u00e9e dir&rsquo;cab de Royal, nouvelle ministre de l&rsquo;Ecologie, du D\u00e9veloppement durable et de l&rsquo;Energie. Nul doute que ces deux-l\u00e0 s&rsquo;entendent parfaitement sur ces &hellip; <a href=\"https:\/\/fa86.noblogs.org\/?p=11533\" class=\"more-link\">Continuer la lecture de <span class=\"screen-reader-text\">Bye bye la pr\u00e9f\u00e8te<\/span> <span class=\"meta-nav\">&rarr;<\/span><\/a><\/p>\n","protected":false},"author":2691,"featured_media":0,"comment_status":"closed","ping_status":"open","sticky":false,"template":"","format":"standard","meta":{"footnotes":""},"categories":[1],"tags":[],"class_list":["post-11533","post","type-post","status-publish","format-standard","hentry","category-general"],"_links":{"self":[{"href":"https:\/\/fa86.noblogs.org\/index.php?rest_route=\/wp\/v2\/posts\/11533","targetHints":{"allow":["GET"]}}],"collection":[{"href":"https:\/\/fa86.noblogs.org\/index.php?rest_route=\/wp\/v2\/posts"}],"about":[{"href":"https:\/\/fa86.noblogs.org\/index.php?rest_route=\/wp\/v2\/types\/post"}],"author":[{"embeddable":true,"href":"https:\/\/fa86.noblogs.org\/index.php?rest_route=\/wp\/v2\/users\/2691"}],"replies":[{"embeddable":true,"href":"https:\/\/fa86.noblogs.org\/index.php?rest_route=%2Fwp%2Fv2%2Fcomments&post=11533"}],"version-history":[{"count":2,"href":"https:\/\/fa86.noblogs.org\/index.php?rest_route=\/wp\/v2\/posts\/11533\/revisions"}],"predecessor-version":[{"id":11535,"href":"https:\/\/fa86.noblogs.org\/index.php?rest_route=\/wp\/v2\/posts\/11533\/revisions\/11535"}],"wp:attachment":[{"href":"https:\/\/fa86.noblogs.org\/index.php?rest_route=%2Fwp%2Fv2%2Fmedia&parent=11533"}],"wp:term":[{"taxonomy":"category","embeddable":true,"href":"https:\/\/fa86.noblogs.org\/index.php?rest_route=%2Fwp%2Fv2%2Fcategories&post=11533"},{"taxonomy":"post_tag","embeddable":true,"href":"https:\/\/fa86.noblogs.org\/index.php?rest_route=%2Fwp%2Fv2%2Ftags&post=11533"}],"curies":[{"name":"wp","href":"https:\/\/api.w.org\/{rel}","templated":true}]}}