{"id":11555,"date":"2014-04-27T11:42:18","date_gmt":"2014-04-27T09:42:18","guid":{"rendered":"http:\/\/fa86.noblogs.org\/?p=11555"},"modified":"2014-04-27T11:42:58","modified_gmt":"2014-04-27T09:42:58","slug":"leurope-a-lheure-des-elections","status":"publish","type":"post","link":"https:\/\/fa86.noblogs.org\/?p=11555","title":{"rendered":"L\u2019Europe \u00e0 l\u2019heure des \u00e9lections"},"content":{"rendered":"<p style=\"text-align: justify\"><a href=\"http:\/\/www.monde-libertaire.fr\/international\/17075-leurope-a-lheure-des-elections\" target=\"_blank\"><strong>L\u2019Europe \u00e0 l\u2019heure des \u00e9lections<\/strong><\/a><\/p>\n<p style=\"text-align: justify\"><img loading=\"lazy\" decoding=\"async\" class=\"alignnone\" alt=\"\" src=\"http:\/\/www.monde-libertaire.fr\/images\/stories\/flexicontent\/1740Faujour.jpg\" width=\"506\" height=\"400\" \/><\/p>\n<p style=\"text-align: justify\">Les \u00e9lections europ\u00e9ennes se d\u00e9roulent dans un contexte d\u2019aust\u00e9rit\u00e9 croissante. Chaque jour nous subissons les effets de la crise provoqu\u00e9e par les transformations du capitalisme global.<br \/>\nLes gouvernements, les \u00c9tats et les structures supranationales, telles que la Communaut\u00e9 europ\u00e9enne, contestent les droits et attaquent les conditions de vie qui ont \u00e9t\u00e9 acquises par des ann\u00e9es de luttes, de fa\u00e7on \u00e0 promouvoir le capitalisme et \u00e0 s\u2019assurer que les grandes entreprises et les banques ne paient pas le prix de la situation qu\u2019elles ont elle-m\u00eame cr\u00e9\u00e9e. Parmi les probl\u00e8mes auxquels nous sommes confront\u00e9s, il y a\u00a0:<br \/>\n\u2022 Le ch\u00f4mage, li\u00e9 en particulier aux privatisations et aux d\u00e9localisations.<br \/>\n\u2022 La privatisation des principaux services publics, avec pour cons\u00e9quence une offre garantie seulement \u00e0 ceux qui en ont les moyens et une faible qualit\u00e9 de services.<br \/>\n\u2022 L\u2019atomisation sociale, dans laquelle tout le monde est forc\u00e9 d\u2019\u00eatre responsable, cr\u00e9ant la comp\u00e9tition entre individus et la lutte quotidienne pour l\u2019existence.<br \/>\n\u2022 Les emplois et autres aspects de la vie qui deviennent de plus en plus pr\u00e9caires\u00a0; les droits sont ni\u00e9s quotidiennement.<br \/>\n\u2022 La cons\u00e9quence de ce mod\u00e8le social est le retour de la famille patriarcale, qui impose aux femmes un r\u00f4le subordonn\u00e9 dans la soci\u00e9t\u00e9.<br \/>\n\u2022 L\u2019immigration est utilis\u00e9e comme un r\u00e9servoir de travailleurs \u00e0 exploiter et asservir au b\u00e9n\u00e9fice des patrons.<br \/>\n\u2022 Des m\u00e9thodes impitoyables de production qui provoquent de la d\u00e9vastation \u00e0 la fois dans nos vies et dans l\u2019environnement.<br \/>\n\u2022 Une soci\u00e9t\u00e9 fond\u00e9e sur la dette, dans laquelle les conditions de notre existence sont la propri\u00e9t\u00e9 des banques.<br \/>\n\u2022 La bureaucratisation de la soci\u00e9t\u00e9 qui assure la continuit\u00e9 des institutions politiques et des int\u00e9r\u00eats \u00e9conomiques des riches aux d\u00e9pens de la classe ouvri\u00e8re.<br \/>\nC\u2019est dans ce contexte qu\u2019on nous demande de participer \u00e0 la mascarade qui se d\u00e9signe elle-m\u00eame sous le nom de d\u00e9mocratie. Les seuls choix qui nous sont pr\u00e9sent\u00e9s sont ceux qui vont continuer les politiques qui profitent aux grandes entreprises, aux institutions financi\u00e8res et aux politiciens.<br \/>\nL\u2019un des principaux d\u00e9bats porte sur le r\u00f4le de l\u2019Union europ\u00e9enne elle-m\u00eame. Certains se tournent vers elle comme un moyen pour r\u00e9soudre la crise et maintenir l\u2019unit\u00e9 entre les peuples. D\u2019autres soutiennent que nous devons nous retirer dans nos propres fronti\u00e8res afin de reprendre le contr\u00f4le de nos propres \u00e9conomies et de nos institutions politiques. Mais ces solutions ne feront rien de plus que renforcer le pouvoir de ceux qui nous oppriment.<\/p>\n<p style=\"text-align: justify\"><strong>L\u2019Union europ\u00e9enne<\/strong><br \/>\nL\u2019Union europ\u00e9enne a signifi\u00e9 la mise en place d\u2019une couche de pouvoir suppl\u00e9mentaire au-dessus des populations. Son principal objectif est de servir les besoins des entreprises et des institutions financi\u00e8res\u00a0; elle est donc un obstacle \u00e0 l\u2019\u00e9mancipation de la classe ouvri\u00e8re. La majorit\u00e9 des lois auxquelles les gens sont maintenant soumis est issue du Parlement europ\u00e9en plut\u00f4t que des \u00c9tats. L\u2019Union europ\u00e9enne n\u2019a pas besoin de respecter les conditions locales et impose \u00e0 la place sa propre vision de l\u2019Europe sur la base des besoins du capital. La grande majorit\u00e9 des r\u00e8glements a vis\u00e9 \u00e0 renforcer le pouvoir du capital sur le peuple. Tr\u00e8s peu de politiques ont \u00e9t\u00e9 destin\u00e9es \u00e0 am\u00e9liorer les conditions sociales des populations europ\u00e9ennes. Nous avons vu la mani\u00e8re dont l\u2019Union europ\u00e9enne a pr\u00e9sid\u00e9 \u00e0 l\u2019attaque contre le peuple grec et auraid des capitaux occidentaux sur les actifs de l\u2019Europe de l\u2019Est. Toute tentative faite par les gens pour r\u00e9sister \u00e0 l\u2019envahissement de ce super-\u00c9tat a \u00e9t\u00e9 fermement combattue par les \u00c9tats membres. Par exemple, l\u2019\u00c9tat peut refuser de permettre aux gens de voter pour savoir s\u2019ils veulent ou non rester dans l\u2019Union europ\u00e9enne ou, s\u2019il leur permet de voter, le r\u00e9sultat est que le pays reste dans l\u2019Union europ\u00e9enne. Ce fut le cas en Irlande, en France et aux Pays-Bas. En outre, l\u2019Union europ\u00e9enne a cr\u00e9\u00e9 la forteresse Europe, fermant ses fronti\u00e8res au reste du monde tout en essayant d\u2019\u00eatre l\u2019un des nombreux policiers autoproclam\u00e9s du monde.<\/p>\n<p style=\"text-align: justify\"><strong>Retrait de l\u2019Union europ\u00e9enne ?<\/strong><br \/>\nCompte tenu de la fa\u00e7on dont les probl\u00e8mes sont cr\u00e9\u00e9s pour nous par l\u2019Union europ\u00e9enne, on pourrait penser que la r\u00e9ponse est de se retirer de cette Union. Cependant, l\u2019id\u00e9e que la classe ouvri\u00e8re serait mieux en dehors de l\u2019Union europ\u00e9enne, dirig\u00e9e par son propre \u00c9tat, est une dangereuse illusion. Elle est particuli\u00e8rement dangereuse en raison du fait qu\u2019il s\u2019agit l\u00e0 de la position des partis d\u2019extr\u00eame droite qui ne sont pas particuli\u00e8rement int\u00e9ress\u00e9s \u00e0 r\u00e9sister au pouvoir de l\u2019\u00c9tat. Au lieu de cela, leur objectif est d\u2019installer un r\u00e9gime encore plus autoritaire avec encore plus de r\u00e9pression.<br \/>\nTout d\u2019abord, le capitalisme est mondial. Le pouvoir des entreprises et des banques internationales, la principale cause des probl\u00e8mes auxquels nous sommes confront\u00e9s, ne va pas dispara\u00eetre si un pays se retire de l\u2019Union europ\u00e9enne. Les processus mondiaux qui sont \u00e0 l\u2019\u0153uvre, le mouvement de la production et de l\u2019argent \u00e0 travers les fronti\u00e8res, motiv\u00e9 par la recherche de profits, continuera. Les institutions internationales telles que le FMI et la Banque mondiale auront toujours le pouvoir d\u2019imposer l\u2019aust\u00e9rit\u00e9 et des politiques qui sont contre les int\u00e9r\u00eats des populations locales. Les besoins humains prendront la deuxi\u00e8me place\u00a0; il importe peu que le pays soit \u00e0 l\u2019int\u00e9rieur ou \u00e0 l\u2019ext\u00e9rieur de l\u2019Union europ\u00e9enne.<br \/>\nPuis, le retrait derri\u00e8re les fronti\u00e8res nationales, une tendance conduite par l\u2019id\u00e9ologie x\u00e9nophobe de l\u2019extr\u00eame droite, aurait de graves cons\u00e9quences pour l\u2019esprit de coop\u00e9ration et de solidarit\u00e9 entre les travailleurs d\u2019Europe. Les gens ordinaires ont une tradition de soutien mutuel, ind\u00e9pendamment de l\u2019origine nationale. Cette tradition serait compromise si les gens mettent ce qui semble \u00eatre leur int\u00e9r\u00eat personnel au-dessus de l\u2019entraide. Cela ne conduirait peut-\u00eatre pas \u00e0 une guerre r\u00e9elle, mais cela a d\u00e9j\u00e0 produit une mentalit\u00e9 de comp\u00e9tition et de conflit qui ne fera que miner davantage l\u2019efficacit\u00e9 qui vient d\u2019une classe ouvri\u00e8re europ\u00e9enne unie. Une classe ouvri\u00e8re divis\u00e9e profite en premier lieu \u00e0 ceux qui ont caus\u00e9 les probl\u00e8mes auxquels nous sommes confront\u00e9s, tels que l\u2019aust\u00e9rit\u00e9 et les mesures r\u00e9pressives.<br \/>\nBeaucoup de ceux qui soutiennent le retrait de l\u2019Union europ\u00e9enne semblent penser que nous pouvons revenir \u00e0 une sorte d\u2019\u00e2ge d\u2019or de la prosp\u00e9rit\u00e9. C\u2019est l\u00e0 une autre illusion\u00a0; cet \u00e2ge d\u2019or n\u2019a jamais exist\u00e9. Ils oublient que leur \u00c9tat n\u2019a jamais \u00e9t\u00e9 leur ami\u00a0; il a toujours \u00e9t\u00e9 l\u2019instrument permettant d\u2019imposer les int\u00e9r\u00eats d\u2019une petite minorit\u00e9 sur la majorit\u00e9. Tous les \u00c9tats fonctionnent en d\u00e9poss\u00e9dant le peuple du pouvoir. Il importe peu que l\u2019\u00c9tat se trouve \u00e0 quelques kilom\u00e8tres ou \u00e0 des milliers de kilom\u00e8tres de distance\u00a0; il sera toujours hors de notre contr\u00f4le, agissant pour ses propres int\u00e9r\u00eats.<\/p>\n<p style=\"text-align: justify\"><strong>L\u2019alternative anarchiste<\/strong><br \/>\nLes anarchistes rejettent les deux options qui se pr\u00e9sentent\u00a0: soutenir l\u2019Union europ\u00e9enne en votant aux \u00e9lections europ\u00e9ennes ou faire campagne pour le retrait. Ceci \u00e0 cause de notre critique de base de ce que l\u2019\u00c9tat repr\u00e9sente. L\u2019Union europ\u00e9enne, comme tous les \u00c9tats petits ou grands, est fond\u00e9e sur l\u2019abandon du pouvoir \u00e0 une minorit\u00e9 qui utilise ce pouvoir dans l\u2019int\u00e9r\u00eat de l\u2019\u00e9lite patronale et financi\u00e8re. En outre, l\u2019internationalisme que repr\u00e9sente l\u2019Union europ\u00e9enne est l\u2019unit\u00e9 de cette \u00e9lite contre la classe ouvri\u00e8re europ\u00e9enne. Nous proposons \u00e0 la fois une m\u00e9thode alternative d\u2019organisation de la soci\u00e9t\u00e9 et un internationalisme alternatif qui s\u2019\u00e9tend \u00e0 toute la plan\u00e8te.<br \/>\nLes anarchistes s\u2019opposent \u00e0 l\u2019approche hi\u00e9rarchique adopt\u00e9e par l\u2019\u00c9tat et les partis de gauche. Nous devons promouvoir des formes et des m\u00e9thodes d\u2019organisation non hi\u00e9rarchiques. L\u2019organisation future de la soci\u00e9t\u00e9 que nous envisageons partira du bas vers le haut avec des groupes qui se f\u00e9d\u00e9reront entre eux et se coordonneront sur le plan international, ind\u00e9pendamment de toute structure \u00e9tatique actuelle, qu\u2019elle soit nationale ou au niveau europ\u00e9en. Cela comprendra tous les domaines de la vie \u00e9conomique et sociale tels que la production, la distribution et la consommation de biens et la prestation de services tels que la sant\u00e9 et l\u2019\u00e9ducation. Nous devons prendre le contr\u00f4le de notre propre \u00e9ducation afin qu\u2019elle aide \u00e0 nous \u00e9manciper des id\u00e9ologies autoritaires telles que la religion, le nationalisme et le culte du chef.<br \/>\nAfin d\u2019atteindre cet objectif de compl\u00e8te transformation politique, \u00e9conomique, sociale et culturelle, nous devons construire et renforcer les r\u00e9seaux internationaux et de coordination que nous avons d\u00e9j\u00e0. Nous devons prendre des mesures concr\u00e8tes l\u00e0 o\u00f9 nous vivons et travaillons, mais en contribuant \u00e0 une strat\u00e9gie globale. L\u2019\u00e9laboration d\u2019une telle strat\u00e9gie destin\u00e9e \u00e0 combattre avec succ\u00e8s les forces mondiales de l\u2019oppression et de l\u2019exploitation n\u2019est pas une t\u00e2che facile. Cependant, c\u2019est une n\u00e9cessit\u00e9 et il y a un certain nombre de mesures que nous pouvons prendre. Ces mesures peuvent \u00eatre prises par tous ceux qui veulent cr\u00e9er une nouvelle soci\u00e9t\u00e9, quel que soit le pays o\u00f9 ils vivent. Nous sommes tous confront\u00e9s \u00e0 des attaques similaires, aussi pouvons-nous avoir une strat\u00e9gie commune qui puisse \u00eatre adapt\u00e9e aux conditions locales.<\/p>\n<p style=\"text-align: justify\">\u2022 Nous devons nous battre contre les fronti\u00e8res filtrant les hommes mais laissant passer les capitaux. Notre proposition vise \u00e0 abolir toutes les fronti\u00e8res \u00e0 l\u2019int\u00e9rieur des pays et entre les pays qui limitent la libre circulation des personnes.<br \/>\n\u2022 Combat uni contre les banques par un refus universel de payer des dettes.<br \/>\n\u2022 D\u00e9sob\u00e9issance civile contre toutes les lois r\u00e9pressives qui suppriment nos droits.<br \/>\n\u2022 Renforcer et \u00e9tendre les luttes actuelles contre la pr\u00e9carit\u00e9 croissante des conditions de vie et de travail.<br \/>\n\u2022 R\u00e9sister \u00e0 toutes les tentatives de nous diviser selon la race, le sexe ou l\u2019\u00e2ge.<br \/>\n\u2022 Coordonner les luttes contre les employeurs communs \u00e0 travers les fronti\u00e8res.<br \/>\n\u2022 R\u00e9sister \u00e0 la privatisation des services publics.<br \/>\n\u2022 Promouvoir d\u2019autres r\u00e9seaux de production et de distribution.<br \/>\n\u2022 \u00c9tendre la solidarit\u00e9 internationale pour ceux qui sont criminalis\u00e9s en raison des luttes sociales.<br \/>\nLa lutte contre l\u2019aust\u00e9rit\u00e9 et les solutions propos\u00e9es par les politiciens, \u00e0 la fois pro et anti-Union europ\u00e9enne, ne fonctionneront pas et ne feront qu\u2019empirer les choses. Ils veulent que nous validions leurs actions en mettant un X sur un morceau de papier, leur donnant ainsi le pouvoir d\u2019agir en notre nom. Cependant, nous savons qu\u2019ils ne nous repr\u00e9sentent pas et qu\u2019ils continueront de soutenir les riches et les puissantes institutions \u00e9conomiques du capitalisme qui font de nos vies une mis\u00e8re.<br \/>\nLa seule fa\u00e7on que nous ayons de r\u00e9sister aux attaques et de commencer \u00e0 prendre le contr\u00f4le de nos vies et de notre soci\u00e9t\u00e9, est de construire des mouvements et r\u00e9seaux d\u00e9fiant les fronti\u00e8res, que nous contr\u00f4lons ind\u00e9pendamment des politiciens et des institutions de l\u2019\u00c9tat.<\/p>\n<p style=\"text-align: justify\">Internationale des F\u00e9d\u00e9rations anarchistes<br \/>\nMadrid, 29\u00a0\u00a0mars\u00a02014<\/p>\n<p style=\"text-align: justify\"><em>Publi\u00e9 dans le Monde Libertaire n\u00b01740, actuellement en kiosques.<\/em><\/p>\n","protected":false},"excerpt":{"rendered":"<p>L\u2019Europe \u00e0 l\u2019heure des \u00e9lections Les \u00e9lections europ\u00e9ennes se d\u00e9roulent dans un contexte d\u2019aust\u00e9rit\u00e9 croissante. Chaque jour nous subissons les effets de la crise provoqu\u00e9e par les transformations du capitalisme global. Les gouvernements, les \u00c9tats et les structures supranationales, telles que la Communaut\u00e9 europ\u00e9enne, contestent les droits et attaquent les conditions de vie qui ont &hellip; <a href=\"https:\/\/fa86.noblogs.org\/?p=11555\" class=\"more-link\">Continuer la lecture de <span class=\"screen-reader-text\">L\u2019Europe \u00e0 l\u2019heure des \u00e9lections<\/span> <span class=\"meta-nav\">&rarr;<\/span><\/a><\/p>\n","protected":false},"author":2691,"featured_media":0,"comment_status":"closed","ping_status":"open","sticky":false,"template":"","format":"standard","meta":{"footnotes":""},"categories":[21,11,7],"tags":[],"class_list":["post-11555","post","type-post","status-publish","format-standard","hentry","category-desinformation-bourgeoise","category-ni-patrie-ni-frontiere","category-propagande-marchande"],"_links":{"self":[{"href":"https:\/\/fa86.noblogs.org\/index.php?rest_route=\/wp\/v2\/posts\/11555","targetHints":{"allow":["GET"]}}],"collection":[{"href":"https:\/\/fa86.noblogs.org\/index.php?rest_route=\/wp\/v2\/posts"}],"about":[{"href":"https:\/\/fa86.noblogs.org\/index.php?rest_route=\/wp\/v2\/types\/post"}],"author":[{"embeddable":true,"href":"https:\/\/fa86.noblogs.org\/index.php?rest_route=\/wp\/v2\/users\/2691"}],"replies":[{"embeddable":true,"href":"https:\/\/fa86.noblogs.org\/index.php?rest_route=%2Fwp%2Fv2%2Fcomments&post=11555"}],"version-history":[{"count":2,"href":"https:\/\/fa86.noblogs.org\/index.php?rest_route=\/wp\/v2\/posts\/11555\/revisions"}],"predecessor-version":[{"id":11557,"href":"https:\/\/fa86.noblogs.org\/index.php?rest_route=\/wp\/v2\/posts\/11555\/revisions\/11557"}],"wp:attachment":[{"href":"https:\/\/fa86.noblogs.org\/index.php?rest_route=%2Fwp%2Fv2%2Fmedia&parent=11555"}],"wp:term":[{"taxonomy":"category","embeddable":true,"href":"https:\/\/fa86.noblogs.org\/index.php?rest_route=%2Fwp%2Fv2%2Fcategories&post=11555"},{"taxonomy":"post_tag","embeddable":true,"href":"https:\/\/fa86.noblogs.org\/index.php?rest_route=%2Fwp%2Fv2%2Ftags&post=11555"}],"curies":[{"name":"wp","href":"https:\/\/api.w.org\/{rel}","templated":true}]}}