{"id":11578,"date":"2014-05-02T16:42:40","date_gmt":"2014-05-02T14:42:40","guid":{"rendered":"http:\/\/fa86.noblogs.org\/?p=11578"},"modified":"2014-05-03T10:26:24","modified_gmt":"2014-05-03T08:26:24","slug":"poitou-charentes-une-nouvelle-prefete-aux-competences-bien-rodees","status":"publish","type":"post","link":"https:\/\/fa86.noblogs.org\/?p=11578","title":{"rendered":"[Poitou-Charentes] Une nouvelle pr\u00e9f\u00e8te aux comp\u00e9tences bien rod\u00e9es"},"content":{"rendered":"<p style=\"text-align: justify\">Le 30 avril 2014, le conseil des ministres a nomm\u00e9 la nouvelle pr\u00e9f\u00e8te de Poitou-Charentes : Christiane Barret. Son\u00a0<em>curriculum vitae<\/em>\u00a0est \u00e9loquent :<\/p>\n<p style=\"text-align: justify\">-1982 : \u00e9narque, puis administratrice civile affect\u00e9e au minist\u00e8re de <strong>l&rsquo;\u00e9quipement, des transports, de l&rsquo;am\u00e9nagement du territoire<\/strong>, du tourisme et de la mer<\/p>\n<p style=\"text-align: justify\">-1986 : sous-pr\u00e9f\u00e8te \u00e0 Brian\u00e7on (Hautes-Alpes)<\/p>\n<p style=\"text-align: justify\">-1987 : rencontre avec s\u0153ur Emmanuelle \u00e0 Brian\u00e7on. Elle deviendra pr\u00e9sidente de l&rsquo;association des Amis de s\u0153ur Emmanuelle.<\/p>\n<p style=\"text-align: justify\">-1995 : <strong>conseill\u00e8re technique\u00a0du ministre du Travail<\/strong><\/p>\n<p style=\"text-align: justify\">-1995 : sous-pr\u00e9f\u00e8te\u00a0\u00e0 Albertville (Savoie)<\/p>\n<p style=\"text-align: justify\">-2000 : sous-pr\u00e9f\u00e8te \u00e0 La Tour-du-Pin (Is\u00e8re)<\/p>\n<p style=\"text-align: justify\">-2000 : directrice de la nature et des paysages au <strong>minist\u00e8re de l&rsquo;am\u00e9nagement du territoire et de l&rsquo;environnement<\/strong>.<\/p>\n<p style=\"text-align: justify\">2004 : directrice de la Mission Europe au minist\u00e8re des Affaires \u00e9trang\u00e8res<\/p>\n<p style=\"text-align: justify\">-2005 :\u00a0<strong>inspectrice g\u00e9n\u00e9rale de l&rsquo;\u00e9quipement<\/strong>.<\/p>\n<p style=\"text-align: justify\">-2007 : pr\u00e9f\u00e8te d\u00e9l\u00e9gu\u00e9e \u00e0 <strong>l&rsquo;\u00e9galit\u00e9 des chances<\/strong> en Seine-Saint-Denis pour l&rsquo;animation des politiques de coh\u00e9sion sociale<\/p>\n<p style=\"text-align: justify\">-2009 :\u00a0pr\u00e9f\u00e8te des Deux-S\u00e8vres<\/p>\n<p style=\"text-align: justify\">-2012\u00a0: directrice du cabinet du <strong>ministre de la Ville<\/strong><sup id=\"cite_ref-8\"><\/sup><\/p>\n<p style=\"text-align: justify\">Elle prendra officiellement ses fonctions bient\u00f4t \u00e0 Poitiers, en d\u00e9posant (comme le veut la tradition)\u00a0un d\u00e9p\u00f4t de gerbes au monument aux morts, boulevard de Verdun.<\/p>\n<p style=\"text-align: justify\">On se rappelle qu&rsquo;\u00e0 l&rsquo;occasion de la m\u00eame c\u00e9r\u00e9monie pour Elisabeth Borne (l&rsquo;ex-pr\u00e9f\u00e8te), deux personnes avaient \u00e9t\u00e9 emmen\u00e9es au poste et d&rsquo;autres contr\u00f4l\u00e9es, pour avoir eu le toupet d&rsquo;approcher du boulevard de Verdun avec une banderole d\u00e9non\u00e7ant la multinationale Vinci, bien connue pour son projet de second a\u00e9roport pr\u00e8s de Nantes, mais aussi pour ses grands travaux en partenariat \u00ab\u00a0public-priv\u00e9\u00a0\u00bb, \u00e0 Poitiers et en Poitou-Charentes (LGV, C\u0153ur d&rsquo;agglo, passerelle L\u00e9on Blum, quartier des Montgorges&#8230; et toujours <a href=\"http:\/\/www.lanouvellerepublique.fr\/Vienne\/Actualite\/Politique\/n\/Contenus\/Articles\/2014\/05\/03\/Quand-Grand-Poitiers-subventionne-Vinci-1893501\" target=\"_blank\">les subventions de Grand Poitiers \u00e0 Vinci Autoroutes<\/a> !). Sans que les personnes r\u00e9prim\u00e9es aient pu dire un seul mot, un responsable de la police locale avait vu dans cette banderole, qu&rsquo;il avait personnellement arrach\u00e9e des mains des militants, \u00a0\u00ab\u00a0une attaque personnelle contre la pr\u00e9f\u00e8te\u00a0\u00bb, ce qui constituait d\u00e9j\u00e0 un bel aveu.<\/p>\n<p style=\"text-align: justify\">Bref, une nomination dans la continuit\u00e9 des comp\u00e9tences d&rsquo;Elisabeth Borne en mati\u00e8re d&rsquo;\u00e9quipement et transports&#8230; et d&rsquo;urbanisme.\u00a0Les amoureux\u00a0des partenariats public-priv\u00e9, d&rsquo;am\u00e9nagement capitaliste du territoire et de gentrification urbaine seront ravis. Les habitant.e.s de territoires transform\u00e9s en d\u00e9serts, les pauvres et autres \u00ab\u00a0marginaux\u00a0\u00bb ind\u00e9sirables le seront sans doute moins&#8230;<\/p>\n<p style=\"text-align: justify\"><em>Pavillon Noir, 2014<\/em><\/p>\n","protected":false},"excerpt":{"rendered":"<p>Le 30 avril 2014, le conseil des ministres a nomm\u00e9 la nouvelle pr\u00e9f\u00e8te de Poitou-Charentes : Christiane Barret. Son\u00a0curriculum vitae\u00a0est \u00e9loquent : -1982 : \u00e9narque, puis administratrice civile affect\u00e9e au minist\u00e8re de l&rsquo;\u00e9quipement, des transports, de l&rsquo;am\u00e9nagement du territoire, du tourisme et de la mer -1986 : sous-pr\u00e9f\u00e8te \u00e0 Brian\u00e7on (Hautes-Alpes) -1987 : rencontre avec &hellip; <a href=\"https:\/\/fa86.noblogs.org\/?p=11578\" class=\"more-link\">Continuer la lecture de <span class=\"screen-reader-text\">[Poitou-Charentes] Une nouvelle pr\u00e9f\u00e8te aux comp\u00e9tences bien rod\u00e9es<\/span> <span class=\"meta-nav\">&rarr;<\/span><\/a><\/p>\n","protected":false},"author":2691,"featured_media":0,"comment_status":"closed","ping_status":"open","sticky":false,"template":"","format":"standard","meta":{"footnotes":""},"categories":[26,8],"tags":[],"class_list":["post-11578","post","type-post","status-publish","format-standard","hentry","category-construction-du-desert","category-ecrits"],"_links":{"self":[{"href":"https:\/\/fa86.noblogs.org\/index.php?rest_route=\/wp\/v2\/posts\/11578","targetHints":{"allow":["GET"]}}],"collection":[{"href":"https:\/\/fa86.noblogs.org\/index.php?rest_route=\/wp\/v2\/posts"}],"about":[{"href":"https:\/\/fa86.noblogs.org\/index.php?rest_route=\/wp\/v2\/types\/post"}],"author":[{"embeddable":true,"href":"https:\/\/fa86.noblogs.org\/index.php?rest_route=\/wp\/v2\/users\/2691"}],"replies":[{"embeddable":true,"href":"https:\/\/fa86.noblogs.org\/index.php?rest_route=%2Fwp%2Fv2%2Fcomments&post=11578"}],"version-history":[{"count":7,"href":"https:\/\/fa86.noblogs.org\/index.php?rest_route=\/wp\/v2\/posts\/11578\/revisions"}],"predecessor-version":[{"id":11594,"href":"https:\/\/fa86.noblogs.org\/index.php?rest_route=\/wp\/v2\/posts\/11578\/revisions\/11594"}],"wp:attachment":[{"href":"https:\/\/fa86.noblogs.org\/index.php?rest_route=%2Fwp%2Fv2%2Fmedia&parent=11578"}],"wp:term":[{"taxonomy":"category","embeddable":true,"href":"https:\/\/fa86.noblogs.org\/index.php?rest_route=%2Fwp%2Fv2%2Fcategories&post=11578"},{"taxonomy":"post_tag","embeddable":true,"href":"https:\/\/fa86.noblogs.org\/index.php?rest_route=%2Fwp%2Fv2%2Ftags&post=11578"}],"curies":[{"name":"wp","href":"https:\/\/api.w.org\/{rel}","templated":true}]}}