{"id":11644,"date":"2014-05-07T13:36:54","date_gmt":"2014-05-07T11:36:54","guid":{"rendered":"http:\/\/fa86.noblogs.org\/?p=11644"},"modified":"2014-05-22T11:52:03","modified_gmt":"2014-05-22T09:52:03","slug":"poitiers-le-flic-se-serait-bien-suicide-a-cause-des-methodes-de-son-superieur","status":"publish","type":"post","link":"https:\/\/fa86.noblogs.org\/?p=11644","title":{"rendered":"[Poitiers] Le flic se serait bien suicid\u00e9 \u00e0 cause des m\u00e9thodes de son sup\u00e9rieur"},"content":{"rendered":"<p style=\"text-align: justify\"><em><strong>NdPN<\/strong> : pour rappel, voir <a href=\"http:\/\/www.antirep86.fr\/2010\/12\/11\/le-commissaire-a-t-il-pousse-le-policier-au-suicide-nr-11122010\/\" target=\"_blank\">cet article d&rsquo;Emmanuel Coupaye, paru dans la Nouvelle R\u00e9publique le 11 d\u00e9cembre 2010<\/a>. Il aura fallu dix ans pour que le dossier commence \u00e0 bouger&#8230; il en faudra sans doute plus encore pour que les victimes de certaines m\u00e9thodes de la police soient aussi reconnues !<\/em><\/p>\n<p style=\"text-align: justify\"><a href=\"http:\/\/www.lanouvellerepublique.fr\/Vienne\/Services\/Toutes-les-DMAs\/n\/Contenus\/DMAs\/2014\/05\/07\/Poitiers-un-policier-pousse-au-suicide-a-cause-du-service-1899315\" target=\"_blank\"><strong>Poitiers: un policier pouss\u00e9 au suicide \u00e0 cause du service<\/strong><\/a><\/p>\n<p style=\"text-align: justify\">Le rapporteur public du tribunal administratif de Poitiers vient de conclure qu&rsquo;il existait bel et bien un lien entre le service et le suicide d&rsquo;un brigadier de police \u00e0 son domicile en juillet 2004. Il se plaignait des m\u00e9thodes de management de son chef d&rsquo;alors, un commissaire parti depuis de Poitiers. La reconnaissance de ce lien entre le service et le suicide est rarissime. C&rsquo;est un expert m\u00e9dical qui l&rsquo;a \u00e9tabli. Le tribunal rendra sa d\u00e9cision dans quinze jours.<\/p>\n<p style=\"text-align: justify\"><em>D\u00e9p\u00eache Nouvelle R\u00e9publique, 7 mai 2014<\/em><\/p>\n<p style=\"text-align: justify\"><a href=\"https:\/\/fa86.noblogs.org\/files\/2014\/05\/dscn0240.jpg\"><img loading=\"lazy\" decoding=\"async\" class=\"alignnone size-full wp-image-11652\" src=\"https:\/\/fa86.noblogs.org\/files\/2014\/05\/dscn0240.jpg\" alt=\"dscn0240\" width=\"650\" height=\"488\" srcset=\"https:\/\/fa86.noblogs.org\/files\/2014\/05\/dscn0240.jpg 650w, https:\/\/fa86.noblogs.org\/files\/2014\/05\/dscn0240-300x225.jpg 300w\" sizes=\"auto, (max-width: 650px) 100vw, 650px\" \/><\/a><\/p>\n<p style=\"text-align: justify\"><strong>Mise \u00e0 jour 8 mai 2014 :<\/strong><\/p>\n<p style=\"text-align: justify\"><a href=\"http:\/\/www.lanouvellerepublique.fr\/Vienne\/Actualite\/Faits-divers-justice\/n\/Contenus\/Articles\/2014\/05\/08\/Policier-pousse-au-suicide-la-voie-de-la-reconnaissance-1899837\" target=\"_blank\"><strong>Policier pouss\u00e9 au suicide : la voie de la reconnaissance<\/strong><\/a><\/p>\n<p style=\"text-align: justify\">Poitiers. La d\u00e9cision est tr\u00e8s attendue\u2009: le tribunal administratif doit dire si un policier a bien \u00e9t\u00e9 pouss\u00e9 au suicide \u00e0 cause de ses conditions de travail.<\/p>\n<p style=\"text-align: justify\">Un premier pas. C&rsquo;est comme \u00e7a que les policiers le vivent. <i>\u00ab\u00a0Cette histoire avait chamboul\u00e9 du monde. C&rsquo;est bien que la justice puisse reconna\u00eetre ce que nous vivons\u00a0\u00bb<\/i>, confie un fonctionnaire poitevin.<\/p>\n<p style=\"text-align: justify\">Le tribunal administratif de Poitiers se penchait hier sur le suicide d&rsquo;un policier \u00e0 son domicile en juillet\u00a02004. Faut-il l&rsquo;imputer aux conditions de travail comme la veuve du brigadier Philippe Berthod le r\u00e9p\u00e8te depuis dix ans\u2009?<\/p>\n<p style=\"text-align: justify\">\u00a0<b>\u00ab\u00a0\u2009Dix ans pour en arriver \u00e0 une \u00e9vidence\u2009!\u2009\u00a0\u00bb<\/b><\/p>\n<p style=\"text-align: justify\">Oui, selon le rapporteur public du tribunal administratif. Qui s&rsquo;appuie pour sa d\u00e9monstration sur l&rsquo;avis rendu par un expert qui avait enfin pu acc\u00e9der \u00e0 des documents m\u00e9dicaux r\u00e9clam\u00e9s depuis si longtemps (voir par ailleurs).<br \/>\nL&rsquo;expert est formel\u2009: il y a bien un lien entre le service et le suicide. Le policier n&rsquo;\u00e9tait pas d\u00e9pressif avant sa mutation non d\u00e9sir\u00e9e dans un service qui ne lui convenait pas. Il vivait mal les propos de son chef d&rsquo;alors, le commissaire Gaillard, sur son efficacit\u00e9 et sur ses arr\u00eats maladie r\u00e9p\u00e9t\u00e9s. L&rsquo;expert note qu&rsquo;ils sont <i>\u00ab\u00a0r\u00e9actionnels\u00a0\u00bb<\/i> \u00e0 la situation v\u00e9cue et que la d\u00e9gradation de l&rsquo;\u00e9tat de sant\u00e9 psychologique du policier est apparue apr\u00e8s sa mutation. Et, surtout, qu&rsquo;il n&rsquo;avait aucun autre probl\u00e8me\u2009: ni financier, ni personnel.<br \/>\nCet avis m\u00e9dical, le pr\u00e9fet bordelais en charge de la commission de r\u00e9forme s&rsquo;\u00e9tait assis dessus en octobre\u00a02012. Il notait, une fois de plus, que le lien devait \u00eatre exclusif entre le suicide et le service pour qu&rsquo;il soit reconnu.<br \/>\nLe rapporteur public estime que c&rsquo;est faux. Il suffit qu&rsquo;il soit d\u00e9terminant. C&rsquo;est le cas, et, pour lui, l&rsquo;Administration a commis une erreur d&rsquo;appr\u00e9ciation en ne reconnaissant pas la souffrance au travail du policier.<br \/>\nD\u00e8s lors, il demande l&rsquo;annulation de la d\u00e9cision prise en octobre\u00a02012\u00a0et la revalorisation de la rente accord\u00e9e \u00e0 la veuve de Philippe Berthot.<br \/>\n<i>\u00ab\u00a0Il aura fallu dix ann\u00e9es de proc\u00e9dure pour en arriver \u00e0 cette \u00e9vidence qui sautait aux yeux\u00a0\u00bb,<\/i> r\u00e9agit M<sup><span style=\"font-size: small\">e<\/span><\/sup>\u00a0Fran\u00e7ois Gaborit. <i>\u00ab\u00a0Le rapporteur dit ce que je dis depuis le d\u00e9but\u00a0\u00bb<\/i>, encha\u00eene Christine Berthod. <i>\u00ab\u00a0Maintenant, je suis sur la d\u00e9fensive. J&rsquo;attends de conna\u00eetre la d\u00e9cision. Mais, aujourd&rsquo;hui, c&rsquo;est une nouvelle \u00e9tape.\u00a0\u00bb<\/i><br \/>\nLe tribunal rendra sa d\u00e9cision dans quinze jours. Une d\u00e9cision rarissime scrut\u00e9e de toutes parts tant elle est charg\u00e9e de symboles et d&rsquo;\u00e9volutions potentielles.<br \/>\nMais, ce ne sera qu&rsquo;une \u00e9tape de plus. Car, si la responsabilit\u00e9 du service \u00e9tait reconnue dans le suicide du policier, il y a fort \u00e0 parier que le Conseil d&rsquo;\u00c9tat en serait saisi.<\/p>\n<p style=\"text-align: justify\">\u00a0<i>Le minist\u00e8re de l&rsquo;Int\u00e9rieur n&rsquo;\u00e9tait pas repr\u00e9sent\u00e9 \u00e0 l&rsquo;audience dont il avait demand\u00e9 le report par fax, mardi soir, \u00e0 19\u2009h\u200952.<\/i><\/p>\n<p style=\"text-align: justify\"><span class=\"inter\">rep\u00e8res<\/span><\/p>\n<p style=\"text-align: justify\"><b>Les syndicats policiers : \u00a0\u00bb Enfin ! \u00ab\u00a0<\/b><\/p>\n<p style=\"text-align: justify\">Le climat d\u00e9testable qui r\u00e9gnait en 2004\u00a0au commissariat de Poitiers avait suscit\u00e9 la r\u00e9daction de tracts au vitriol. Dix ans apr\u00e8s, les repr\u00e9sentants syndicaux n&rsquo;ont pas oubli\u00e9. Ils saluent tous le courage et la volont\u00e9 de la veuve de Philippe Berthod. <i>\u00ab\u00a0La proc\u00e9dure actuelle, si elle aboutit\u00a0\u00bb<\/i>, rel\u00e8ve Christelle Touchet d&rsquo;Alliance Police Nationale,<i>\u00a0\u00ab\u00a0elle revient au combat engag\u00e9 par la famille et les organisations syndicale <\/i><strong>[NdPN : sic]<\/strong>.<i> Ce qu&rsquo;\u00e0 <\/i><strong>[NdPN : sic]<\/strong><i> fait sa veuve est \u00e9norme. Nous sommes satisfaits de l&rsquo;avis rendu par le rapporteur public et que la situation des policiers soit enfin reconnu <\/i><strong>[NdPN : sic]<\/strong><i> comme chez France T\u00e9l\u00e9com ou Renault.\u00a0\u00bb<\/i><br \/>\n<i>\u00ab\u00a0C&rsquo;est dommage qu&rsquo;il ait fallu tant de temps et d&rsquo;\u00e9nergie d\u00e9pens\u00e9e pour en arriver l\u00e0. Il y a toujours une protection de la hi\u00e9rarchie dans ces cas-l\u00e0. On ne veut pas reconna\u00eetre les vraies raisons du suicide\u00a0\u00bb<\/i>, ajoute Alain Pissard d&rsquo;Unit\u00e9 SGP Police FO. <i>\u00ab\u00a0On se r\u00e9jouit pour la m\u00e9moire de Philippe et pour sa famille<\/i>.\u00a0\u00bb<br \/>\nTrois policiers se sont suicid\u00e9s dans la Vienne depuis deux ans.<\/p>\n<div class=\"infosAuteur\" style=\"text-align: justify\"><em><span class=\"nom_auteur\"> Emmanuel Coupaye<\/span>, Nouvelle R\u00e9publique, 8 mai 2014<\/em><\/div>\n<div class=\"infosAuteur\" style=\"text-align: justify\"><\/div>\n<div class=\"infosAuteur\" style=\"text-align: justify\"><strong>Mise \u00e0 jour 22 mai 2014 : <a href=\"http:\/\/www.lanouvellerepublique.fr\/Vienne\/Actualite\/Faits-divers-justice\/n\/Contenus\/Articles\/2014\/05\/22\/Le-suicide-d-un-policier-poitevin-impute-au-service-1917529\" target=\"_blank\">nouvel article dans la Nouvelle R\u00e9publique<\/a><\/strong><\/div>\n","protected":false},"excerpt":{"rendered":"<p>NdPN : pour rappel, voir cet article d&rsquo;Emmanuel Coupaye, paru dans la Nouvelle R\u00e9publique le 11 d\u00e9cembre 2010. Il aura fallu dix ans pour que le dossier commence \u00e0 bouger&#8230; il en faudra sans doute plus encore pour que les victimes de certaines m\u00e9thodes de la police soient aussi reconnues ! Poitiers: un policier pouss\u00e9 &hellip; <a href=\"https:\/\/fa86.noblogs.org\/?p=11644\" class=\"more-link\">Continuer la lecture de <span class=\"screen-reader-text\">[Poitiers] Le flic se serait bien suicid\u00e9 \u00e0 cause des m\u00e9thodes de son sup\u00e9rieur<\/span> <span class=\"meta-nav\">&rarr;<\/span><\/a><\/p>\n","protected":false},"author":2691,"featured_media":0,"comment_status":"closed","ping_status":"open","sticky":false,"template":"","format":"standard","meta":{"footnotes":""},"categories":[22],"tags":[],"class_list":["post-11644","post","type-post","status-publish","format-standard","hentry","category-le-travail-tue"],"_links":{"self":[{"href":"https:\/\/fa86.noblogs.org\/index.php?rest_route=\/wp\/v2\/posts\/11644","targetHints":{"allow":["GET"]}}],"collection":[{"href":"https:\/\/fa86.noblogs.org\/index.php?rest_route=\/wp\/v2\/posts"}],"about":[{"href":"https:\/\/fa86.noblogs.org\/index.php?rest_route=\/wp\/v2\/types\/post"}],"author":[{"embeddable":true,"href":"https:\/\/fa86.noblogs.org\/index.php?rest_route=\/wp\/v2\/users\/2691"}],"replies":[{"embeddable":true,"href":"https:\/\/fa86.noblogs.org\/index.php?rest_route=%2Fwp%2Fv2%2Fcomments&post=11644"}],"version-history":[{"count":5,"href":"https:\/\/fa86.noblogs.org\/index.php?rest_route=\/wp\/v2\/posts\/11644\/revisions"}],"predecessor-version":[{"id":11713,"href":"https:\/\/fa86.noblogs.org\/index.php?rest_route=\/wp\/v2\/posts\/11644\/revisions\/11713"}],"wp:attachment":[{"href":"https:\/\/fa86.noblogs.org\/index.php?rest_route=%2Fwp%2Fv2%2Fmedia&parent=11644"}],"wp:term":[{"taxonomy":"category","embeddable":true,"href":"https:\/\/fa86.noblogs.org\/index.php?rest_route=%2Fwp%2Fv2%2Fcategories&post=11644"},{"taxonomy":"post_tag","embeddable":true,"href":"https:\/\/fa86.noblogs.org\/index.php?rest_route=%2Fwp%2Fv2%2Ftags&post=11644"}],"curies":[{"name":"wp","href":"https:\/\/api.w.org\/{rel}","templated":true}]}}