{"id":11657,"date":"2014-05-11T09:06:59","date_gmt":"2014-05-11T07:06:59","guid":{"rendered":"http:\/\/fa86.noblogs.org\/?p=11657"},"modified":"2014-05-11T09:06:59","modified_gmt":"2014-05-11T07:06:59","slug":"dal-86-annulation-de-loqtf-et-regularisation-de-marina","status":"publish","type":"post","link":"https:\/\/fa86.noblogs.org\/?p=11657","title":{"rendered":"[DAL 86] Annulation de l&rsquo;OQTF et r\u00e9gularisation de Marina !"},"content":{"rendered":"<p style=\"text-align: justify\"><a href=\"http:\/\/dal86.fr\/2014\/05\/10\/annulation-de-loqtf-et-regularisation-de-marina\/\" target=\"_blank\"><strong>Annulation de l\u2019OQTF et r\u00e9gularisation de Marina !<\/strong> <\/a><\/p>\n<p style=\"text-align: justify\" align=\"JUSTIFY\">Mercredi 7 mai \u00e0 midi une soixantaine de personnes soutenaient Marina devant le groupe scolaire Tony-Lain\u00e9, aux Trois-Cit\u00e9s. Parents d\u2019\u00e9l\u00e8ves, enseignants, militants associatifs et d\u2019habitants du quartier sont venus manifester toute leur solidarit\u00e9 \u00e0 l\u2019\u00e9gard de cette jeune veuve, m\u00e8re de deux enfants de 9\u00a0et 11\u00a0ans d\u2019origine arm\u00e9nienne, contre qui la pr\u00e9fecture et ses sbires s\u2019acharne. <a href=\"http:\/\/www.lanouvellerepublique.fr\/Vienne\/Actualite\/Economie-social\/n\/Contenus\/Articles\/2014\/05\/08\/Pour-que-Marina-et-ses-enfants-restent-ici-1899612\" target=\"_blank\"><strong><span style=\"text-decoration: underline\"><span style=\"color: #660000\">VOIR <\/span><\/span><\/strong><\/a><strong>et <a href=\"http:\/\/www.centre-presse.fr\/article-308473-la-mobilisation-du-quartier-ne-faiblit-pas-pour-marina.html\" target=\"_blank\"><span style=\"text-decoration: underline\"><span style=\"color: #660000\">VOIR<\/span><\/span><\/a><\/strong><\/p>\n<p style=\"text-align: justify\" align=\"JUSTIFY\">Arriv\u00e9e en France voil\u00e0 3 ans, le 26 avril 2011, Marina a d\u00e9pos\u00e9 de suite une demande d\u2019asile. La Croix Rouge ayant refus\u00e9 de leur donner une place au CHUS, elle a v\u00e9cu elle et ses deux enfants de 6 et 8 ans \u00e0 l\u2019\u00e9poque, un long mois \u00e0 la rue. Ils ont ensuite obtenu un logement CADA \u00e0 l\u2019Entraide Sociale Poitevine, <i>Audacia<\/i> aujourd\u2019hui. Sa demande d\u2019Asile a \u00e9t\u00e9 d\u00e9finitivement rejet\u00e9e le 27 d\u00e9cembre 2013. Elle a eu une premi\u00e8re OQTF (Obligation de Quitter le Territoire Fran\u00e7ais) le 28 janvier 2013 et Audacia lui a demand\u00e9 de quitter son logement \u00e0 la m\u00eame date, <b>sans lui proposer une autre solution<\/b>, <b>c\u2019est-\u00e0-dire <\/b><i><b>a tent\u00e9 de la mettre, elle et ses deux enfants, \u00e0 la rue en plein hiver.<\/b><\/i> Un comit\u00e9 de soutien s\u2019est constitu\u00e9 aux 3 Cit\u00e9s autour des parents et des enseignants de Tony Lain\u00e9 et du Centre Socio-culturel, d\u2019associations et des habitants du quartier.<\/p>\n<p style=\"text-align: justify\" align=\"JUSTIFY\">Sur les conseils du Dal86, et malgr\u00e9 les pressions, les menaces, les intimidations et les chantages des travailleurs \u00ab\u00a0sociaux\u00a0\u00bb d\u2019Audacia, par exemple\u00a0: \u00ab\u00a0<i>si vous ne partez pas et puisque vous avez une OQTF, la police viendra vous expulser et vous renverra dans votre pays\u00a0!<\/i>\u00a0\u00bb, Marina a refus\u00e9 de quitter son logement CADA et a r\u00e9ussi \u00e0 y rester presqu\u2019un an.<\/p>\n<p style=\"text-align: justify\" align=\"JUSTIFY\">Rappelons quand m\u00eame que devant l\u2019augmentation du nombre de demandeurs d\u2019asile d\u00e9bout\u00e9s qui refusaient de quitter leur logement CADA, les travailleurs \u00ab\u00a0sociaux\u00a0\u00bb mena\u00e7ant de perdre leur sang-froid, de commettre des expulsions muscl\u00e9es et de changer les barillets des portes, la pr\u00e9f\u00e8te Elisabeth Borne herself a \u00e9t\u00e9 contrainte cet \u00e9t\u00e9 de se d\u00e9placer chez Audacia pour leur pr\u00e9ciser que c\u2019\u00e9tait ill\u00e9gal\u00a0!<\/p>\n<p style=\"text-align: justify\" align=\"JUSTIFY\">Mais les maltraitances, les pressions, les menaces, les intimidations et les chantages des travailleurs \u00ab\u00a0sociaux\u00a0\u00bb d\u2019Audacia ont eu raison de la r\u00e9sistance de Marina et l\u2019on contrainte \u00e0 la fin \u00e0 quitter son logement et, pour ne pas se retrouver \u00e0 la rue en plain hiver, \u00e0 accepter une chambre d\u2019h\u00f4tel en janvier dernier, la mettant, elle qui \u00e9tait d\u00e9j\u00e0 en \u00e9tat de fragilit\u00e9, dans une situation de grande pr\u00e9carit\u00e9. En effet, comment arriver \u00e0 nourrir ses enfants et \u00e0 se nourrir, en particulier \u00e0 cuisiner lorsqu\u2019on est dans une chambre d\u2019h\u00f4tel\u00a0? Vous nous direz\u00a0: \u00ab\u00a0il n\u2019y a pas beaucoup de choses \u00e0 cuisiner\u00a0!\u00a0\u00bb et vous aurez raison. Les Restos du c\u0153ur sont ferm\u00e9s et, \u00e0 part la maigre distribution alimentaire \u2013 quand il y en a \u2013 et ce seulement tous les 15 jours du Secours Catholique, les familles et personnes en situation irr\u00e9guli\u00e8re ne peuvent compter que sur la solidarit\u00e9 et sur les poubelles\u2026<\/p>\n<p style=\"text-align: justify\" align=\"JUSTIFY\">Tout ceci n\u2019est pas \u00e9tonnant puisque la politique de la pr\u00e9fecture, aid\u00e9e par certaines associations \u00ab\u00a0sociales\u00a0\u00bb, est de durcir leurs conditions de vie jusqu\u2019\u00e0 les pourrir afin que les migrants quittent Poitiers d\u2019eux-m\u00eames. Qu\u2019importe le prix de la chambre d\u2019h\u00f4tel, 79 \u20ac par nuit soit de 2370 \u00e0 2449\u20ac par mois \u2013 ce qui fera \u00e0 la fin du mois de mai exactement 11929\u20ac\u00a0! -, qu\u2019importe que ce mode d\u2019h\u00e9bergement ne peut pas durer et que Marina risque se retrouver \u00e0 la rue, qu\u2019importent les d\u00e9g\u00e2ts sur la vie de famille et sur la scolarit\u00e9 des enfants, la pr\u00e9fecture persiste dans sa politique destructrice et dispendieuse de la terre br\u00fbl\u00e9e.<\/p>\n<p style=\"text-align: justify\" align=\"JUSTIFY\">Concernant l\u2019expulsion de Marina de son logement CADA, rappelons que le Conseil d\u2019Administration d\u2019Audacia a envoy\u00e9 un courrier officiel \u00e0 la fin de l\u2019ann\u00e9e 2013 \u00e0 la pr\u00e9f\u00e8te pour l\u2019informer qu\u2019ils ne feraient plus de z\u00e8le pour expulser les demandeurs d\u2019asile d\u00e9bout\u00e9s de leur logement CADA. Traitement dont Marina n\u2019a visiblement pas b\u00e9n\u00e9fici\u00e9.<\/p>\n<p style=\"text-align: justify\" align=\"JUSTIFY\">Il para\u00eet que les salari\u00e9s d\u2019Audacia ont mal v\u00e9cu la pr\u00e9sence d\u2019un militant du Dal86 venu accompagner un couple de demandeurs d\u2019asile d\u00e9bout\u00e9s qu\u2019ils voulaient expulser de leur logement CADA avec les m\u00eames m\u00e9thodes que pour Marina\u00a0: \u00ab\u00a0<i>si vous ne partez pas on vous signalera \u00e0 la pr\u00e9fecture et vous aurez une OQTF et la police viendra vous expulser et vous renverra dans votre pays\u00a0!<\/i>\u00a0\u00bb. Nous esp\u00e9rons que ces travailleurs \u00ab\u00a0sociaux\u00a0\u00bb vivent aussi mal le traitement qu\u2019ils ont inflig\u00e9 \u00e0 Marina et la situation difficile dans laquelle ils l\u2019ont mise. Bien-s\u00fbr, ils peuvent aussi se rattraper. D\u2019abord en trouvant une solution pour que marina et ses enfants retrouvent une vie digne. Ensuite en luttant avec nous pour qu\u2019elle soit r\u00e9gularis\u00e9e. Enfin en arr\u00eatant de faire des pressions, sur les demandeurs d\u2019asile d\u00e9bout\u00e9s pour qu\u2019ils quittent leur logement CADA et qu\u2019il leur trouvent des solutions comme c\u2019est inscrit dans la loi.<\/p>\n<p style=\"text-align: justify\" align=\"JUSTIFY\">Suite \u00e0 cette expulsion de son logement CADA, le comit\u00e9 de soutien cr\u00e9\u00e9 en janvier 2013 s\u2019est r\u00e9activ\u00e9 et a organis\u00e9 un premier rassemblement de soutien le 28 mars dernier devant l\u2019\u00e9cole Tony Lain\u00e9 <a href=\"http:\/\/www.lanouvellerepublique.fr\/Vienne\/Actualite\/Economie-social\/n\/Contenus\/Articles\/2014\/03\/29\/Reunis-pour-soutenir-Marina-1849818\" target=\"_blank\"><strong><span style=\"text-decoration: underline\"><span style=\"color: #660000\">VOIR<\/span><\/span><\/strong><\/a><\/p>\n<p style=\"text-align: justify\" align=\"JUSTIFY\">Implacable, la pr\u00e9fecture a r\u00e9pliqu\u00e9 en mettant Marina sous le coup d\u2019une proc\u00e9dure d\u2019obligation de quitter le territoire fran\u00e7ais sans d\u00e9lai. OQTF qu\u2019elle a contest\u00e9 en vain devant le tribunal administratif. De plus elle est assign\u00e9e \u00e0 r\u00e9sidence et doit aller signer au commissariat deux fois par semaine. Cette attaque de la pr\u00e9fecture non seulement est un acharnement inadmissible contre une personne en \u00e9tat de fragilit\u00e9 et dans une situation de grande pr\u00e9carit\u00e9, mais est une v\u00e9ritable provocation envers son comit\u00e9 de soutien. Non seulement la soixantaine de personnes qui soutenaient Marina devant le groupe scolaire Tony-Lain\u00e9 mercredi 7 mai \u00e0 midi, mais les nombreux parents d\u2019\u00e9l\u00e8ves, enseignants et habitants du quartier des 3 Cit\u00e9s qui sont venus \u00e0 la manifestation du mercredi soir qui a rassembl\u00e9 plus de eux cents personnes, sont l\u00e0 pour en t\u00e9moigner.<\/p>\n<p style=\"text-align: justify\" align=\"CENTER\"><span style=\"font-size: large\"><b>Nous avons conscience que le quartier des 3 Cit\u00e9s, qui ne s\u2019engage jamais \u00e0 la l\u00e9g\u00e8re et pers\u00e9v\u00e8re toujours jusqu\u2019\u00e0 la compl\u00e8te r\u00e9ussite, n\u2019acceptera aucune agression suppl\u00e9mentaire envers Marina. Nous avons senti que les parents d\u2019\u00e9l\u00e8ves \u00e9taient pr\u00eats, entre autres, \u00e0 occuper l\u2019\u00e9cole Tony Lain\u00e9 si la pr\u00e9fecture mettait ses menaces d\u2019expulsion \u00e0 ex\u00e9cution, occupation qui durerait jusqu\u2019au retour de Marina<\/b><\/span><\/p>\n<p style=\"text-align: justify\" align=\"CENTER\"><span style=\"font-size: large\"><b>Nous avons conscience que le quartier, se battra bec et ongles pour que Marina reste en France, \u00e0 Poitiers aux 3 Cit\u00e9s, que son OQTF soit annul\u00e9e et qu\u2019il n\u2019arr\u00eatera que quand Marina aura un titre de s\u00e9jour lui permettant de travailler et d\u2019entrer dans le droit commun.<\/b><\/span><\/p>\n<p style=\"text-align: justify\" align=\"CENTER\"><span style=\"font-size: large\"><b>Nous ne l\u00e2cherons rien\u00a0!<\/b><\/span><\/p>\n<div style=\"text-align: justify\">\n<p style=\"text-align: justify\" align=\"RIGHT\">\n<p style=\"text-align: justify\" align=\"RIGHT\"><strong><em><a href=\"http:\/\/dal86.fr\/\" target=\"_blank\"><span style=\"text-decoration: underline\"><span style=\"color: #660000\">DAL86<\/span><\/span><\/a> \u2013 <a href=\"mailto:dal86@free.fr\" target=\"_blank\"><span style=\"text-decoration: underline\"><span style=\"color: #660000\">dal86@free.fr<\/span><\/span><\/a><\/em><em> \u2013 06 52 93 54 44 \/ 05 49 88 94 56<br \/>\nPermanences : tous les samedis matin de 11h \u00e0 12h Maison de la Solidarit\u00e9 22 rue du Pigeon Blanc Poitiers<\/em><\/strong><\/p>\n<p style=\"text-align: justify\" align=\"RIGHT\"><em>Vu sur le site du DAL 86, 10 mai 2014<\/em><\/p>\n<\/div>\n","protected":false},"excerpt":{"rendered":"<p>Annulation de l\u2019OQTF et r\u00e9gularisation de Marina ! Mercredi 7 mai \u00e0 midi une soixantaine de personnes soutenaient Marina devant le groupe scolaire Tony-Lain\u00e9, aux Trois-Cit\u00e9s. Parents d\u2019\u00e9l\u00e8ves, enseignants, militants associatifs et d\u2019habitants du quartier sont venus manifester toute leur solidarit\u00e9 \u00e0 l\u2019\u00e9gard de cette jeune veuve, m\u00e8re de deux enfants de 9\u00a0et 11\u00a0ans d\u2019origine &hellip; <a href=\"https:\/\/fa86.noblogs.org\/?p=11657\" class=\"more-link\">Continuer la lecture de <span class=\"screen-reader-text\">[DAL 86] Annulation de l&rsquo;OQTF et r\u00e9gularisation de Marina !<\/span> <span class=\"meta-nav\">&rarr;<\/span><\/a><\/p>\n","protected":false},"author":2691,"featured_media":0,"comment_status":"closed","ping_status":"open","sticky":false,"template":"","format":"standard","meta":{"footnotes":""},"categories":[9,11,16],"tags":[],"class_list":["post-11657","post","type-post","status-publish","format-standard","hentry","category-la-rue-grogne","category-ni-patrie-ni-frontiere","category-repression"],"_links":{"self":[{"href":"https:\/\/fa86.noblogs.org\/index.php?rest_route=\/wp\/v2\/posts\/11657","targetHints":{"allow":["GET"]}}],"collection":[{"href":"https:\/\/fa86.noblogs.org\/index.php?rest_route=\/wp\/v2\/posts"}],"about":[{"href":"https:\/\/fa86.noblogs.org\/index.php?rest_route=\/wp\/v2\/types\/post"}],"author":[{"embeddable":true,"href":"https:\/\/fa86.noblogs.org\/index.php?rest_route=\/wp\/v2\/users\/2691"}],"replies":[{"embeddable":true,"href":"https:\/\/fa86.noblogs.org\/index.php?rest_route=%2Fwp%2Fv2%2Fcomments&post=11657"}],"version-history":[{"count":1,"href":"https:\/\/fa86.noblogs.org\/index.php?rest_route=\/wp\/v2\/posts\/11657\/revisions"}],"predecessor-version":[{"id":11658,"href":"https:\/\/fa86.noblogs.org\/index.php?rest_route=\/wp\/v2\/posts\/11657\/revisions\/11658"}],"wp:attachment":[{"href":"https:\/\/fa86.noblogs.org\/index.php?rest_route=%2Fwp%2Fv2%2Fmedia&parent=11657"}],"wp:term":[{"taxonomy":"category","embeddable":true,"href":"https:\/\/fa86.noblogs.org\/index.php?rest_route=%2Fwp%2Fv2%2Fcategories&post=11657"},{"taxonomy":"post_tag","embeddable":true,"href":"https:\/\/fa86.noblogs.org\/index.php?rest_route=%2Fwp%2Fv2%2Ftags&post=11657"}],"curies":[{"name":"wp","href":"https:\/\/api.w.org\/{rel}","templated":true}]}}