{"id":11659,"date":"2014-05-12T09:10:10","date_gmt":"2014-05-12T07:10:10","guid":{"rendered":"http:\/\/fa86.noblogs.org\/?p=11659"},"modified":"2014-05-12T09:10:10","modified_gmt":"2014-05-12T07:10:10","slug":"chatellerault-de-la-martelotherapie","status":"publish","type":"post","link":"https:\/\/fa86.noblogs.org\/?p=11659","title":{"rendered":"[Ch\u00e2tellerault] De la \u00ab\u00a0mart\u00e9loth\u00e9rapie\u00a0\u00bb"},"content":{"rendered":"<p style=\"text-align: justify\"><em><strong>NdPN<\/strong> : les propos de l&rsquo;adjoint municipal d&rsquo;Abelin (maire de Ch\u00e2tellerault) sur la \u00ab\u00a0s\u00e9curit\u00e9\u00a0\u00bb valent leur pesant de caca chouette. Nous avons soulign\u00e9 les termes les plus \u00e9loquents de l&rsquo;ancien bidasse, qui semble prendre tr\u00e8s \u00e0 c\u0153ur son r\u00f4le de gestionnaire de la r\u00e9pression.<\/em><\/p>\n<p style=\"text-align: justify\"><a href=\"http:\/\/www.lanouvellerepublique.fr\/Vienne\/Actualite\/Politique\/n\/Contenus\/Articles\/2014\/05\/12\/Philippe-Mis-Je-ne-ferai-pas-de-calinotherapie-1904231\" target=\"_blank\"><strong>Philippe Mis : \u00a0\u00bb Je ne ferai pas de c\u00e2linoth\u00e9rapie \u00ab\u00a0<\/strong> <\/a><\/p>\n<p id=\"articleChapo\" style=\"text-align: justify\">La mission de Philippe Mis, d\u00e9j\u00e0 adjoint lors du premier mandat de Jean-Pierre Abelin, a \u00e9t\u00e9 recentr\u00e9e sur la s\u00e9curit\u00e9. Interview.<\/p>\n<p style=\"text-align: justify\">Ancien chef d&rsquo;\u00e9tat-major de l&rsquo;\u00c9cole de gendarmerie, Philippe Mis, 64\u00a0ans, est de nouveau adjoint de Jean-Pierre Abelin mais avec une mission recentr\u00e9e sur la s\u00e9curit\u00e9. Interview.<\/p>\n<div id=\"text\" style=\"text-align: justify\">\n<p><span class=\"question\">Vous avez h\u00e9sit\u00e9 \u00e0 vous repr\u00e9senter en mars. Pourquoi\u2009?<\/span><\/p>\n<p><i>\u00ab\u00a0Ma premi\u00e8re exp\u00e9rience \u00e9tait une belle exp\u00e9rience mais, vu mon \u00e2ge, je pensais que \u00e7a pouvait s&rsquo;arr\u00eater l\u00e0.\u00a0\u00bb<\/i><\/p>\n<p><span class=\"question\">Qu&rsquo;est-ce qui vous a fait changer d&rsquo;avis\u2009?<\/span><\/p>\n<p><i>\u00ab\u00a0Jean-Pierre Abelin m&rsquo;a convaincu. J&rsquo;ai accept\u00e9 avec beaucoup de plaisir parce que c&rsquo;est tr\u00e8s excitant. Et puis c&rsquo;est dans ma nature. Il faut que \u00e7a bouge.\u00a0\u00bb<\/i><\/p>\n<p><span class=\"question\">Votre mission, qui comprenait auparavant aussi l&rsquo;action immobili\u00e8re et l&rsquo;urbanisme, a \u00e9t\u00e9 recentr\u00e9e sur la s\u00e9curit\u00e9. Pourquoi\u2009?<\/span><\/p>\n<p><i>\u00ab\u00a0Dans la r\u00e9partition des nouvelles d\u00e9l\u00e9gations, Madame Lavrard a l\u00e2ch\u00e9 la culture. Elle avait le patrimoine, il me semble que c&rsquo;\u00e9tait un <strong>package<\/strong> relativement correct de faire urbanisme-patrimoine. <strong>\u00c7a faisait le package complet<\/strong>. La deuxi\u00e8me approche, c&rsquo;est que <strong>la s\u00e9curit\u00e9 \u00e9tait mon c\u0153ur de m\u00e9tier<\/strong> et, qu&rsquo;\u00e0 l&rsquo;heure actuelle, \u00e7a fait partie des pr\u00e9occupations de nos concitoyens.\u00a0\u00bb<\/i><\/p>\n<p><span class=\"question\">Quelle est votre feuille de route\u2009?<\/span><\/p>\n<p><i>\u00ab\u00a0C&rsquo;est d&rsquo;essayer de remettre un petit peu en route ce qui avait \u00e9t\u00e9 largement travaill\u00e9 au premier mandat par V\u00e9ronique Abelin sur le Contrat local de s\u00e9curit\u00e9 pour la pr\u00e9vention de la d\u00e9linquance, sur la <strong>strat\u00e9gie<\/strong>\u2026\u00a0\u00bb<\/i><\/p>\n<p>\u00ab\u00a0\u2009A l&rsquo;heure actuelle, il y a une certaine d\u00e9rive\u2009\u00a0\u00bb<\/p>\n<p><span class=\"question\">Plus personnellement, quel est votre objectif\u2009?<\/span><\/p>\n<p><i>\u00ab\u00a0Avec tous les acteurs sociaux, je souhaiterais que nous puissions essayer de <strong>cadrer au mieux ce qui se passe<\/strong>. A l&rsquo;heure actuelle, <strong>il y a une certaine d\u00e9rive<\/strong>. <strong>On souhaite que les gens soient remis dans le droit chemin<\/strong>. Je traiterai tout ce que j&rsquo;ai \u00e0 traiter avec pragmatisme, sans ang\u00e9lisme. <strong>Je ne ferai pas de c\u00e2linoth\u00e9rapie<\/strong>. De temps en temps, <strong>il fait<\/strong> <\/i>[NdPN : sic]<i><strong> faire de la mart\u00e9loth\u00e9rapie<\/strong>. Quelquefois, <strong>les gens comprennent mieux<\/strong>.\u00a0\u00bb<\/i><\/p>\n<p><span class=\"question\">Vous allez augmenter le nombre de policiers municipaux\u2009?<\/span><\/p>\n<p><i>\u00ab\u00a0Ils sont six. Je pense qu&rsquo;entre 8\u00a0et 10, on serait dans un <strong>volume int\u00e9ressant<\/strong>.\u00a0\u00bb<\/i><\/p>\n<p><span class=\"question\">Avant les \u00e9lections, Jean-Pierre Abelin envisageait d&rsquo;installer des cam\u00e9ras de vid\u00e9oprotection sur une quinzaine de sites. Le projet en est o\u00f9\u2009?<\/span><\/p>\n<p><i>\u00ab\u00a0A l&rsquo;heure actuelle, nous sommes encore en phase de pr\u00e9-\u00e9tude sur les emplacements. Tout n&rsquo;est pas encore finalis\u00e9.\u00a0\u00bb<\/i><\/p>\n<p><span class=\"question\">Une fois qu&rsquo;elles seront install\u00e9es, vous en ferez quel usage\u2009?<\/span><\/p>\n<p><i>\u00ab\u00a0Pour le moment, on ne parle pas de centre de recueil. On n&rsquo;en est pas l\u00e0. On r\u00e9cup\u00e9rera, <strong>on regardera ce qui s&rsquo;est pass\u00e9 et on prendra ce qui est int\u00e9ressant<\/strong>. On n&rsquo;aura pas le direct.\u00a0\u00bb<\/i><\/p>\n<\/div>\n<div class=\"infosAuteur\" style=\"text-align: justify\"><span class=\"nom_auteur\">Propos recueillis par Alain Grimperelle<\/span><\/div>\n<div class=\"infosAuteur\" style=\"text-align: justify\"><em><span class=\"nom_auteur\">Nouvelle R\u00e9publique, 12 mai 2014<\/span><\/em><\/div>\n","protected":false},"excerpt":{"rendered":"<p>NdPN : les propos de l&rsquo;adjoint municipal d&rsquo;Abelin (maire de Ch\u00e2tellerault) sur la \u00ab\u00a0s\u00e9curit\u00e9\u00a0\u00bb valent leur pesant de caca chouette. Nous avons soulign\u00e9 les termes les plus \u00e9loquents de l&rsquo;ancien bidasse, qui semble prendre tr\u00e8s \u00e0 c\u0153ur son r\u00f4le de gestionnaire de la r\u00e9pression. Philippe Mis : \u00a0\u00bb Je ne ferai pas de c\u00e2linoth\u00e9rapie \u00ab\u00a0 &hellip; <a href=\"https:\/\/fa86.noblogs.org\/?p=11659\" class=\"more-link\">Continuer la lecture de <span class=\"screen-reader-text\">[Ch\u00e2tellerault] De la \u00ab\u00a0mart\u00e9loth\u00e9rapie\u00a0\u00bb<\/span> <span class=\"meta-nav\">&rarr;<\/span><\/a><\/p>\n","protected":false},"author":2691,"featured_media":0,"comment_status":"closed","ping_status":"open","sticky":false,"template":"","format":"standard","meta":{"footnotes":""},"categories":[21,16],"tags":[],"class_list":["post-11659","post","type-post","status-publish","format-standard","hentry","category-desinformation-bourgeoise","category-repression"],"_links":{"self":[{"href":"https:\/\/fa86.noblogs.org\/index.php?rest_route=\/wp\/v2\/posts\/11659","targetHints":{"allow":["GET"]}}],"collection":[{"href":"https:\/\/fa86.noblogs.org\/index.php?rest_route=\/wp\/v2\/posts"}],"about":[{"href":"https:\/\/fa86.noblogs.org\/index.php?rest_route=\/wp\/v2\/types\/post"}],"author":[{"embeddable":true,"href":"https:\/\/fa86.noblogs.org\/index.php?rest_route=\/wp\/v2\/users\/2691"}],"replies":[{"embeddable":true,"href":"https:\/\/fa86.noblogs.org\/index.php?rest_route=%2Fwp%2Fv2%2Fcomments&post=11659"}],"version-history":[{"count":1,"href":"https:\/\/fa86.noblogs.org\/index.php?rest_route=\/wp\/v2\/posts\/11659\/revisions"}],"predecessor-version":[{"id":11660,"href":"https:\/\/fa86.noblogs.org\/index.php?rest_route=\/wp\/v2\/posts\/11659\/revisions\/11660"}],"wp:attachment":[{"href":"https:\/\/fa86.noblogs.org\/index.php?rest_route=%2Fwp%2Fv2%2Fmedia&parent=11659"}],"wp:term":[{"taxonomy":"category","embeddable":true,"href":"https:\/\/fa86.noblogs.org\/index.php?rest_route=%2Fwp%2Fv2%2Fcategories&post=11659"},{"taxonomy":"post_tag","embeddable":true,"href":"https:\/\/fa86.noblogs.org\/index.php?rest_route=%2Fwp%2Fv2%2Ftags&post=11659"}],"curies":[{"name":"wp","href":"https:\/\/api.w.org\/{rel}","templated":true}]}}