{"id":11701,"date":"2014-05-18T09:43:51","date_gmt":"2014-05-18T07:43:51","guid":{"rendered":"http:\/\/fa86.noblogs.org\/?p=11701"},"modified":"2014-05-18T09:43:51","modified_gmt":"2014-05-18T07:43:51","slug":"poitiers-premiere-marche-des-fiertes-reussie","status":"publish","type":"post","link":"https:\/\/fa86.noblogs.org\/?p=11701","title":{"rendered":"[Poitiers] Premi\u00e8re marche des fiert\u00e9s r\u00e9ussie"},"content":{"rendered":"<p style=\"text-align: justify\"><a href=\"http:\/\/www.lanouvellerepublique.fr\/Vienne\/Actualite\/24-Heures\/n\/Contenus\/Articles\/2014\/05\/18\/Premiere-marche-pour-des-citoyens-comme-les-autres-1912003\" target=\"_blank\"><strong>Premi\u00e8re marche pour \u00a0\u00bb des citoyens comme les autres \u00ab\u00a0<\/strong> <\/a><\/p>\n<p style=\"text-align: justify\"><em>La marche voulait tordre le cou aux pr\u00e9jug\u00e9s notamment v\u00e9hicul\u00e9s pendant les manifestations contre le mariage pour tous.<\/em><\/p>\n<p style=\"text-align: justify\">Pr\u00e8s de 800\u00a0participants \u00e0 la Marche des fiert\u00e9s ont donn\u00e9 des couleurs \u00e0 la ville. Celles de l\u2019arc-en-ciel, du nom des ap\u00e9ros mensuels organis\u00e9s par LGBTI.<\/p>\n<p style=\"text-align: justify\">Marche des fiert\u00e9s ou rassemblement aux couleurs de l&rsquo;\u00e9galit\u00e9, peu importe la d\u00e9nomination, le collectif LGBTI Vienne\u00a0&#8211; Deux-S\u00e8vres (Associations Contact, David et Jonathan, Les S\u0153urs de la perp\u00e9tuelle indulgence, rando&rsquo;s Poitou, Out&rsquo;rageantEs et En tous genres) a r\u00e9ussi \u00e0 rassembler dans une ambiance \u00e0 la fois festive et militante pr\u00e8s de 800\u00a0personnes, hier apr\u00e8s-midi, \u00e0 Poitiers.<\/p>\n<p style=\"text-align: justify\">S\u0153urs de la perp\u00e9tuelle indulgence en t\u00eate du cort\u00e8ge, musique des ic\u00f4nes de l&rsquo;univers gay et lesbien et pas seulement, kiss in, pancartes revendicatives, fanions politiques et associatifs\u2026 ont donn\u00e9 des couleurs et cr\u00e9\u00e9 une ambiance chaleureuse dans les rues de l&rsquo;hyper-centre.<\/p>\n<p style=\"text-align: justify\"><b>Se sentir citoyen<\/b><\/p>\n<p style=\"text-align: justify\">Point final d&rsquo;une Semaine des visibilit\u00e9s pour lutter contre l&rsquo;homophobie et la transphobie, ce rassemblement est n\u00e9 d&rsquo;une demande forte des membres des associations locales. Un besoin de solidarit\u00e9 pour lutter contre toutes les discriminations. <i>\u00ab\u00a0Il est important de soutenir les initiatives de ce type<\/i>, pr\u00e9cisent Nicolas Neiertz et \u00c9lisabeth Saint-Guily, copr\u00e9sidents de l&rsquo;association chr\u00e9tienne David et Jonathan. <i>Car les actes et paroles homophobes ont doubl\u00e9 en 2013. Un chiffre li\u00e9 aux manifestations contre le mariage pour tous. Les animateurs de ces manifestations ont pris en otage les arguments religieux et ont trahi les valeurs chr\u00e9tiennes que nous partageons. Comme l&rsquo;amour de notre prochain.\u00a0\u00bb<\/i><br \/>\n<i>\u00ab\u00a0Aujourd&rsquo;hui, nous nous sentons compl\u00e8tement citoyens\u00a0\u00bb<\/i>, ajoute Nicolas Neiertz qui vient de se marier apr\u00e8s quinze\u00a0ann\u00e9es de vie commune avec son compagnon.<br \/>\nCette \u00e9galit\u00e9 pour toutes les orientations sexuelles et identit\u00e9s de genre sont aussi au c\u0153ur des ap\u00e9ros Arc-en-Ciel organis\u00e9s chaque mois \u00e0 Poitiers par \u00ab\u00a0En tous genres\u00a0\u00bb\u2009; une association tr\u00e8s impliqu\u00e9e notamment dans la d\u00e9fense des droits amen\u00e9e parfois \u00e0 se porter partie civile. Une soir\u00e9e de cl\u00f4ture \u00e9tait organis\u00e9e hier soir au Confort moderne.<\/p>\n<p style=\"text-align: justify\"><b>Voir vid\u00e9o et diaporama sur notre site Internet.<\/b><\/p>\n<div class=\"infosAuteur\" style=\"text-align: justify\"><em><span class=\"nom_auteur\"> M-L A, <\/span>Nouvelle R\u00e9publique, 18 mai 2014<\/em><\/div>\n","protected":false},"excerpt":{"rendered":"<p>Premi\u00e8re marche pour \u00a0\u00bb des citoyens comme les autres \u00ab\u00a0 La marche voulait tordre le cou aux pr\u00e9jug\u00e9s notamment v\u00e9hicul\u00e9s pendant les manifestations contre le mariage pour tous. Pr\u00e8s de 800\u00a0participants \u00e0 la Marche des fiert\u00e9s ont donn\u00e9 des couleurs \u00e0 la ville. Celles de l\u2019arc-en-ciel, du nom des ap\u00e9ros mensuels organis\u00e9s par LGBTI. Marche &hellip; <a href=\"https:\/\/fa86.noblogs.org\/?p=11701\" class=\"more-link\">Continuer la lecture de <span class=\"screen-reader-text\">[Poitiers] Premi\u00e8re marche des fiert\u00e9s r\u00e9ussie<\/span> <span class=\"meta-nav\">&rarr;<\/span><\/a><\/p>\n","protected":false},"author":2691,"featured_media":0,"comment_status":"closed","ping_status":"open","sticky":false,"template":"","format":"standard","meta":{"footnotes":""},"categories":[9,14],"tags":[],"class_list":["post-11701","post","type-post","status-publish","format-standard","hentry","category-la-rue-grogne","category-questions-de-genres"],"_links":{"self":[{"href":"https:\/\/fa86.noblogs.org\/index.php?rest_route=\/wp\/v2\/posts\/11701","targetHints":{"allow":["GET"]}}],"collection":[{"href":"https:\/\/fa86.noblogs.org\/index.php?rest_route=\/wp\/v2\/posts"}],"about":[{"href":"https:\/\/fa86.noblogs.org\/index.php?rest_route=\/wp\/v2\/types\/post"}],"author":[{"embeddable":true,"href":"https:\/\/fa86.noblogs.org\/index.php?rest_route=\/wp\/v2\/users\/2691"}],"replies":[{"embeddable":true,"href":"https:\/\/fa86.noblogs.org\/index.php?rest_route=%2Fwp%2Fv2%2Fcomments&post=11701"}],"version-history":[{"count":1,"href":"https:\/\/fa86.noblogs.org\/index.php?rest_route=\/wp\/v2\/posts\/11701\/revisions"}],"predecessor-version":[{"id":11702,"href":"https:\/\/fa86.noblogs.org\/index.php?rest_route=\/wp\/v2\/posts\/11701\/revisions\/11702"}],"wp:attachment":[{"href":"https:\/\/fa86.noblogs.org\/index.php?rest_route=%2Fwp%2Fv2%2Fmedia&parent=11701"}],"wp:term":[{"taxonomy":"category","embeddable":true,"href":"https:\/\/fa86.noblogs.org\/index.php?rest_route=%2Fwp%2Fv2%2Fcategories&post=11701"},{"taxonomy":"post_tag","embeddable":true,"href":"https:\/\/fa86.noblogs.org\/index.php?rest_route=%2Fwp%2Fv2%2Ftags&post=11701"}],"curies":[{"name":"wp","href":"https:\/\/api.w.org\/{rel}","templated":true}]}}