{"id":11765,"date":"2014-06-05T09:26:55","date_gmt":"2014-06-05T07:26:55","guid":{"rendered":"http:\/\/fa86.noblogs.org\/?p=11765"},"modified":"2014-06-05T09:41:04","modified_gmt":"2014-06-05T07:41:04","slug":"poitiers-chroniques-de-lhorreur-ordinaire-comment-se-deroule-reellement-une-expulsion","status":"publish","type":"post","link":"https:\/\/fa86.noblogs.org\/?p=11765","title":{"rendered":"[Poitiers] Chroniques de l\u2019horreur ordinaire : Comment se d\u00e9roule r\u00e9ellement une expulsion ?"},"content":{"rendered":"<p style=\"text-align: justify\"><em><strong>NdPN<\/strong> : il y a celles et ceux qui votent pour des \u00ab\u00a0repr\u00e9sentants\u00a0\u00bb\u00a0et l\u00e9gitiment ainsi l&rsquo;autorit\u00e9 de l&rsquo;Etat, quels que soient finalement les \u00e9lus. Il y a les politiciens \u00e9lus qui cr\u00e9ent et entretiennent les peurs par des lois, pour d\u00e9tourner la col\u00e8re contre les poss\u00e9dants. Il y a\u00a0leurs services bureaucratiques qui ent\u00e9rinent l&rsquo;inadmissible, install\u00e9s bien au chaud dans leurs ors r\u00e9publicains. Il y a les pr\u00e9fets et leurs agents qui g\u00e8rent ces lois, signant telle ou telle expulsion du haut de leur tour d&rsquo;ivoire. Il y a les chefs de police qui transmettent les ordres. Il y a les policiers de base qui appliquent. Qui est responsable ? Tout le monde, qui de sa main qui vote, qui de sa main qui signe, qui de sa main qui d\u00e9croche un t\u00e9l\u00e9phone, qui de sa main menotte. La routine du l\u00e2che \u00ab\u00a0c&rsquo;est pas moi, ce sont les ordres\u00a0\u00bb, du renoncement \u00e0 ce qui nous fait humain, concerne les moindres gestes et paroles de nos vies quotidiennes, atomis\u00e9es dans la machine \u00e0 ob\u00e9ir et dominer.<\/em><\/p>\n<p style=\"text-align: justify\"><em>Et puis, il y a celles et ceux qui r\u00e9sistent, se r\u00e9voltent, s&rsquo;organisent.<\/em><\/p>\n<p style=\"text-align: justify\"><em>Ni patries ni fronti\u00e8res !<\/em><\/p>\n<p style=\"text-align: justify\"><a href=\"https:\/\/fa86.noblogs.org\/files\/2014\/06\/banderoleantiraciste.jpg\"><img loading=\"lazy\" decoding=\"async\" class=\"alignnone size-full wp-image-11766\" src=\"https:\/\/fa86.noblogs.org\/files\/2014\/06\/banderoleantiraciste.jpg\" alt=\"banderoleantiraciste\" width=\"700\" height=\"350\" srcset=\"https:\/\/fa86.noblogs.org\/files\/2014\/06\/banderoleantiraciste.jpg 700w, https:\/\/fa86.noblogs.org\/files\/2014\/06\/banderoleantiraciste-300x150.jpg 300w\" sizes=\"auto, (max-width: 700px) 100vw, 700px\" \/><\/a><\/p>\n<p style=\"text-align: justify\">***<\/p>\n<p style=\"text-align: justify\"><a href=\"http:\/\/dal86.fr\/2014\/06\/05\/chroniques-de-lhorreur-ordinaire-comment-se-deroule-reellement-une-expulsion\/\" target=\"_blank\"><strong>Chroniques de l\u2019horreur ordinaire : Comment se d\u00e9roule r\u00e9ellement une expulsion ?<\/strong> <\/a><\/p>\n<p style=\"text-align: justify;margin-bottom: 0cm\" align=\"JUSTIFY\">Au sujet de cette famille russe arriv\u00e9e le 12 novembre 2013 \u00e0 Poitiers dont les enfants de 4 et 6 ans sont scolaris\u00e9s aux \u00e9coles Renaudot et Damien Allard, qui sont en proc\u00e9dure \u00ab\u00a0Dublin\u00a0\u00bb donc expulsables vers la Pologne sans autre forme de proc\u00e8s, et que la pr\u00e9fecture a tent\u00e9 d\u2019expulser le 23 avril dernier, nous avons \u00e9crit [<a href=\"http:\/\/dal86.fr\/2014\/04\/30\/la-politique-a-la-petite-semaine-de-la-prefecture-de-poitou-charentes\/\" target=\"_blank\"><strong><span style=\"text-decoration: underline\"><span style=\"color: #660000\">VOIR]<\/span><\/span><\/strong><\/a> : \u00ab\u00a0<i>Surtout que les pr\u00e9fectures n\u2019ont pas les moyens de leurs ambitions. Tout est pour le mieux pour elles lorsque leurs services et leurs personnels ont affaire \u00e0 des dossiers et que les personnes restent des num\u00e9ros. Ils peuvent appliquer les lois les plus iniques sans \u00e9tat d\u2019\u00e2me. C\u2019est pourquoi les dossiers ne sont m\u00eame pas regard\u00e9s. C\u2019est pourquoi Mamadou Camara a \u00e9t\u00e9 le premier et le seul \u00e0 \u00eatre invit\u00e9 \u00e0 venir d\u00e9fendre son dossier. C\u2019est pourquoi les centres de r\u00e9tention ne sont plus dans les villes d\u2019origine des sans papiers. Mais d\u00e8s que ces anonymes sont l\u00e0 devant eux, qu\u2019ils ont un visage ce n\u2019est plus pareil.<\/i><\/p>\n<p style=\"text-align: justify;margin-bottom: 0cm\" align=\"JUSTIFY\"><i>C\u2019est \u00e0 la lumi\u00e8re de ces remarques que nous pouvons comprendre l\u2019expulsion rat\u00e9e de mercredi dernier. Comment un peu de vomi et une femme qui tourne de l\u2019\u0153il peuvent-ils entamer \u00e0 ce point la d\u00e9termination de policiers aguerris qui en d\u2019autres situations ne sont pas aussi frileux\u00a0? Nous faisons l\u2019hypoth\u00e8se que \u00e7a a \u00e9t\u00e9 pour eux une aubaine. Nous supposons que les policiers se sont engag\u00e9s \u00e0 d\u00e9fendre la veuve et l\u2019orphelin et non pas \u00e0 expulser des femmes et des enfants\u2026 C\u2019est d\u00e9j\u00e0 arriv\u00e9 le 23 janvier 2013, des policiers de la Brigade Financi\u00e8re \u00e0 Belfort avaient l\u2019ordre d\u2019interpeller une famille kosovar pour une proc\u00e9dure de \u201creconduite \u00e0 la fronti\u00e8re\u201d. Vu la d\u00e9tresse de la famille, le p\u00e8re mena\u00e7ait de sauter par la fen\u00eatre, les fonctionnaires ont renonc\u00e9. <\/i><strong><i><a href=\"http:\/\/franche-comte.france3.fr\/2013\/02\/14\/des-policiers-de-belfort-refusent-d-expulser-une-famille-kosovar-200315.html\" target=\"_blank\"><span style=\"text-decoration: underline\"><span style=\"color: #660000\">VOIR<\/span><\/span><\/a>\u00a0\u00bb<\/i><\/strong><\/p>\n<p style=\"text-align: justify;margin-bottom: 0cm\" align=\"JUSTIFY\"><b>Comment donc s\u2019est d\u00e9roul\u00e9e cette tentative d\u2019expulsion ce mercredi 23 avril \u00e0 Poitiers, ville \u00ab\u00a0bonhomme\u00a0\u00bb d\u2019apr\u00e8s son maire\u00a0?<\/b> Les parents de la famille russe \u00e9taient assign\u00e9s \u00e0 r\u00e9sidence et devaient aller signer au commissariat. \u00ab\u00a0<i>Madame A. Arpin\u00e9 <\/i><span style=\"font-style: normal\">[et Monsieur H. Artur]<\/span><i> devra se pr\u00e9senter au commissariat de police de Poitiers, avec ses enfants, les lundi, mardi mercredi et jeudi \u00e0 08h30, afin de faire constater qu\u2019elle respecte la mesure d\u2019assignation \u00e0 r\u00e9sidence<\/i>.\u00a0\u00bb pouvons-nous lire dans l\u2019<i><b>Arr\u00eat\u00e9 du 19\/03\/2014 portant renouvellement d\u2019une assignation \u00e0 r\u00e9sidence de 45 jours<\/b><\/i><i>.<\/i><\/p>\n<p style=\"text-align: justify;margin-bottom: 0cm\" align=\"JUSTIFY\">Mercredi 23 avril \u00e0 8h30 donc, Arpin\u00e9 arrive au commissariat pour \u00e9marger. Le policier lui demande\u00a0: \u00ab\u00a0<i>o\u00f9 sont Artur et les enfants\u00a0?<\/i>\u00a0\u00bb Arpin\u00e9 a expliqu\u00e9 qu\u2019elle venait signer maintenant pendant qu\u2019Artur \u00e9tait avec les enfants et il viendra signer apr\u00e8s. Le policier la fait monter au 2\u00e8me \u00e9tage et l\u00e0 un capitaine lui dit\u00a0: \u00ab\u00a0<i>on a la d\u00e9cision, on doit vous envoyer en Pologne aujourd\u2019hui<\/i>\u00a0\u00bb. Puis il fouille le sac \u00e0 main d\u2019Arpin\u00e9, trouve les clefs de la chambre d\u2019h\u00f4tel et la menotte dans le dos.<\/p>\n<p style=\"text-align: justify;margin-bottom: 0cm\" align=\"JUSTIFY\">Deux voitures de police vont avec Arpin\u00e9 \u00e0 l\u2019h\u00f4tel. D\u2019autres, jusqu\u2019\u00e0 six en tout, viendront apr\u00e8s. Arriv\u00e9s sur les lieux, les policiers montent tout seuls \u00e0 la chambre. Ils ouvrent la porte avec les clefs. Artur et les enfants dormaient et sont r\u00e9veill\u00e9s en sursaut, les enfants se sont mis \u00e0 pleurer et ont appel\u00e9\u00a0: \u00ab\u00a0<i>papa, maman<\/i>\u00a0\u00bb. Le capitaine a dit \u00e0 Artur\u00a0: \u00ab\u00a0<i>habille-toi, habille les enfants<\/i>\u00a0!\u00a0\u00bb. Artur lui a aussit\u00f4t r\u00e9pondu\u00a0: \u00ab\u00a0<i>je vais avec vous mais laissez tranquille ma femme et mes enfants\u00a0!<\/i>\u00a0\u00bb. Le policier a r\u00e9pondu\u00a0: \u00ab\u00a0<i>non, les billets sont achet\u00e9s<\/i>\u00a0\u00bb.<\/p>\n<p style=\"text-align: justify;margin-bottom: 0cm\" align=\"JUSTIFY\">Les policiers ont alors fait monter Arpin\u00e9 menott\u00e9e dans la chambre. Ils lui ont \u00f4t\u00e9 les menottes pour qu\u2019elle habille les enfants qui pleuraient toujours, choqu\u00e9s. Il y avait six policiers dans la chambre plus trois civils (des personnes de la pr\u00e9fecture\u00a0? Des policiers\u00a0?). Artur a alors cass\u00e9 une tasse en verre et menac\u00e9 de s\u2019ouvrir les veines devant sa femme et ses enfants. \u00ab\u00a0<i>Laissez ma femme et mes enfants tranquilles ici sinon je vais me suicider\u00a0! Touchez pas \u00e0 ma femme, touchez pas \u00e0 mes enfants\u00a0!<\/i>\u00a0\u00bb Leur a-t-il dit. Les policiers lui ont r\u00e9pondu\u00a0: \u00ab\u00a0<i>on n\u2019a pas le droit de les laisser l\u00e0, on doit tous vous amener<\/i>\u00a0\u00bb. Artur a alors demand\u00e9 son portable en disant\u00a0: \u00ab\u00a0<i>je vais appeler mon avocate<\/i>\u00a0\u00bb. Le policier lui a r\u00e9pondu\u00a0:\u00a0\u00ab\u00a0<i>m\u00eame si tu l\u2019appelles, elle ne pourra rien pour toi<\/i>\u00a0\u00bb. Artur a appuy\u00e9 le tesson de verre sur son bras qui a commenc\u00e9 \u00e0 saigner. Les policiers lui ont donn\u00e9 son portable et il a appel\u00e9 une connaissance qui pouvait traduire. Le policier a dit \u00e0 cette personne qu\u2019ils avaient de la pr\u00e9fecture une d\u00e9cision d\u2019expulsion. Il a dit qu\u2019ils allaient ramener la famille \u00e0 Paris et que l\u00e0-bas ils les lib\u00e9reraient. Rajoutant \u00ab\u00a0<i>s\u2019il veut se couper les veines, il pourra le faire l\u00e0-bas<\/i>\u00a0\u00bb. Et il a demand\u00e9 \u00e0 la traductrice\u00a0: \u00ab\u00a0<i>essayez de le convaincre de ne pas se couper les veines devant les enfants<\/i>\u00a0\u00bb et a dit \u00e0 Artur\u00a0: \u00ab\u00a0<i>s\u2019il te pla\u00eet ne fait pas \u00e7a, on va juste te ramener \u00e0 Paris et te lib\u00e9rer l\u00e0-bas<\/i>.\u00a0\u00bb<\/p>\n<p style=\"text-align: justify;margin-bottom: 0cm\" align=\"JUSTIFY\">Comme la situation lui semblait bloqu\u00e9e, Artur \u00e0 donn\u00e9 le tesson aux policiers et a tendu ses mains pour \u00eatre menott\u00e9. Mais les policiers ne l\u2019ont pas fait par devant, ils l\u2019ont fait un bras par dessus l\u2019\u00e9paule, un bras dans le dos par le bas. Ils ont ensuite descendu Artur menott\u00e9e de la sorte dans l\u2019une des voitures, une voiture de police, Arpin\u00e9 menott\u00e9e dans le dos et sangl\u00e9e \u00e9tant avec les enfants dans une voiture banalis\u00e9e avec les civils (policiers ou personnes de la pr\u00e9fecture). Il sont d\u2019abord all\u00e9s au commissariat de police, y sont rest\u00e9s une dizaine de minutes chacun dans sa voiture. Puis ils sont repartis certainement vers Paris menott\u00e9s de la m\u00eame fa\u00e7on, Artur ayant en plus les jambes encha\u00een\u00e9es et cadenass\u00e9s.<\/p>\n<p style=\"text-align: justify;margin-bottom: 0cm\" align=\"JUSTIFY\">Vers le Futuroscope, Arpin\u00e9 s\u2019est sentie tr\u00e8s mal. Artur menott\u00e9 de la sorte aussi. Il avait beaucoup de mal \u00e0 respirer. Les enfants pleuraient encore. Arpin\u00e9 a commenc\u00e9 \u00e0 avoir des hauts-le-c\u0153ur . Les policiers se sont arr\u00eat\u00e9s et Arpin\u00e9 est descendue de la voiture toujours menott\u00e9e. Les policiers lui ont lib\u00e9r\u00e9 une main et Arpin\u00e9 a pu vomir. Elle \u00e9tait tr\u00e8s blanche et tr\u00e8s faible. Elle n\u2019arrivait pas \u00e0 r\u00e9agir. Les policiers ont appel\u00e9 une ambulance et ont d\u00e9menott\u00e9 Arpin\u00e9. Artur toujours menott\u00e9 un bras par dessus l\u2019\u00e9paule, un bras dans le dos par le bas leur a dit\u00a0: \u00ab\u00a0<i>moi aussi je ne suis pas bien. Je veux aller dans l\u2019ambulance<\/i>\u00a0\u00bb. Ce \u00e0 quoi les policiers ont r\u00e9pondu\u00a0: \u00ab\u00a0<i>non toi tu vas bien<\/i>\u00a0\u00bb.<\/p>\n<p style=\"text-align: justify;margin-bottom: 0cm\" align=\"JUSTIFY\">Quand Sargis 6 ans, a vu sa m\u00e8re dans l\u2019ambulance, il a eu peur, a pleur\u00e9 et a appel\u00e9\u00a0: \u00ab\u00a0<i>papa, papa<\/i>\u00a0\u00bb. Les policiers ont donc mis Artur avec les enfants dans la voiture banalis\u00e9e. Ils l\u2019ont d\u00e9menott\u00e9 et attach\u00e9 au montant de la voiture pr\u00e8s de la ceinture de s\u00e9curit\u00e9, Sarguis sur ses genoux qu\u2019il serrait avec son autre bras. Mariam, 4 ans, entre son p\u00e8re et un policier \u00e9tait choqu\u00e9e et ne comprenait pas ce qu\u2019il se passait. Elle voulait venir sur les genoux de son p\u00e8re avec son fr\u00e8re mais n\u2019avait pas de place.<\/p>\n<p style=\"text-align: justify;margin-bottom: 0cm\" align=\"JUSTIFY\">Arriv\u00e9s \u00e0 l\u2019h\u00f4pital, une perfusion a \u00e9t\u00e9 mise \u00e0 Arpin\u00e9. On a pris la tension \u00e0 Artur et on a dit qu\u2019il n\u2019avait rien. Il disait \u00ab\u00a0<i>\u00e7a suffit, l\u00e2chez-moi maintenant\u00a0!<\/i>\u00a0\u00bb Il \u00e9tait dans une autre chambre au d\u00e9but. Les policiers l\u2019ont ramen\u00e9 dans la chambre avec Arpin\u00e9 et les enfants et l\u2019ont menott\u00e9 les bras en croix aux deux montants du lit en fer, \u00e0 la t\u00eate et aux pieds.<\/p>\n<p style=\"text-align: justify;margin-bottom: 0cm\" align=\"JUSTIFY\">Artur et Arpin\u00e9 ont su par un appel t\u00e9l\u00e9phonique que la directrice de l\u2019\u00e9cole, des parents d\u2019\u00e9l\u00e8ves, des militants de DNSI, la presse locale et l\u2019avocate \u00e9taient l\u00e0 devant les urgences du CHU. Personne, pas m\u00eame l\u2019avocate, n\u2019a pu les rencontrer. Les policiers et quelqu\u2019un qui semblait \u00eatre le directeur de l\u2019h\u00f4pital ont dit au personnel m\u00e9dical que personne ne devait rentrer, transformant la chambre d\u2019h\u00f4pital en cellule de r\u00e9tention.<\/p>\n<p style=\"text-align: justify;margin-bottom: 0cm\" align=\"JUSTIFY\">Plus tard, les policiers ont amen\u00e9 un interpr\u00e8te. Il a dit\u00a0: \u00ab\u00a0<i>Artur, ils vous am\u00e8nent \u00e0 Bordeaux et la pr\u00e9fecture donne son accord pour qu\u2019Arpin\u00e9 retourne avec les enfants \u00e0 l\u2019h\u00f4tel<\/i>\u00a0\u00bb. Artur, menott\u00e9 cette fois par devant a \u00e9t\u00e9 mis dans une voiture avec trois policiers et conduit directement \u00e0 Bordeaux. Arpin\u00e9 est retourn\u00e9 \u00e0 l\u2019h\u00f4tel avec les enfants.<\/p>\n<h5 style=\"text-align: justify;margin-bottom: 0cm\" align=\"JUSTIFY\"><strong><span style=\"font-style: normal\">Comment peut-on traiter de la sorte des \u00eatres humains, particuli\u00e8rement des femmes et des enfants\u00a0? Comment peut-on les traiter pire que des b\u00eates\u00a0? Comment peut-on les humilier de la sorte devant leurs enfants\u00a0? Les mots nous manquent pour qualifier ce qui s\u2019est pass\u00e9 \u00e0 c\u00f4t\u00e9 de chez nous \u00e0 Poitiers ce 23 avril 2014\u00a0! Plus jamais \u00e7a !<\/span><\/strong><\/h5>\n<p style=\"text-align: justify\"><strong><em><a href=\"http:\/\/dal86.fr\/\" target=\"_blank\"><span style=\"text-decoration: underline\"><span style=\"color: #660000\">DAL86<\/span><\/span><\/a> \u2013 <a href=\"mailto:dal86@free.fr\" target=\"_blank\"><span style=\"text-decoration: underline\"><span style=\"color: #660000\">dal86@free.fr<\/span><\/span><\/a><\/em><em> \u2013 06 52 93 54 44 \/ 05 49 88 94 56<br \/>\nPermanences : tous les samedis matin de 11h \u00e0 12h Maison de la Solidarit\u00e9 22 rue du Pigeon Blanc Poitiers<\/em><\/strong><\/p>\n<p style=\"text-align: justify\"><em>Vu sur le site du DAL 86, 5 juin 2014<\/em><\/p>\n<p style=\"text-align: justify\">***<\/p>\n<p style=\"text-align: justify\"><a href=\"http:\/\/www.lanouvellerepublique.fr\/Vienne\/Actualite\/24-Heures\/n\/Contenus\/Articles\/2014\/06\/05\/Un-rassemblement-pour-les-sans-papiers-1935129\" target=\"_blank\"><strong>Un rassemblement pour les sans-papiers<\/strong><\/a><\/p>\n<p style=\"text-align: justify\">Comme chaque premier mercredi du mois, le collectif poitevin DNSI (\u00ab\u00a0D&rsquo;ailleurs Nous Sommes d&rsquo;Ici\u00a0\u00bb) appelait hier soir \u00e0 un rassemblement en faveur des migrants et des sans-papiers. En fin d&rsquo;apr\u00e8s-midi, une bonne cinquantaine de personnes s&rsquo;\u00e9tait rassembl\u00e9e devant le palais de justice pour faire le point des diff\u00e9rentes situations. <i>\u00ab\u00a0Il n&rsquo;y a pas d&rsquo;\u00e9volution positive, c&rsquo;est toujours la m\u00eame pr\u00e9carit\u00e9 pour les familles et les personnes isol\u00e9es ne sont pas accueillies au 115, souvent par manque de place. De plus, la pr\u00e9fecture exerce une pression accrue aupr\u00e8s des familles assign\u00e9es \u00e0 r\u00e9sidence\u00a0\u00bb, <\/i>constatait l&rsquo;un des porte-parole du collectif, Yvon Pla\u00e7ais.<br \/>\nLes repr\u00e9sentants de diff\u00e9rentes organisations politiques de gauche, des militants associatifs et des particuliers pr\u00e9sents \u00e0 ce rassemblement d\u00e9ploraient par ailleurs un contexte politique g\u00e9n\u00e9ral <i>\u00ab\u00a0qui stigmatise de plus en plus les migrants, d\u00e9sign\u00e9s comme ind\u00e9sirables.\u00a0\u00bb<\/i><\/p>\n<div class=\"infosAuteur\"><em><span class=\"nom_auteur\">J.-M. G.<\/span>, Nouvelle R\u00e9publique, 5 juin 2014<\/em><\/div>\n","protected":false},"excerpt":{"rendered":"<p>NdPN : il y a celles et ceux qui votent pour des \u00ab\u00a0repr\u00e9sentants\u00a0\u00bb\u00a0et l\u00e9gitiment ainsi l&rsquo;autorit\u00e9 de l&rsquo;Etat, quels que soient finalement les \u00e9lus. Il y a les politiciens \u00e9lus qui cr\u00e9ent et entretiennent les peurs par des lois, pour d\u00e9tourner la col\u00e8re contre les poss\u00e9dants. Il y a\u00a0leurs services bureaucratiques qui ent\u00e9rinent l&rsquo;inadmissible, install\u00e9s &hellip; <a href=\"https:\/\/fa86.noblogs.org\/?p=11765\" class=\"more-link\">Continuer la lecture de <span class=\"screen-reader-text\">[Poitiers] Chroniques de l\u2019horreur ordinaire : Comment se d\u00e9roule r\u00e9ellement une expulsion ?<\/span> <span class=\"meta-nav\">&rarr;<\/span><\/a><\/p>\n","protected":false},"author":2691,"featured_media":0,"comment_status":"closed","ping_status":"open","sticky":false,"template":"","format":"standard","meta":{"footnotes":""},"categories":[8,11,16],"tags":[],"class_list":["post-11765","post","type-post","status-publish","format-standard","hentry","category-ecrits","category-ni-patrie-ni-frontiere","category-repression"],"_links":{"self":[{"href":"https:\/\/fa86.noblogs.org\/index.php?rest_route=\/wp\/v2\/posts\/11765","targetHints":{"allow":["GET"]}}],"collection":[{"href":"https:\/\/fa86.noblogs.org\/index.php?rest_route=\/wp\/v2\/posts"}],"about":[{"href":"https:\/\/fa86.noblogs.org\/index.php?rest_route=\/wp\/v2\/types\/post"}],"author":[{"embeddable":true,"href":"https:\/\/fa86.noblogs.org\/index.php?rest_route=\/wp\/v2\/users\/2691"}],"replies":[{"embeddable":true,"href":"https:\/\/fa86.noblogs.org\/index.php?rest_route=%2Fwp%2Fv2%2Fcomments&post=11765"}],"version-history":[{"count":3,"href":"https:\/\/fa86.noblogs.org\/index.php?rest_route=\/wp\/v2\/posts\/11765\/revisions"}],"predecessor-version":[{"id":11769,"href":"https:\/\/fa86.noblogs.org\/index.php?rest_route=\/wp\/v2\/posts\/11765\/revisions\/11769"}],"wp:attachment":[{"href":"https:\/\/fa86.noblogs.org\/index.php?rest_route=%2Fwp%2Fv2%2Fmedia&parent=11765"}],"wp:term":[{"taxonomy":"category","embeddable":true,"href":"https:\/\/fa86.noblogs.org\/index.php?rest_route=%2Fwp%2Fv2%2Fcategories&post=11765"},{"taxonomy":"post_tag","embeddable":true,"href":"https:\/\/fa86.noblogs.org\/index.php?rest_route=%2Fwp%2Fv2%2Ftags&post=11765"}],"curies":[{"name":"wp","href":"https:\/\/api.w.org\/{rel}","templated":true}]}}