{"id":11799,"date":"2014-06-11T09:08:16","date_gmt":"2014-06-11T07:08:16","guid":{"rendered":"http:\/\/fa86.noblogs.org\/?p=11799"},"modified":"2014-06-11T09:08:16","modified_gmt":"2014-06-11T07:08:16","slug":"poitiers-les-roms-par-dela-les-prejuges-et-stereotypes","status":"publish","type":"post","link":"https:\/\/fa86.noblogs.org\/?p=11799","title":{"rendered":"[Poitiers]  Les Roms par-del\u00e0 les pr\u00e9jug\u00e9s et st\u00e9r\u00e9otypes"},"content":{"rendered":"<figure style=\"width: 350px\" class=\"wp-caption alignnone\"><img loading=\"lazy\" decoding=\"async\" src=\"http:\/\/poitiers.demosphere.eu\/files\/import-images\/3157c702f60faba3c0ab6023980b84fd.png\" alt=\"\" width=\"350\" height=\"495\" \/><figcaption class=\"wp-caption-text\">Vu sur Demosphere Poitiers<\/figcaption><\/figure>\n<p style=\"text-align: justify\"><a href=\"http:\/\/www.lanouvellerepublique.fr\/Vienne\/Actualite\/Economie-social\/n\/Contenus\/Articles\/2014\/06\/11\/Roms-un-apres-midi-pour-depasser-les-cliches-1942198\" target=\"_blank\"><strong>Roms : un apr\u00e8s-midi pour d\u00e9passer les clich\u00e9s<\/strong> <\/a><\/p>\n<p id=\"articleChapo\" style=\"text-align: justify\">La maison de quartier S\u00e8ve de Saint-\u00c9loi accueille jeudi des conf\u00e9rences et un temps de f\u00eate autour des Roms. Pour aller au-del\u00e0 des pr\u00e9jug\u00e9s.<\/p>\n<p style=\"text-align: justify\">Le centre socioculturel le Toit du Monde et l&rsquo;association Divano veulent tordre le cou aux id\u00e9es re\u00e7ues. Du moins tenter de d\u00e9passer les nombreux clich\u00e9s et pr\u00e9jug\u00e9s qui entourent les populations Roms, \u00e0 Poitiers comme ailleurs.<br \/>\nJeudi prochain, elles organisent \u00e0 Saint-\u00c9loi, \u00e0 la maison de quartier S\u00e8ve, un apr\u00e8s-midi de conf\u00e9rences et de rencontres intitul\u00e9 \u00ab\u00a0Les Roms par-del\u00e0 les pr\u00e9jug\u00e9s et st\u00e9r\u00e9otypes\u00a0\u00bb. (voir programme).<br \/>\n<i>\u00ab\u00a0C&rsquo;est un sujet qui nous a toujours int\u00e9ress\u00e9s et questionn\u00e9s ici,<\/i> pr\u00e9cise Chantal Luque, la directrice du Toit du Monde, <i>depuis quelques mois, voire quelques ann\u00e9es, on parle de plus en plus de ces questions, pas forc\u00e9ment positivement. Parce que nous n&rsquo;avons pas l&rsquo;habitude de parler \u00e0 la place des personnes, nous avons fait appel \u00e0 l&rsquo;association Divano.\u00a0\u00bb<\/i><\/p>\n<div id=\"text\" style=\"text-align: justify\">\n<p>\u00a0<b>\u00ab\u00a0\u2009Il y a un r\u00e9el travail \u00e0 faire\u2009\u00a0\u00bb<\/b><\/p>\n<p>L&rsquo;association, dont l&rsquo;objectif est la promotion de la culture rom, r\u00e9activ\u00e9e il y a un an, est partie prenante de cet apr\u00e8s-midi qui s&rsquo;adresse \u00e0 la fois au grand public, aux professionnels, aux \u00e9ducateurs et aux \u00e9lus. <i>\u00ab\u00a0On souhaite en tout cas que les gens osent venir poser des questions\u00a0\u00bb, <\/i>pr\u00e9cise Chantal Luque.<br \/>\n<i>\u00ab\u00a0Il s&rsquo;agit de modifier les regards et l\u00e0 il y a un r\u00e9el travail \u00e0 faire,<\/i> ajoute Gwendoline Da Concei\u00e7ao, responsable du secteur interculturel au Toit du Monde, <i>les Roms et les gens du voyage, par exemple ce n&rsquo;est pas pareil. Les Roms ne sont pas des voyageurs.\u00a0\u00bb<\/i><br \/>\nPr\u00e9caris\u00e9es parmi les pr\u00e9caris\u00e9s, ces populations sont toujours sujettes \u00e0 des discriminations dans cette soci\u00e9t\u00e9 fran\u00e7aise cens\u00e9e les accueillir. <i>\u00ab\u00a0Les discriminations sur le terrain existent,<\/i> constate M\u00e9lanie Forestier pour Divano, <i>on demande par exemple de plus en plus de justificatifs et de certificats d&rsquo;assiduit\u00e9 scolaire \u00e0 ces familles. La suspicion est toujours l\u00e0.\u00a0\u00bb<\/i><br \/>\nUn apr\u00e8s-midi ne sera sans doute pas de trop pour dissiper des malentendus, voire \u00e9liminer certains fantasmes<i>. \u00ab\u00a0Nous on travaille cette id\u00e9e d&rsquo;int\u00e9gration<\/i>, r\u00e9sume Chantal Luque, <i>des familles ont r\u00e9ussi. Des gens s&rsquo;int\u00e8grent, font des \u00e9tudes, participent \u00e0 la vie sociale. Mais il faut leur laisser une chance.\u00a0\u00bb<\/i><\/p>\n<p><span class=\"inter\">en savoir plus<\/span><\/p>\n<p><b>Quatre temps forts<\/b><\/p>\n<p><b>&gt;\u00a0Maison de quartier S\u00e8ve<\/b>,<br \/>\n11, boulevard Saint-Just.<br \/>\nEntr\u00e9e libre et gratuite.<br \/>\n<b>&gt;\u00a0A 14\u2009h.<\/b> Conf\u00e9rence d&rsquo;Olivier Legros, g\u00e9ographe. \u00ab\u00a0R\u00e9flexion sur la dimension spatiale des politiques de r\u00e9gulation de la grande pr\u00e9carit\u00e9\u00a0\u00bb.<br \/>\n<b>&gt;\u00a0A 15\u2009h\u200930.<\/b> Michel Mass\u00e9, professeur<br \/>\nde droit priv\u00e9, autour<br \/>\nde la circulaire du 26\u00a0ao\u00fbt 2012<br \/>\nencadrant le d\u00e9mant\u00e8lement<br \/>\ndes camps et bidonvilles.<br \/>\n<b>&gt;\u00a0A 16\u2009h\u200930.<\/b> Intervention de Slavka Radenez, m\u00e9diatrice scolaire, \u00ab\u00a0Les\u00a0Roms par-del\u00e0 les\u00a0pr\u00e9jug\u00e9s et st\u00e9r\u00e9otypes\u00a0\u00bb.<br \/>\n<b>&gt;\u00a0A 19\u2009h.<\/b> D\u00e9gustation culinaire par l&rsquo;association Divano.<\/p>\n<\/div>\n<div class=\"infosAuteur\" style=\"text-align: justify\"><em><span class=\"nom_auteur\"> Jean-Michel Gouin<\/span>, Nouvelle R\u00e9publique, 11 juin 2014<\/em><\/div>\n","protected":false},"excerpt":{"rendered":"<p>Roms : un apr\u00e8s-midi pour d\u00e9passer les clich\u00e9s La maison de quartier S\u00e8ve de Saint-\u00c9loi accueille jeudi des conf\u00e9rences et un temps de f\u00eate autour des Roms. Pour aller au-del\u00e0 des pr\u00e9jug\u00e9s. Le centre socioculturel le Toit du Monde et l&rsquo;association Divano veulent tordre le cou aux id\u00e9es re\u00e7ues. Du moins tenter de d\u00e9passer les &hellip; <a href=\"https:\/\/fa86.noblogs.org\/?p=11799\" class=\"more-link\">Continuer la lecture de <span class=\"screen-reader-text\">[Poitiers]  Les Roms par-del\u00e0 les pr\u00e9jug\u00e9s et st\u00e9r\u00e9otypes<\/span> <span class=\"meta-nav\">&rarr;<\/span><\/a><\/p>\n","protected":false},"author":2691,"featured_media":0,"comment_status":"closed","ping_status":"open","sticky":false,"template":"","format":"standard","meta":{"footnotes":""},"categories":[17,11,4],"tags":[],"class_list":["post-11799","post","type-post","status-publish","format-standard","hentry","category-education-populaire","category-ni-patrie-ni-frontiere","category-se-trouver"],"_links":{"self":[{"href":"https:\/\/fa86.noblogs.org\/index.php?rest_route=\/wp\/v2\/posts\/11799","targetHints":{"allow":["GET"]}}],"collection":[{"href":"https:\/\/fa86.noblogs.org\/index.php?rest_route=\/wp\/v2\/posts"}],"about":[{"href":"https:\/\/fa86.noblogs.org\/index.php?rest_route=\/wp\/v2\/types\/post"}],"author":[{"embeddable":true,"href":"https:\/\/fa86.noblogs.org\/index.php?rest_route=\/wp\/v2\/users\/2691"}],"replies":[{"embeddable":true,"href":"https:\/\/fa86.noblogs.org\/index.php?rest_route=%2Fwp%2Fv2%2Fcomments&post=11799"}],"version-history":[{"count":1,"href":"https:\/\/fa86.noblogs.org\/index.php?rest_route=\/wp\/v2\/posts\/11799\/revisions"}],"predecessor-version":[{"id":11800,"href":"https:\/\/fa86.noblogs.org\/index.php?rest_route=\/wp\/v2\/posts\/11799\/revisions\/11800"}],"wp:attachment":[{"href":"https:\/\/fa86.noblogs.org\/index.php?rest_route=%2Fwp%2Fv2%2Fmedia&parent=11799"}],"wp:term":[{"taxonomy":"category","embeddable":true,"href":"https:\/\/fa86.noblogs.org\/index.php?rest_route=%2Fwp%2Fv2%2Fcategories&post=11799"},{"taxonomy":"post_tag","embeddable":true,"href":"https:\/\/fa86.noblogs.org\/index.php?rest_route=%2Fwp%2Fv2%2Ftags&post=11799"}],"curies":[{"name":"wp","href":"https:\/\/api.w.org\/{rel}","templated":true}]}}