{"id":1184,"date":"2011-11-30T09:46:37","date_gmt":"2011-11-30T08:46:37","guid":{"rendered":"http:\/\/fa86.noblogs.org\/?p=1184"},"modified":"2011-11-30T09:47:36","modified_gmt":"2011-11-30T08:47:36","slug":"poitiers-les-orthophonistes-manifestent","status":"publish","type":"post","link":"https:\/\/fa86.noblogs.org\/?p=1184","title":{"rendered":"[Poitiers] Les orthophonistes manifestent"},"content":{"rendered":"<p style=\"text-align: justify\">\u00a0<em>ndPN : il s&rsquo;agit de la deuxi\u00e8me manifestation, voir <a href=\"https:\/\/fa86.noblogs.org\/?p=822\" target=\"_blank\">la premi\u00e8re ici<\/a>. Des \u00e9tudiant-e-s nous ont expliqu\u00e9 que des \u00e9claircissements \u00e9taient n\u00e9cessaires car de nombreux points du projet de r\u00e9forme demeuraient tr\u00e8s \u00ab\u00a0ambig\u00fcs\u00a0\u00bb et qu&rsquo;il fallait pour cela \u00ab\u00a0maintenir la pression\u00a0\u00bb.\u00a0Il-le-s ont d&rsquo;autre part d\u00e9plor\u00e9 que les \u00e9tudiant-e-s soient rejet\u00e9-e-s de la table de n\u00e9gociation et ne soient \u00ab\u00a0toujours pas re\u00e7u-e-s\u00a0\u00bb, alors que cela les concerne au premier plan&#8230;<\/em><\/p>\n<h2 style=\"text-align: justify\"><a href=\"http:\/\/www.lanouvellerepublique.fr\/vienne\/res\/Toutes-les-DMAs\" target=\"_blank\">Les orthophonistes manifestent<\/a><\/h2>\n<div>\n<p style=\"text-align: justify\">Les orthophonistes en exercice rejoignent le mouvement des \u00e9l\u00e8ves. En d\u00e9but d&rsquo;apr\u00e8s-midi, une trentaine d&rsquo;entre-eux ont manifest\u00e9 contre la r\u00e9forme de leur formation propos\u00e9e par le gouvernement. Les manifestants ont distribu\u00e9 des tracts dans le centre-ville de Poitiers pour \u00ab dire non \u00e0 une orthophonie \u00e0 deux vitesse. \u00bb<\/p>\n<p style=\"text-align: justify\"><em>Nouvelle R\u00e9publique, 29\/11\/2011<\/em><\/p>\n<\/div>\n","protected":false},"excerpt":{"rendered":"<p>\u00a0ndPN : il s&rsquo;agit de la deuxi\u00e8me manifestation, voir la premi\u00e8re ici. Des \u00e9tudiant-e-s nous ont expliqu\u00e9 que des \u00e9claircissements \u00e9taient n\u00e9cessaires car de nombreux points du projet de r\u00e9forme demeuraient tr\u00e8s \u00ab\u00a0ambig\u00fcs\u00a0\u00bb et qu&rsquo;il fallait pour cela \u00ab\u00a0maintenir la pression\u00a0\u00bb.\u00a0Il-le-s ont d&rsquo;autre part d\u00e9plor\u00e9 que les \u00e9tudiant-e-s soient rejet\u00e9-e-s de la table de n\u00e9gociation &hellip; <a href=\"https:\/\/fa86.noblogs.org\/?p=1184\" class=\"more-link\">Continuer la lecture de <span class=\"screen-reader-text\">[Poitiers] Les orthophonistes manifestent<\/span> <span class=\"meta-nav\">&rarr;<\/span><\/a><\/p>\n","protected":false},"author":2691,"featured_media":0,"comment_status":"open","ping_status":"open","sticky":false,"template":"","format":"standard","meta":{"footnotes":""},"categories":[17,9],"tags":[],"class_list":["post-1184","post","type-post","status-publish","format-standard","hentry","category-education-populaire","category-la-rue-grogne"],"_links":{"self":[{"href":"https:\/\/fa86.noblogs.org\/index.php?rest_route=\/wp\/v2\/posts\/1184","targetHints":{"allow":["GET"]}}],"collection":[{"href":"https:\/\/fa86.noblogs.org\/index.php?rest_route=\/wp\/v2\/posts"}],"about":[{"href":"https:\/\/fa86.noblogs.org\/index.php?rest_route=\/wp\/v2\/types\/post"}],"author":[{"embeddable":true,"href":"https:\/\/fa86.noblogs.org\/index.php?rest_route=\/wp\/v2\/users\/2691"}],"replies":[{"embeddable":true,"href":"https:\/\/fa86.noblogs.org\/index.php?rest_route=%2Fwp%2Fv2%2Fcomments&post=1184"}],"version-history":[{"count":2,"href":"https:\/\/fa86.noblogs.org\/index.php?rest_route=\/wp\/v2\/posts\/1184\/revisions"}],"predecessor-version":[{"id":1186,"href":"https:\/\/fa86.noblogs.org\/index.php?rest_route=\/wp\/v2\/posts\/1184\/revisions\/1186"}],"wp:attachment":[{"href":"https:\/\/fa86.noblogs.org\/index.php?rest_route=%2Fwp%2Fv2%2Fmedia&parent=1184"}],"wp:term":[{"taxonomy":"category","embeddable":true,"href":"https:\/\/fa86.noblogs.org\/index.php?rest_route=%2Fwp%2Fv2%2Fcategories&post=1184"},{"taxonomy":"post_tag","embeddable":true,"href":"https:\/\/fa86.noblogs.org\/index.php?rest_route=%2Fwp%2Fv2%2Ftags&post=1184"}],"curies":[{"name":"wp","href":"https:\/\/api.w.org\/{rel}","templated":true}]}}