{"id":11841,"date":"2014-06-19T10:36:03","date_gmt":"2014-06-19T08:36:03","guid":{"rendered":"http:\/\/fa86.noblogs.org\/?p=11841"},"modified":"2014-06-23T19:07:26","modified_gmt":"2014-06-23T17:07:26","slug":"poitiers-vers-une-convergence-des-luttes","status":"publish","type":"post","link":"https:\/\/fa86.noblogs.org\/?p=11841","title":{"rendered":"[Poitiers] Vers une convergence des luttes ?"},"content":{"rendered":"<p style=\"text-align: justify\"><em><strong>NdPN<\/strong> : malgr\u00e9 les d\u00e9nigrements m\u00e9diatiques et politiciens, les cheminot.e.s ne l\u00e2chent rien, et d&rsquo;autres salari\u00e9.e.s en lutte les rejoignent. Voir aussi <a href=\"http:\/\/youtu.be\/28oa3AawYZ0\" target=\"_blank\"><strong>cette vid\u00e9o d&rsquo;un camarade de Sud-Rail sur les raisons de la gr\u00e8ve.<\/strong><\/a><\/em><\/p>\n<p style=\"text-align: justify\"><a href=\"http:\/\/www.lanouvellerepublique.fr\/Vienne\/Actualite\/Economie-social\/n\/Contenus\/Articles\/2014\/06\/19\/Les-cheminots-durcissent-le-mouvement-1953152http:\/\/www.lanouvellerepublique.fr\/Vienne\/Actualite\/Economie-social\/n\/Contenus\/Articles\/2014\/06\/19\/Les-cheminots-durcissent-le-mouvement-1953152\" target=\"_blank\"><strong>Les cheminots durcissent le mouvement<\/strong> <\/a><\/p>\n<p style=\"text-align: justify\">La gr\u00e8ve a \u00e9t\u00e9 reconduite \u00e0 l\u2019unanimit\u00e9. Hier, entre 150\u00a0et 200\u00a0personnes se sont rassembl\u00e9es devant la pr\u00e9fecture. Les cheminots misent sur une convergence des luttes.<\/p>\n<p style=\"text-align: justify\">Les salari\u00e9s de F\u00e9d\u00e9ral Mogul, de Val\u00e9o, de France T\u00e9l\u00e9com et de La Poste, de l&rsquo;action sociale et de la sant\u00e9, \u00e9taient rassembl\u00e9s hier matin devant la pr\u00e9fecture \u00e0 Poitiers. Pendant ce temps, des repr\u00e9sentants syndicaux CGT et Sud Rail des cheminots de la Vienne se sont entretenus avec Christiane Barret, pr\u00e9f\u00e8te de la r\u00e9gion Poitou-Charentes, pour lui exprimer <i>\u00ab\u00a0leur vision de la r\u00e9forme et leurs revendications\u00a0\u00bb<\/i>. La gr\u00e8ve a, elle, \u00e9t\u00e9 reconduite par les cheminots. Une reconduction vot\u00e9e par 52 membres, soit 100\u2009% des pr\u00e9sents.<\/p>\n<p style=\"text-align: justify\"><b>\u00ab\u00a0\u2009Qu&rsquo;on arr\u00eate de lutter chacun dans notre coin\u2009\u00a0\u00bb<\/b><\/p>\n<p style=\"text-align: justify\">La CGT Spectacle du Poitou-Charentes avait encourag\u00e9 les intermittents \u00e0 \u00e9pauler les cheminots dans leur combat. La CGT-Cheminots souhaitait unifier l&rsquo;action. Le rassemblement de ce mercredi s&rsquo;est voulu le symbole de cette solidarit\u00e9. Entre 150\u00a0et 200\u00a0personnes \u00e9taient rassembl\u00e9es en centre-ville. <i>\u00ab\u00a0Il faut que l&rsquo;on arr\u00eate de lutter chacun dans notre coin. Il faut se battre pour une France de droits sociaux et de travail.\u00a0\u00bb<\/i>, affirmait Florent Picard, l&rsquo;un des nombreux intermittents pr\u00e9sents. \u00ab\u00a0<i>Nous demandons une convergence, explique Bruno Castagnat, de la CGT-Cheminots. Les cheminots peuvent aussi porter les revendications des autres.<\/i>\u00a0\u00bb<br \/>\nSelon la direction r\u00e9gionale de la SNCF, le nombre de trains en circulation est en augmentation continue. Les pr\u00e9visions de trafic sont de 7\u00a0trains TGV sur 10\u00a0et 80\u2009% des TER Poitou-Charentes (trains +\u00a0autocars) qui circuleront aujourd&rsquo;hui.<\/p>\n<p style=\"text-align: justify\"><b>Pour tout renseignement infos trafic \u00ab\u00a0grandes lignes\u00a0\u00bb au 0.805.90.36.35\u00a0et trafic TER au 0.800.835.971\u00a0ou directement sur le site sncf.com. <\/b><\/p>\n<div class=\"infosAuteur\" style=\"text-align: justify\"><em><span class=\"nom_auteur\"> M. B.<\/span>, Nouvelle R\u00e9publique, 19 juin 2014<\/em><\/div>\n<div class=\"infosAuteur\" style=\"text-align: justify\"><\/div>\n<div class=\"infosAuteur\" style=\"text-align: justify\"><a href=\"http:\/\/www.lanouvellerepublique.fr\/Vienne\/Actualite\/Economie-social\/n\/Contenus\/Articles\/2014\/06\/19\/Une-lutte-pour-des-causes-communes-1953082http:\/\/www.lanouvellerepublique.fr\/Vienne\/Actualite\/Economie-social\/n\/Contenus\/Articles\/2014\/06\/19\/Une-lutte-pour-des-causes-communes-1953082\" target=\"_blank\"><strong>\u00a0\u00bb Une lutte pour des causes communes \u00ab\u00a0<\/strong> <\/a><\/div>\n<div class=\"infosAuteur\" style=\"text-align: justify\"><\/div>\n<div class=\"infosAuteur\" style=\"text-align: justify\">Mardi, ils \u00e9taient une dizaine. Hier, une cinquantaine. Les intermittents du spectacle embo\u00eetent les pas des cheminots de la Vienne. \u00ab\u00a0<i>Nous d\u00e9fendons des valeurs de solidarit\u00e9 interprofessionnelle.\u00a0La remise en cause du syst\u00e8me d&rsquo;indemnisation est la m\u00eame pour tous, nous luttons pour des choses communes\u00a0<\/i>\u00bb, explique Florent Picard, l&rsquo;un des com\u00e9diens venus apporter leur voix au mouvement.<br \/>\nB\u00e9a, habilleuse et costumi\u00e8re, exprime, \u00e0 c\u0153ur ouvert, sa situation. \u00ab\u00a0<i>Maintenant je vais gagner l&rsquo;\u00e9quivalent de onze mois de salaire sur douze, \u00e7a fait peu\u2009! Pendant ce temps-l\u00e0, c&rsquo;est comme si les membres du gouvernement en gagnaient quatorze. Autant j&rsquo;aime mon m\u00e9tier, autant ma situation me donne envie de quitter la France. Le gouvernement ne fait, en rien, une politique de gauche. Ce n&rsquo;est pas \u00e7a une politique sociale.<\/i>\u00a0\u00bb<br \/>\nUn point de vue que partage Vanessa Karton, porte-parole des intermittents du spectacle. \u00ab\u00a0<i>Ce n&rsquo;est pas de cette soci\u00e9t\u00e9 que nous voulons. Nous souhaitons une politique sociale au sens de justice sociale, pas au sens de la pr\u00e9carisation de l&rsquo;ensemble des travailleurs et des ch\u00f4meurs. Nous demandons un dialogue social et \u00e0 \u00eatre entendu afin d&rsquo;obtenir des droits \u00e0 la fois justes et pour tout le monde.\u00a0<\/i>\u00bb<\/div>\n<div class=\"infosAuteur\" style=\"text-align: justify\"><\/div>\n<div class=\"infosAuteur\" style=\"text-align: justify\"><em>Nouvelle R\u00e9publique, 19 juin 2014<\/em><\/div>\n<div class=\"infosAuteur\" style=\"text-align: justify\"><\/div>\n<div class=\"infosAuteur\" style=\"text-align: justify\"><a href=\"http:\/\/www.lanouvellerepublique.fr\/Vienne\/Actualite\/Economie-social\/n\/Contenus\/Articles\/2014\/06\/19\/Manifestation-convergence-des-luttes-a-Poitiers-1954048\" target=\"_blank\"><strong>Manifestation : convergence des luttes \u00e0 Poitiers<\/strong> <\/a><\/div>\n<div class=\"infosAuteur\" style=\"text-align: justify\"><\/div>\n<div class=\"infosAuteur\" style=\"text-align: justify\">\n<p id=\"articleChapo\">Cheminots gr\u00e9vistes de la SNCF, intermittents du spectacle et salari\u00e9s de Federal Mogul manifestent main dans la main, ce jeudi \u00e0 Poitiers.<\/p>\n<p>C&rsquo;est ce que l&rsquo;on nomme une convergence des luttes. Depuis tr\u00e8s t\u00f4t ce matin, <b>cheminots gr\u00e9vistes<\/b> de la SNCF, <b>intermittents du spectacle<\/b> et salari\u00e9s de <b>Federal Mogul<\/b> font entendre leur voix.<\/p>\n<div id=\"text\">\n<p>La journ\u00e9e a d\u00e9but\u00e9 par une <b>action coup de poing au p\u00e9age du Futuroscope<\/b> o\u00f9 les manifestants ont \u00ab\u00a0laiss\u00e9 passer les voitures et les camions gratuitement\u00a0\u00bb rapporte Thierry, salari\u00e9 chez Federal Mogul.<\/p>\n<p>Les\u00a0manifestants se sont ensuite donn\u00e9 rendez-vous au <b>parking jouxtant la gare de Poitiers<\/b> (ex Sernam) d&rsquo;o\u00f9 est parti\u00a0un cort\u00e8ge de <b>cent-cinquante manifestants<\/b>. Un cort\u00e8ge unique donc, mais des revendications diff\u00e9renci\u00e9es. Les cheminots de la SNCF protestent contre la <b>r\u00e9forme ferroviaire<\/b>, en d\u00e9bat \u00e0 l&rsquo;Assembl\u00e9e nationale et qui vise \u00e0\u00a0stabiliser la dette du secteur et pr\u00e9pare \u00e0 l&rsquo;ouverture totale \u00e0 la concurrence. Les intermittents du spectacle &#8211; 255.000 en France &#8211; contestent, eux, la <b>r\u00e9forme de leur syst\u00e8me d&rsquo;indemnisation ch\u00f4mage<\/b>. Enfin, les salari\u00e9s de l&rsquo;usine Federal Mogul d\u00e9filent contre la <b>fermeture de leur usine<\/b>, \u00e0 Chasseneuil-du-Poitou, annonc\u00e9e pour le 3 octobre : 241 emplois sont menac\u00e9s.<\/p>\n<p>Apr\u00e8s un passage devant la gare SNCF, le cort\u00e8ge de manifestants est remont\u00e9 boulevard Solf\u00e9rino avant un premier arr\u00eat au th\u00e9\u00e2tre et auditorium de Poitiers o\u00f9 les repr\u00e9sentants syndicaux ont fait un <b>discours devant deux-cents \u00e9l\u00e8ves<\/b> rassembl\u00e9s\u00a0pour la remise du prix du livre contemporain. La manifestation s&rsquo;est termin\u00e9e devant la pr\u00e9fecture o\u00f9 des ambulanciers d\u00e9non\u00e7aient la hausse de la TVA et de leurs charges.<\/p>\n<\/div>\n<div class=\"infosAuteur\"><em><span class=\"nom_auteur\"> Adrien Planchon, Nouvelle R\u00e9publique, 19 juin 2014<\/span><\/em><\/div>\n<div class=\"infosAuteur\"><\/div>\n<div class=\"infosAuteur\"><a href=\"http:\/\/www.lanouvellerepublique.fr\/Vienne\/Services\/Toutes-les-DMAs\/n\/Contenus\/DMAs\/2014\/06\/19\/Poitiers-rassemblement-des-ambulanciers-devant-la-prefecture-1954058\" target=\"_blank\"><strong>Poitiers : rassemblement des ambulanciers devant la pr\u00e9fecture<\/strong><\/a><\/div>\n<div class=\"infosAuteur\"><\/div>\n<div class=\"infosAuteur\">Un rassemblement d&rsquo;une vingtaine d&rsquo;ambulanciers a eu lieu devant la pr\u00e9fecture de Poitiers, aujourd&rsquo;hui, \u00e0 midi, en r\u00e9ponse \u00e0 l&rsquo;appel de la Chambre nationale des services d&rsquo;ambulances. Pendant ce temps, des repr\u00e9sentants ont eu rendez-vous avec Christiane Barret, pr\u00e9f\u00e8te de la r\u00e9gion Poitou-Charentes, et son directeur de cabinet pour \u00ab\u00a0d\u00e9noncer l&rsquo;incoh\u00e9rence politique du gouvernement et exiger des engagements en faveur de la profession\u00a0\u00bb.<\/div>\n<div class=\"infosAuteur\"><\/div>\n<div class=\"infosAuteur\"><em>Nouvelle R\u00e9publique, 19 juin 2014<\/em><\/div>\n<div class=\"infosAuteur\"><\/div>\n<div class=\"infosAuteur\"><strong>Mise \u00e0 jour 23 juin 2014 : suspension de la gr\u00e8ve, vot\u00e9e en AG ce midi. La gr\u00e8ve avait commenc\u00e9 le 10 juin.<\/strong><\/div>\n<\/div>\n","protected":false},"excerpt":{"rendered":"<p>NdPN : malgr\u00e9 les d\u00e9nigrements m\u00e9diatiques et politiciens, les cheminot.e.s ne l\u00e2chent rien, et d&rsquo;autres salari\u00e9.e.s en lutte les rejoignent. Voir aussi cette vid\u00e9o d&rsquo;un camarade de Sud-Rail sur les raisons de la gr\u00e8ve. Les cheminots durcissent le mouvement La gr\u00e8ve a \u00e9t\u00e9 reconduite \u00e0 l\u2019unanimit\u00e9. Hier, entre 150\u00a0et 200\u00a0personnes se sont rassembl\u00e9es devant la &hellip; <a href=\"https:\/\/fa86.noblogs.org\/?p=11841\" class=\"more-link\">Continuer la lecture de <span class=\"screen-reader-text\">[Poitiers] Vers une convergence des luttes ?<\/span> <span class=\"meta-nav\">&rarr;<\/span><\/a><\/p>\n","protected":false},"author":2691,"featured_media":0,"comment_status":"closed","ping_status":"open","sticky":false,"template":"","format":"standard","meta":{"footnotes":""},"categories":[9],"tags":[],"class_list":["post-11841","post","type-post","status-publish","format-standard","hentry","category-la-rue-grogne"],"_links":{"self":[{"href":"https:\/\/fa86.noblogs.org\/index.php?rest_route=\/wp\/v2\/posts\/11841","targetHints":{"allow":["GET"]}}],"collection":[{"href":"https:\/\/fa86.noblogs.org\/index.php?rest_route=\/wp\/v2\/posts"}],"about":[{"href":"https:\/\/fa86.noblogs.org\/index.php?rest_route=\/wp\/v2\/types\/post"}],"author":[{"embeddable":true,"href":"https:\/\/fa86.noblogs.org\/index.php?rest_route=\/wp\/v2\/users\/2691"}],"replies":[{"embeddable":true,"href":"https:\/\/fa86.noblogs.org\/index.php?rest_route=%2Fwp%2Fv2%2Fcomments&post=11841"}],"version-history":[{"count":5,"href":"https:\/\/fa86.noblogs.org\/index.php?rest_route=\/wp\/v2\/posts\/11841\/revisions"}],"predecessor-version":[{"id":11857,"href":"https:\/\/fa86.noblogs.org\/index.php?rest_route=\/wp\/v2\/posts\/11841\/revisions\/11857"}],"wp:attachment":[{"href":"https:\/\/fa86.noblogs.org\/index.php?rest_route=%2Fwp%2Fv2%2Fmedia&parent=11841"}],"wp:term":[{"taxonomy":"category","embeddable":true,"href":"https:\/\/fa86.noblogs.org\/index.php?rest_route=%2Fwp%2Fv2%2Fcategories&post=11841"},{"taxonomy":"post_tag","embeddable":true,"href":"https:\/\/fa86.noblogs.org\/index.php?rest_route=%2Fwp%2Fv2%2Ftags&post=11841"}],"curies":[{"name":"wp","href":"https:\/\/api.w.org\/{rel}","templated":true}]}}