{"id":1187,"date":"2011-11-30T09:54:06","date_gmt":"2011-11-30T08:54:06","guid":{"rendered":"http:\/\/fa86.noblogs.org\/?p=1187"},"modified":"2011-11-30T09:54:06","modified_gmt":"2011-11-30T08:54:06","slug":"poitiers-restos-du-coeur-la-demande-a-double-en-5-ans","status":"publish","type":"post","link":"https:\/\/fa86.noblogs.org\/?p=1187","title":{"rendered":"[Poitiers] Restos du coeur : la demande a doubl\u00e9 en 5 ans"},"content":{"rendered":"<h2 style=\"text-align: justify\"><a href=\"http:\/\/www.lanouvellerepublique.fr\/vienne\/ACTUALITE\/Economie\/Social\/Restos-du-coeur-le-nombre-de-beneficiaires-augmente\" target=\"_blank\">Restos du coeur : le nombre de b\u00e9n\u00e9ficiaires augmente<\/a><\/h2>\n<h3 style=\"text-align: justify\">Les 15 centres de distribution de la Vienne ont ouvert hier. La demande a doubl\u00e9 au cours de ces cinq derni\u00e8res ann\u00e9es.<\/h3>\n<div style=\"text-align: justify\"><a title=\"Le centre des Sablonni\u00e8res a \u00e9t\u00e9 transf\u00e9r\u00e9 au 32, rue Grand'Maison \u00e0 Saint-Beno\u00eet. Le Resto s'est install\u00e9 dans les locaux d'un ancien PMU.\u00a0-\u00a0(dr)\" href=\"http:\/\/www.lanouvellerepublique.fr\/var\/plain_site\/storage\/images\/nouvelle-republique.fr\/actualite\/economie\/social\/restos-du-coeur-le-nombre-de-beneficiaires-augmente\/113029682\/46652804-1-fre-FR\/113029682_reference.jpg\" target=\"_blank\"><img loading=\"lazy\" decoding=\"async\" src=\"http:\/\/www.lanouvellerepublique.fr\/var\/plain_site\/storage\/images\/nouvelle-republique.fr\/actualite\/economie\/social\/restos-du-coeur-le-nombre-de-beneficiaires-augmente\/113029682\/46652804-1-fre-FR\/113029682_image_article_droite_width.jpg\" alt=\"Le centre des Sablonni\u00e8res a \u00e9t\u00e9 transf\u00e9r\u00e9 au 32, rue Grand'Maison \u00e0 Saint-Beno\u00eet. Le Resto s'est install\u00e9 dans les locaux d'un ancien PMU.\" width=\"490\" height=\"464\" \/> <\/a><\/div>\n<div style=\"text-align: justify\">\u00a0<\/div>\n<div style=\"text-align: justify\">Le centre des Sablonni\u00e8res a \u00e9t\u00e9 transf\u00e9r\u00e9 au 32, rue Grand&rsquo;Maison \u00e0 Saint-Beno\u00eet. Le Resto s&rsquo;est install\u00e9 dans les locaux d&rsquo;un ancien PMU.\u00a0&#8211;\u00a0(dr)<\/div>\n<p style=\"text-align: justify\">A<em>ujourd&rsquo;hui, on a plus le droit ni d&rsquo;avoir faim, ni d&rsquo;avoir froid. <\/em>\u00bb Coluche savait qu&rsquo;il n&rsquo;\u00e9tait pas responsable de la mis\u00e8re en France mais il pensait que s&rsquo;il n&rsquo;agissait pas, il le deviendrait. Alors il a cr\u00e9\u00e9 les Restos du Coeur et il a fil\u00e9 rencard \u00ab<em> \u00e0 tous les recal\u00e9s de l&rsquo;\u00e2ge et du ch\u00f4mage.<\/em> \u00bb Vingt-sept ans plus tard, les b\u00e9n\u00e9voles continuent de se mobiliser. Le nombre de b\u00e9n\u00e9ficiaires ne cesse d&rsquo;augmenter. Ils \u00e9taient nombreux \u00e0 venir se faire inscrire dans les centres de distribution ouverts hier. <em>\u00ab <strong>Dans la Vienne, le nombre de b\u00e9n\u00e9ficiaires a doubl\u00e9 au cours de ces cinq derni\u00e8res ann\u00e9es<\/strong>, <\/em>observe Hubert Poilane, pr\u00e9sident d\u00e9partemental des Restos du Coeur. <em><strong>Et nous pensons qu&rsquo;il y aura une forte hausse cette ann\u00e9e<\/strong>. \u00bb<\/em> Au cours de l&rsquo;hiver dernier, les Restos comptaient <strong>3.206 familles b\u00e9n\u00e9ficiaires, soit 8.397 personnes, \u00e0 qui 738.679 repas ont \u00e9t\u00e9 servis<\/strong>.<\/p>\n<p><strong>Toujours plus de jeunes <\/strong><\/p>\n<div>\n<div>\n<p style=\"text-align: justify\">Ce sont les centres implant\u00e9s dans le sud du d\u00e9partement qui enregistrent les plus fortes progressions du nombre d&rsquo;inscrits : <em>\u00ab C&rsquo;est un secteur dans lequel il y a beaucoup de femmes seules avec des enfants et beaucoup de personnes percevant de petites retraites. \u00bb <\/em>Depuis trois ans, les Restos accueillent aussi de nombreux jeunes. Les moins de 25 ans n&rsquo;ont pas de droits sociaux et leurs parents n&rsquo;ont pas toujours les moyens de les aider. Chaque ann\u00e9e, pour aider la population de la Vienne, les Restos ont besoin d&rsquo;un million d&rsquo;euros. <em>\u00ab Nous avons beaucoup de frais \u00e0 supporter \u00bb<\/em>, explique le pr\u00e9sident. En effet, les Restos disposent de 15 centres de distribution et paient des loyers pour deux d&rsquo;entre eux : 5.000 euros par mois pour celui de la Demi-Lune \u00e0 Poitiers et 1.500 euros pour celui de Grand&rsquo;Maison \u00e0 Saint-Beno\u00eet. <strong>Alors la suppression de l&rsquo;aide europ\u00e9enne qui pourrait intervenir dans deux ans inqui\u00e8te. <em>\u00ab Nous ferons face, <\/em>assure le pr\u00e9sident. <\/strong><em><strong>Mais si cette aide \u00e9tait supprim\u00e9e nous perdrions 80 % des produits laitiers que nous distribuons. Je ne peux l&rsquo;imaginer.<\/strong> \u00bb <\/em>Ils sont 470 \u00e0 donner de leur temps, un peu d&rsquo;eux-m\u00eames, mais les Restos manquent de b\u00e9n\u00e9voles.<em> \u00ab Le renouvellement des \u00e9quipes est difficile,<\/em> remarque Hubert Poilane. <em>Et nous manquons d&rsquo;aide pour la comptabilit\u00e9, de bras pour la pr\u00e9paration des colis \u00e0 l&rsquo;entrep\u00f4t et de chauffeurs&#8230; \u00bb<\/em> Ceux qui veulent \u00ab aider quelques heures \u00bb seront les bienvenus.<\/p>\n<p style=\"text-align: justify\"><em>Nouvelle R\u00e9publique, Magalie L\u00e9pinoux, 30 novembre 2011<\/em><\/p>\n<\/div>\n<\/div>\n","protected":false},"excerpt":{"rendered":"<p>Restos du coeur : le nombre de b\u00e9n\u00e9ficiaires augmente Les 15 centres de distribution de la Vienne ont ouvert hier. La demande a doubl\u00e9 au cours de ces cinq derni\u00e8res ann\u00e9es. \u00a0 Le centre des Sablonni\u00e8res a \u00e9t\u00e9 transf\u00e9r\u00e9 au 32, rue Grand&rsquo;Maison \u00e0 Saint-Beno\u00eet. Le Resto s&rsquo;est install\u00e9 dans les locaux d&rsquo;un ancien PMU.\u00a0&#8211;\u00a0(dr) &hellip; <a href=\"https:\/\/fa86.noblogs.org\/?p=1187\" class=\"more-link\">Continuer la lecture de <span class=\"screen-reader-text\">[Poitiers] Restos du coeur : la demande a doubl\u00e9 en 5 ans<\/span> <span class=\"meta-nav\">&rarr;<\/span><\/a><\/p>\n","protected":false},"author":2691,"featured_media":0,"comment_status":"open","ping_status":"open","sticky":false,"template":"","format":"standard","meta":{"footnotes":""},"categories":[9],"tags":[],"class_list":["post-1187","post","type-post","status-publish","format-standard","hentry","category-la-rue-grogne"],"_links":{"self":[{"href":"https:\/\/fa86.noblogs.org\/index.php?rest_route=\/wp\/v2\/posts\/1187","targetHints":{"allow":["GET"]}}],"collection":[{"href":"https:\/\/fa86.noblogs.org\/index.php?rest_route=\/wp\/v2\/posts"}],"about":[{"href":"https:\/\/fa86.noblogs.org\/index.php?rest_route=\/wp\/v2\/types\/post"}],"author":[{"embeddable":true,"href":"https:\/\/fa86.noblogs.org\/index.php?rest_route=\/wp\/v2\/users\/2691"}],"replies":[{"embeddable":true,"href":"https:\/\/fa86.noblogs.org\/index.php?rest_route=%2Fwp%2Fv2%2Fcomments&post=1187"}],"version-history":[{"count":2,"href":"https:\/\/fa86.noblogs.org\/index.php?rest_route=\/wp\/v2\/posts\/1187\/revisions"}],"predecessor-version":[{"id":1189,"href":"https:\/\/fa86.noblogs.org\/index.php?rest_route=\/wp\/v2\/posts\/1187\/revisions\/1189"}],"wp:attachment":[{"href":"https:\/\/fa86.noblogs.org\/index.php?rest_route=%2Fwp%2Fv2%2Fmedia&parent=1187"}],"wp:term":[{"taxonomy":"category","embeddable":true,"href":"https:\/\/fa86.noblogs.org\/index.php?rest_route=%2Fwp%2Fv2%2Fcategories&post=1187"},{"taxonomy":"post_tag","embeddable":true,"href":"https:\/\/fa86.noblogs.org\/index.php?rest_route=%2Fwp%2Fv2%2Ftags&post=1187"}],"curies":[{"name":"wp","href":"https:\/\/api.w.org\/{rel}","templated":true}]}}