{"id":11889,"date":"2014-06-28T00:39:12","date_gmt":"2014-06-27T22:39:12","guid":{"rendered":"http:\/\/fa86.noblogs.org\/?p=11889"},"modified":"2014-06-28T00:40:23","modified_gmt":"2014-06-27T22:40:23","slug":"mathieu-rigouste-sur-la-police","status":"publish","type":"post","link":"https:\/\/fa86.noblogs.org\/?p=11889","title":{"rendered":"Un t\u00e9moignage de Mathieu Rigouste sur la police"},"content":{"rendered":"<p style=\"text-align: justify\"><em><strong>NdPN<\/strong> : <a href=\"http:\/\/fr.wikipedia.org\/wiki\/Mathieu_Rigouste\" target=\"_blank\">Mathieu Rigouste<\/a>, enseignant-chercheur, camarade\u00a0anti-autoritaire d\u00e9non\u00e7ant r\u00e9guli\u00e8rement les violences de la police non comme \u00ab\u00a0bavures\u00a0\u00bb, mais comme\u00a0fonctionnement du bras arm\u00e9 de l&rsquo;Etat pour la r\u00e9pression\u00a0des pauvres, a pu v\u00e9rifier sur sa propre personne la cruelle v\u00e9racit\u00e9 de ses th\u00e8ses il y a un an. Le Jura Libertaire vient de publier un texte de t\u00e9moignage que Mathieu a r\u00e9dig\u00e9 un an apr\u00e8s son tabassage en r\u00e8gle.<\/em><\/p>\n<p style=\"text-align: justify\"><a href=\"https:\/\/juralib.noblogs.org\/2014\/06\/27\/la-police-travaille-a-toulouse-cest-que-le-proc-la-connait-la-verite-lui-et-comme-eux-il-sait-que-la-ferocite-fait-partie-integrante-du-boulot-des-condes-ce-nest-pas-un-enlevement-avec\/\" target=\"_blank\"><strong>L&rsquo;article du Jura Libertaire<\/strong><\/a><\/p>\n<p style=\"text-align: justify\"><a href=\"https:\/\/juralib.noblogs.org\/files\/2014\/06\/LEtat-ma-tabasse-le-22-juin-2013-M.-Rigouste.pdf\" target=\"_blank\"><strong>Le texte de Mathieu<\/strong><\/a><\/p>\n","protected":false},"excerpt":{"rendered":"<p>NdPN : Mathieu Rigouste, enseignant-chercheur, camarade\u00a0anti-autoritaire d\u00e9non\u00e7ant r\u00e9guli\u00e8rement les violences de la police non comme \u00ab\u00a0bavures\u00a0\u00bb, mais comme\u00a0fonctionnement du bras arm\u00e9 de l&rsquo;Etat pour la r\u00e9pression\u00a0des pauvres, a pu v\u00e9rifier sur sa propre personne la cruelle v\u00e9racit\u00e9 de ses th\u00e8ses il y a un an. Le Jura Libertaire vient de publier un texte de t\u00e9moignage &hellip; <a href=\"https:\/\/fa86.noblogs.org\/?p=11889\" class=\"more-link\">Continuer la lecture de <span class=\"screen-reader-text\">Un t\u00e9moignage de Mathieu Rigouste sur la police<\/span> <span class=\"meta-nav\">&rarr;<\/span><\/a><\/p>\n","protected":false},"author":2691,"featured_media":0,"comment_status":"closed","ping_status":"open","sticky":false,"template":"","format":"standard","meta":{"footnotes":""},"categories":[16],"tags":[],"class_list":["post-11889","post","type-post","status-publish","format-standard","hentry","category-repression"],"_links":{"self":[{"href":"https:\/\/fa86.noblogs.org\/index.php?rest_route=\/wp\/v2\/posts\/11889","targetHints":{"allow":["GET"]}}],"collection":[{"href":"https:\/\/fa86.noblogs.org\/index.php?rest_route=\/wp\/v2\/posts"}],"about":[{"href":"https:\/\/fa86.noblogs.org\/index.php?rest_route=\/wp\/v2\/types\/post"}],"author":[{"embeddable":true,"href":"https:\/\/fa86.noblogs.org\/index.php?rest_route=\/wp\/v2\/users\/2691"}],"replies":[{"embeddable":true,"href":"https:\/\/fa86.noblogs.org\/index.php?rest_route=%2Fwp%2Fv2%2Fcomments&post=11889"}],"version-history":[{"count":3,"href":"https:\/\/fa86.noblogs.org\/index.php?rest_route=\/wp\/v2\/posts\/11889\/revisions"}],"predecessor-version":[{"id":11892,"href":"https:\/\/fa86.noblogs.org\/index.php?rest_route=\/wp\/v2\/posts\/11889\/revisions\/11892"}],"wp:attachment":[{"href":"https:\/\/fa86.noblogs.org\/index.php?rest_route=%2Fwp%2Fv2%2Fmedia&parent=11889"}],"wp:term":[{"taxonomy":"category","embeddable":true,"href":"https:\/\/fa86.noblogs.org\/index.php?rest_route=%2Fwp%2Fv2%2Fcategories&post=11889"},{"taxonomy":"post_tag","embeddable":true,"href":"https:\/\/fa86.noblogs.org\/index.php?rest_route=%2Fwp%2Fv2%2Ftags&post=11889"}],"curies":[{"name":"wp","href":"https:\/\/api.w.org\/{rel}","templated":true}]}}