{"id":11907,"date":"2014-07-03T12:33:38","date_gmt":"2014-07-03T10:33:38","guid":{"rendered":"http:\/\/fa86.noblogs.org\/?p=11907"},"modified":"2014-07-03T12:33:38","modified_gmt":"2014-07-03T10:33:38","slug":"calais-repression-du-camp-de-migrants-et-de-trois-squats","status":"publish","type":"post","link":"https:\/\/fa86.noblogs.org\/?p=11907","title":{"rendered":"[Calais] R\u00e9pression du camp de migrants et de trois squats"},"content":{"rendered":"<p style=\"text-align: justify\"><a href=\"http:\/\/www.lemonde.fr\/societe\/article\/2014\/07\/02\/le-principal-camp-de-migrants-de-calais-en-cours-d-evacuation_4449087_3224.html\" target=\"_blank\"><strong>Plus de 300 migrants \u00e9vacu\u00e9s d&rsquo;un camp \u00e0 Calais<\/strong><\/a><\/p>\n<p style=\"text-align: justify\">La police a \u00e9vacu\u00e9, mercredi 2 juillet, le principal camp de migrants de Calais, install\u00e9 dans un centre de distribution de repas dans la zone portuaire, ainsi que trois squats. Au total, 320 personnes, dont une soixantaine de mineurs, ont \u00e9t\u00e9 expuls\u00e9s, selon la pr\u00e9fecture. \u00ab\u00a0Ils vont \u00eatre auditionn\u00e9s dans un cadre administratif pour \u00e9tudier leur situation qui sera examin\u00e9e au cas par cas\u00a0\u00bb, a expliqu\u00e9\u00a0le pr\u00e9fet du Pas-de-Calais, Denis Robin.<\/p>\n<p style=\"text-align: justify\">Peu apr\u00e8s 6 h 30, plusieurs centaines de personnes, install\u00e9es depuis fin mai, ont \u00e9t\u00e9 encercl\u00e9s par les CRS et les gendarmes. Une quinzaine de cars ont ensuite p\u00e9n\u00e9tr\u00e9 dans l&rsquo;enceinte pour emmener les migrants, alors que les journalistes \u00e9taient tenus \u00e0 distance.<\/p>\n<p style=\"text-align: justify\">Selon plusieurs t\u00e9moignages, policiers et gendarmes sont entr\u00e9s dans cet espace recouvert de macadam, o\u00f9 les migrants campaient dans des tentes, par un hangar au centre de l&rsquo;enceinte entour\u00e9e de murs et de grilles. Tous les acc\u00e8s avaient auparavant \u00e9t\u00e9 bloqu\u00e9s par des cars de CRS. Des policiers \u00e0 bord de Zodiac \u00e9taient aussi pr\u00e9sents pour s\u00e9curiser les acc\u00e8s \u00e0 la mer.<\/p>\n<p style=\"text-align: justify\">GAZ LACRYMOG\u00c8NE ET INTERPELLATIONS<\/p>\n<p style=\"text-align: justify\">Sur Twitter, un journaliste de RTL mentionne l&rsquo;usage de gaz lacrymog\u00e8nes par les forces de l&rsquo;ordre.<\/p>\n<p style=\"text-align: justify\">Ce que confirme le t\u00e9moignage d&rsquo;une b\u00e9n\u00e9vole, recueilli par l&rsquo;AFP :<\/p>\n<p style=\"text-align: justify\">\u00ab J&rsquo;\u00e9tais \u00e0 l&rsquo;int\u00e9rieur, les flics sont arriv\u00e9s, ils ont bloqu\u00e9 toutes les sorties, ont utilis\u00e9 des gaz lacrymog\u00e8nes pour emp\u00eacher les gens de s&rsquo;enfuir. Les gens dormaient, ils n&rsquo;ont pas eu le temps de sortir. \u00bb<\/p>\n<p style=\"text-align: justify\">La police a par ailleurs proc\u00e9d\u00e9 \u00e0 trois interpellations : deux militants du collectif No Border et le responsable associatif Jean-Claude Lenoir, de l&rsquo;association Salam qui distribue des repas quotidiennement aux migrants.<\/p>\n<p style=\"text-align: justify\">\u00ab SITUATION SANITAIRE CRITIQUE \u00bb<\/p>\n<p style=\"text-align: justify\">Cette op\u00e9ration avait \u00e9t\u00e9 autoris\u00e9e fin juin par le tribunal administratif de Lille saisi en r\u00e9f\u00e9r\u00e9 par la mairie de Calais. Le juge avait notamment motiv\u00e9 sa d\u00e9cision par le caract\u00e8re prolong\u00e9 de l&rsquo;occupation des lieux, l&rsquo;insuffisance d&rsquo;infrastructures sanitaires et l&rsquo;entassement de d\u00e9tritus, conf\u00e9rant un caract\u00e8re d&rsquo;urgence \u00e0 la situation.<\/p>\n<p style=\"text-align: justify\">L&rsquo;avocat des migrants, Me Cl\u00e9ment, avait saisi en urgence la Cour europ\u00e9enne des droits de l&rsquo;homme, dans la nuit de lundi \u00e0 mardi, laquelle a r\u00e9pondu mardi que \u00ab\u00a0le juge (\u2026) a d\u00e9cid\u00e9 d&rsquo;inviter le gouvernement fran\u00e7ais \u00e0 r\u00e9pondre \u00e0 la question suivante : quelles sont les mesures prises pour assurer le relogement des requ\u00e9rants en cas d&rsquo;expulsion (\u2026) ? \u00bb Question, que, selon La Voix du Nord, l&rsquo;avocat a transmis au gouvernement, mardi soir.<\/p>\n<p style=\"text-align: justify\">Ce camp s&rsquo;\u00e9tait form\u00e9 apr\u00e8s l&rsquo;\u00e9vacuation par la police de trois autres camps abritant quelque 650\u00a0personnes, le 28 mai. Le 18 juin, le pr\u00e9fet du Pas-de-Calais avait appel\u00e9 les migrants candidats au d\u00e9part pour la Grande-Bretagne \u00e0 accepter un h\u00e9bergement en France annon\u00e7ant notamment que leur demandes d&rsquo;asile serait \u00ab\u00a0trait\u00e9es en urgence\u00a0\u00bb.<\/p>\n<p style=\"text-align: justify\">Au cours des cinq premiers mois de l&rsquo;ann\u00e9e, quelque 3\u00a0000 clandestins ont \u00e9t\u00e9 intercept\u00e9s \u00e0 Calais, contre trois cents pour la m\u00eame p\u00e9riode en\u00a02013.<\/p>\n<p style=\"text-align: justify\"><em>Le Monde et AFP, 2 juillet 2014<\/em><\/p>\n","protected":false},"excerpt":{"rendered":"<p>Plus de 300 migrants \u00e9vacu\u00e9s d&rsquo;un camp \u00e0 Calais La police a \u00e9vacu\u00e9, mercredi 2 juillet, le principal camp de migrants de Calais, install\u00e9 dans un centre de distribution de repas dans la zone portuaire, ainsi que trois squats. Au total, 320 personnes, dont une soixantaine de mineurs, ont \u00e9t\u00e9 expuls\u00e9s, selon la pr\u00e9fecture. \u00ab\u00a0Ils &hellip; <a href=\"https:\/\/fa86.noblogs.org\/?p=11907\" class=\"more-link\">Continuer la lecture de <span class=\"screen-reader-text\">[Calais] R\u00e9pression du camp de migrants et de trois squats<\/span> <span class=\"meta-nav\">&rarr;<\/span><\/a><\/p>\n","protected":false},"author":2691,"featured_media":0,"comment_status":"closed","ping_status":"open","sticky":false,"template":"","format":"standard","meta":{"footnotes":""},"categories":[11,16],"tags":[],"class_list":["post-11907","post","type-post","status-publish","format-standard","hentry","category-ni-patrie-ni-frontiere","category-repression"],"_links":{"self":[{"href":"https:\/\/fa86.noblogs.org\/index.php?rest_route=\/wp\/v2\/posts\/11907","targetHints":{"allow":["GET"]}}],"collection":[{"href":"https:\/\/fa86.noblogs.org\/index.php?rest_route=\/wp\/v2\/posts"}],"about":[{"href":"https:\/\/fa86.noblogs.org\/index.php?rest_route=\/wp\/v2\/types\/post"}],"author":[{"embeddable":true,"href":"https:\/\/fa86.noblogs.org\/index.php?rest_route=\/wp\/v2\/users\/2691"}],"replies":[{"embeddable":true,"href":"https:\/\/fa86.noblogs.org\/index.php?rest_route=%2Fwp%2Fv2%2Fcomments&post=11907"}],"version-history":[{"count":1,"href":"https:\/\/fa86.noblogs.org\/index.php?rest_route=\/wp\/v2\/posts\/11907\/revisions"}],"predecessor-version":[{"id":11908,"href":"https:\/\/fa86.noblogs.org\/index.php?rest_route=\/wp\/v2\/posts\/11907\/revisions\/11908"}],"wp:attachment":[{"href":"https:\/\/fa86.noblogs.org\/index.php?rest_route=%2Fwp%2Fv2%2Fmedia&parent=11907"}],"wp:term":[{"taxonomy":"category","embeddable":true,"href":"https:\/\/fa86.noblogs.org\/index.php?rest_route=%2Fwp%2Fv2%2Fcategories&post=11907"},{"taxonomy":"post_tag","embeddable":true,"href":"https:\/\/fa86.noblogs.org\/index.php?rest_route=%2Fwp%2Fv2%2Ftags&post=11907"}],"curies":[{"name":"wp","href":"https:\/\/api.w.org\/{rel}","templated":true}]}}