{"id":1192,"date":"2011-11-30T10:09:49","date_gmt":"2011-11-30T09:09:49","guid":{"rendered":"http:\/\/fa86.noblogs.org\/?p=1192"},"modified":"2011-11-30T10:09:49","modified_gmt":"2011-11-30T09:09:49","slug":"non-au-travail-obligatoire-pour-les-allocataires-du-rsa","status":"publish","type":"post","link":"https:\/\/fa86.noblogs.org\/?p=1192","title":{"rendered":"Non au travail obligatoire pour les allocataires du RSA !"},"content":{"rendered":"<div>\n<h2 style=\"text-align: justify\"><a href=\"http:\/\/unionpourlecommunisme.wordpress.com\/2011\/11\/29\/non-au-travail-obligatoire-pour-les-allocataires-du-rsa\/\" target=\"_blank\">Non au travail obligatoire pour les allocataires du RSA\u00a0!\u00a0<\/a><\/h2>\n<\/div>\n<p><!--end meta--><\/p>\n<div>\n<p style=\"text-align: justify\"><strong><a href=\"http:\/\/unionpourlecommunisme.files.wordpress.com\/2011\/11\/bibdegredeforce.jpg\"><img decoding=\"async\" src=\"http:\/\/unionpourlecommunisme.files.wordpress.com\/2011\/11\/bibdegredeforce.jpg?w=600\" alt=\"\" \/><\/a><\/strong><\/p>\n<p style=\"text-align: justify\"><em>Tract UPC \u2013 Nov.Dec. 2011<\/em><\/p>\n<p style=\"text-align: justify\"><strong>De la main d\u2019\u0153uvre gratuite pour l\u2019\u00c9tat et les patrons !<\/strong><\/p>\n<p style=\"text-align: justify\">11 d\u00e9partements ont \u00e9t\u00e9 s\u00e9lectionn\u00e9 pour mettre en application l\u2019obligation de travail propos\u00e9e par Wauquiez et Sarkozy destin\u00e9e aux allocataires du RSA, \u00e0 titre exp\u00e9rimental. Le Rh\u00f4ne en fait partie, avec les Alpes-Maritimes, la Savoie, la Haute-Savoie, la Vend\u00e9e, la Manche, le Haut-Rhin, le Bas-Rhin, la C\u00f4te d\u2019Or, la Marne et la Haute-Marne. Le Conseil G\u00e9n\u00e9ral du Rh\u00f4ne vient de l\u2019ent\u00e9riner.<\/p>\n<p style=\"text-align: justify\">La dur\u00e9e du travail obligatoire sera de 7 heures par semaine, et le gouvernement pr\u00e9tend qu\u2019elles seront pay\u00e9es au SMIC. En fait, compte tenu du mode de calcul du RSA socle et du RSA activit\u00e9s, ces heures ne rapporteront en fait que 4,5 euros chacune.<\/p>\n<p style=\"text-align: justify\">Ces contrats seront essentiellement financ\u00e9s par l\u2019\u00c9tat, c\u2019est \u00e0 dire par les imp\u00f4ts pr\u00e9lev\u00e9s surtout sur les classes pauvres et exploit\u00e9es. Ils fourniront une main d\u2019\u0153uvre gratuite ou presque au secteur public ou priv\u00e9, c\u2019est \u00e0 dire que loin de faire reculer le ch\u00f4mage, ils l\u2019amplifieront en supprimant autant d\u2019emplois et de postes stables, r\u00e9mun\u00e9r\u00e9s.<\/p>\n<p style=\"text-align: justify\">Selon Roselyne Bachelot et son cabinet, ces mesures sont destin\u00e9es aux personnes \u00ab\u00a0en difficult\u00e9s sociales ou de sant\u00e9\u00a0\u00bb, c\u2019est \u00e0 dire que les riches au pouvoir n\u2019h\u00e9sitent plus \u00e0 contraindre \u00e0 un travail sous-pay\u00e9 personnes fragiles et handicap\u00e9es, pour mieux les exploiter. Honteusement, le gouvernement bourgeois pr\u00e9tend le faire au nom de principes \u00ab\u00a0humanitaires\u00a0\u00bb et de \u00ab\u00a0dignit\u00e9\u00a0\u00bb , alors que ses motifs sont le profit priv\u00e9 et le contr\u00f4le social des\u00a0 \u00ab\u00a0classes dangereuses\u00a0\u00bb qui refusent les boulots de merde pay\u00e9s des miettes.<\/p>\n<p style=\"text-align: justify\"><strong>Cassons ce dispositif, avant qu\u2019il ne nous casse !<\/strong><\/p>\n<p style=\"text-align: justify\">Cette mesure de mise au travail forc\u00e9e d\u2019une partie de la population est un v\u00e9ritable test. Elle n\u2019existe pour l\u2019heure que dans quelques d\u00e9partements. Sa dur\u00e9e est de sept heures. Les refus seront sanctionn\u00e9s par des retenues financi\u00e8res, qui peuvent aller jusqu\u2019\u00e0 100 euros sur le RSA. Mais si le principe d\u2019un travail obligatoire ne rencontre aucune r\u00e9sistance, il se g\u00e9n\u00e9ralisera. Il suffira d\u2019une aggravation brutale de la crise \u00e9conomique pour que les sanctions p\u00e9cuniaires se transforment en sanctions p\u00e9nales, et les 7, en 10, 20, 30 heures de travail \u2013 c\u2019est \u00e0 dire pour militariser la soci\u00e9t\u00e9.<\/p>\n<p style=\"text-align: justify\">Les dirigeants de l\u2019opposition qui se pr\u00e9tend \u00ab\u00a0socialiste\u00a0\u00bb partagent les m\u00eames accents favorables \u00e0 l\u2019aust\u00e9rit\u00e9 et \u00e0 la mise au pas des pauvres, et pr\u00e9parent l\u2019opinion \u00e0 des mesures du m\u00eame type, si ils venaient \u00e0 remplacer Sarkozy au pouvoir.<\/p>\n<p style=\"text-align: justify\">Pour l\u2019heure, les r\u00e9actions qui se sont faites entendre sont timor\u00e9es et \u00e9parpill\u00e9es. Il convient que les ch\u00f4meurs et les pr\u00e9caires eux-m\u00eames, de concert avec les salari\u00e9s, pr\u00e9parent une riposte massive et rapide pour imposer l\u2019abandon pur et simple de cette mesure, pour infliger une d\u00e9faite au gouvernement et \u00e0 ceux qui, de droite comme de gauche, veulent poursuivre sa politique.<\/p>\n<p style=\"text-align: justify\">La seule solution pour en finir avec le probl\u00e8me du ch\u00f4mage et de l\u2019esclavage salari\u00e9 qui poussent la soci\u00e9t\u00e9 dans la crise est le partage du travail utile entre tous et toutes et la cr\u00e9ation d\u2019une \u00e9conomie rationnelle et fraternelle. Cette lutte implique d\u2019affronter les int\u00e9r\u00eats des capitalistes et le pouvoir d\u2019\u00c9tat qui est \u00e0 leur solde, de s\u2019organiser en parti de classe pour la r\u00e9volution.<\/p>\n<ul style=\"text-align: justify\">\n<li><strong>Suppression de la mesure Sarkozy-Wauquiez-Bachelot !<\/strong><\/li>\n<li><strong>Hausse des salaires, des indemnit\u00e9s ch\u00f4mage, des allocations et des pensions !<\/strong><\/li>\n<li><strong>Partage du temps de travail !<\/strong><\/li>\n<\/ul>\n<p style=\"text-align: justify\"><em>U.P.C. Rh\u00f4ne-Alpes, 29 novembre 2011<\/em><\/p>\n<p style=\"text-align: justify\"><em>ndPN : pour notre part, nous sommes plut\u00f4t pour l&rsquo;abolition du salariat&#8230;<\/em><\/p>\n<\/div>\n","protected":false},"excerpt":{"rendered":"<p>Non au travail obligatoire pour les allocataires du RSA\u00a0!\u00a0 Tract UPC \u2013 Nov.Dec. 2011 De la main d\u2019\u0153uvre gratuite pour l\u2019\u00c9tat et les patrons ! 11 d\u00e9partements ont \u00e9t\u00e9 s\u00e9lectionn\u00e9 pour mettre en application l\u2019obligation de travail propos\u00e9e par Wauquiez et Sarkozy destin\u00e9e aux allocataires du RSA, \u00e0 titre exp\u00e9rimental. Le Rh\u00f4ne en fait partie, &hellip; <a href=\"https:\/\/fa86.noblogs.org\/?p=1192\" class=\"more-link\">Continuer la lecture de <span class=\"screen-reader-text\">Non au travail obligatoire pour les allocataires du RSA !<\/span> <span class=\"meta-nav\">&rarr;<\/span><\/a><\/p>\n","protected":false},"author":2691,"featured_media":0,"comment_status":"open","ping_status":"open","sticky":false,"template":"","format":"standard","meta":{"footnotes":""},"categories":[22],"tags":[],"class_list":["post-1192","post","type-post","status-publish","format-standard","hentry","category-le-travail-tue"],"_links":{"self":[{"href":"https:\/\/fa86.noblogs.org\/index.php?rest_route=\/wp\/v2\/posts\/1192","targetHints":{"allow":["GET"]}}],"collection":[{"href":"https:\/\/fa86.noblogs.org\/index.php?rest_route=\/wp\/v2\/posts"}],"about":[{"href":"https:\/\/fa86.noblogs.org\/index.php?rest_route=\/wp\/v2\/types\/post"}],"author":[{"embeddable":true,"href":"https:\/\/fa86.noblogs.org\/index.php?rest_route=\/wp\/v2\/users\/2691"}],"replies":[{"embeddable":true,"href":"https:\/\/fa86.noblogs.org\/index.php?rest_route=%2Fwp%2Fv2%2Fcomments&post=1192"}],"version-history":[{"count":2,"href":"https:\/\/fa86.noblogs.org\/index.php?rest_route=\/wp\/v2\/posts\/1192\/revisions"}],"predecessor-version":[{"id":1194,"href":"https:\/\/fa86.noblogs.org\/index.php?rest_route=\/wp\/v2\/posts\/1192\/revisions\/1194"}],"wp:attachment":[{"href":"https:\/\/fa86.noblogs.org\/index.php?rest_route=%2Fwp%2Fv2%2Fmedia&parent=1192"}],"wp:term":[{"taxonomy":"category","embeddable":true,"href":"https:\/\/fa86.noblogs.org\/index.php?rest_route=%2Fwp%2Fv2%2Fcategories&post=1192"},{"taxonomy":"post_tag","embeddable":true,"href":"https:\/\/fa86.noblogs.org\/index.php?rest_route=%2Fwp%2Fv2%2Ftags&post=1192"}],"curies":[{"name":"wp","href":"https:\/\/api.w.org\/{rel}","templated":true}]}}