{"id":11963,"date":"2014-07-20T12:58:10","date_gmt":"2014-07-20T10:58:10","guid":{"rendered":"http:\/\/fa86.noblogs.org\/?p=11963"},"modified":"2014-07-22T09:29:26","modified_gmt":"2014-07-22T07:29:26","slug":"deux-communiques-a-propos-de-loffensive-israelienne-et-de-la-manifestation-de-soutien-aux-palestiniens","status":"publish","type":"post","link":"https:\/\/fa86.noblogs.org\/?p=11963","title":{"rendered":"Deux communiqu\u00e9s \u00e0 propos de l&rsquo;offensive isra\u00eblienne et de la manifestation de soutien aux Palestiniens"},"content":{"rendered":"<figure style=\"width: 565px\" class=\"wp-caption alignnone\"><img loading=\"lazy\" decoding=\"async\" src=\"http:\/\/www.atlasinfo.fr\/photo\/art\/grande\/6804720-10399434.jpg?v=1405114263\" alt=\"\" width=\"565\" height=\"376\" \/><figcaption class=\"wp-caption-text\">Vu sur Atlasinfo, 11 juillet 2014<\/figcaption><\/figure>\n<p style=\"text-align: justify\"><a href=\"http:\/\/www.rennes-info.org\/A-bas-l-occupation-Arret-immediat\" target=\"_blank\"><strong>A bas l\u2019occupation\u00a0! Arr\u00eat imm\u00e9diat des bombardements\u00a0! Solidarit\u00e9 avec le peuple palestinien\u00a0!<\/strong><\/a><\/p>\n<p style=\"text-align: justify\"><small><abbr title=\"2014-07-19T17:24:32Z\">samedi 19 juillet 2014<\/abbr>, par <span class=\"vcard author\">rennes info<br \/>\n<\/span><\/small><\/p>\n<div style=\"text-align: justify\">\n<div>\n<p>Groupe La Sociale de la F\u00e9d\u00e9ration Anarchiste. Rennes<\/p>\n<p>Ce qui se passe encore une fois \u00e0 Gaza est une trag\u00e9die dont les \u00c9tats-Unis et l\u2019Europe sont en grande partie responsables, par le soutien inconditionnel qu\u2019ils apportent \u00e0 la politique isra\u00e9lienne et par l\u2019application du principe de deux poids deux mesures qui est fait du traitement de l\u2019information. Lorsqu\u2019un pr\u00e9sident exprime \u00ab\u00a0la solidarit\u00e9 de la France face aux tirs de roquettes en provenance de Gaza\u00a0\u00bb, lorsqu\u2019il \u00ab\u00a0rappelle que la France condamne fermement ces agressions\u00a0\u00bb, lorsqu\u2019il d\u00e9clare qu\u2019il \u00ab\u00a0appartient au gouvernement isra\u00e9lien de prendre toutes les mesures pour prot\u00e9ger sa population face aux menaces [et] de pr\u00e9venir l\u2019escalade des violences\u00a0\u00bb, pourquoi n\u2019\u00e9voque-t-il pas les morts des civils \u00e0 Gaza\u00a0?<\/p>\n<p>Le pr\u00e9sident fran\u00e7ais ne dit pas un mot sur l\u2019enfer v\u00e9cu par les familles palestiniennes, les enfants, les femmes, les civils de l\u2019autre c\u00f4t\u00e9 de ce qui est appel\u00e9 la \u00ab\u00a0barri\u00e8re de s\u00e9curit\u00e9\u00a0\u00bb\u00a0? Sans doute consid\u00e8re-t-il que toute la population palestinienne, femmes et enfants compris, est constitu\u00e9e de \u00ab\u00a0terroristes\u00a0\u00bb. On passe sous silence les centaines de morts et de bless\u00e9s parmi la population palestinienne, les maisons, les \u00e9coles, les coop\u00e9ratives agricoles d\u00e9truites apr\u00e8s le largage de 400 tonnes de bombes et de missiles durant les trois premiers jours de l\u2019op\u00e9ration militaire isra\u00e9lienne sur la Bande Gaza.<\/p>\n<p>Ce qui se passe \u00e0 Gaza repr\u00e9sente un danger permanent pour toutes les populations, un risque \u00e9norme pour la r\u00e9gion, une injustice flagrante qui perdure depuis 1948\u2026 Pourtant, en France, les nombreuses analyses, faites par les hommes politiques ou les m\u00e9dias sont souvent \u00e0 la fois un tissu complexe de mensonges, de propagande, de d\u00e9ni et d\u2019informations erron\u00e9es.<\/p>\n<p>La question n\u2019est pas le contraste entre des bandes arm\u00e9es et une arm\u00e9e sur\u00e9quip\u00e9e disposant de drones, de forces a\u00e9riennes et navales qui bombardent un territoire o\u00f9 la population est l\u2019une des plus denses au monde. La question r\u00e9side dans les motivations qui poussent les responsables de ces groupes arm\u00e9s et ceux d\u2019une arm\u00e9e sur\u00e9quip\u00e9e \u00e0 s\u2019affronter malgr\u00e9 l\u2019\u00e9norme d\u00e9s\u00e9quilibre des rapports de forces.<\/p>\n<p>Consciente ou non, il y a une sorte de complicit\u00e9 entre les deux parties en pr\u00e9sence, qui ont int\u00e9r\u00eat, pour des raisons diff\u00e9rentes, au maintien de l\u2019\u00e9tat actuel des choses\u00a0: c\u00f4t\u00e9 isra\u00e9lien leur politique d\u2019expansion territoriale, d\u2019implantation de colonies de peuplement dans les territoires palestiniens et le maintien d\u2019un \u00e9tat de guerre permanent\u00a0; c\u00f4t\u00e9 Hamas le contr\u00f4le politique et religieux sur la population de la Bande de Gaza prise en otage, et le refus de toute alliance avec les autorit\u00e9s palestiniennes civiles.<\/p>\n<p>Une chose cependant est certaine\u00a0: la violence en boucle est nourrie de part et d\u2019autre par l\u2019occupation. La situation est engendr\u00e9e par le blocus, par l\u2019arr\u00eat des n\u00e9gociations qui n\u2019aboutissent \u00e0 rien, sinon \u00e0 cr\u00e9er plus de mis\u00e8re et d\u2019humiliation, \u00e0 terroriser la population civile palestinienne, litt\u00e9ralement enferm\u00e9e dans un territoire qui est une prison \u00e0 ciel ouvert. Dans une interview qu\u2019elle accorda \u00e0 Radio Libertaire le 6 juillet 1991, Arna Mer-Khamis d\u00e9clara\u00a0: \u00ab\u00a0il n\u2019y a pas de pire terreur que l\u2019occupation, et il n\u2019y a pas de pire occupation que l\u2019occupation isra\u00e9lienne.\u00a0\u00bb<\/p>\n<p>Aujourd\u2019hui, Gaza permet de tester les armes nouvelles produites par l\u2019industrie militaire isra\u00e9lienne en plein essor. Apr\u00e8s chaque intervention militaire, les ventes des armes isra\u00e9liennes se chiffrent en milliards de dollars. Dans les foires internationales aux armements, les armes estampill\u00e9es \u00ab\u00a0combat proven\u00a0\u00bb (ayant subi l\u2019\u00e9preuve du feu) se vendent beaucoup mieux.<\/p>\n<p>Les n\u00e9gociations avec les Palestiniens n\u2019aboutiront pas tant que les Isra\u00e9liens seront motiv\u00e9s par la volont\u00e9 d\u2019occuper un maximum de territoires palestiniens. Les autorit\u00e9s isra\u00e9liennes ne veulent pas de la paix. Le maintien d\u2019un \u00c9tat de guerre permanent est, pour elles, une condition n\u00e9cessaire \u00e0 leur politique d\u2019annexion territoriale. Une paix effective avec les Palestiniens serait une catastrophe car elle aurait deux effets totalement ind\u00e9sirables\u00a0:<br \/>\n<img loading=\"lazy\" decoding=\"async\" src=\"http:\/\/www.rennes-info.org\/local\/cache-vignettes\/L8xH11\/puce-32883.gif\" alt=\"-\" width=\"8\" height=\"11\" \/>\u00a01. Elle mettrait fin \u00e0 l\u2019annexion de territoires palestiniens\u00a0;<br \/>\n<img loading=\"lazy\" decoding=\"async\" src=\"http:\/\/www.rennes-info.org\/local\/cache-vignettes\/L8xH11\/puce-32883.gif\" alt=\"-\" width=\"8\" height=\"11\" \/>\u00a02. Elle lib\u00e9rerait les \u00e9normes contradictions sociales de la soci\u00e9t\u00e9 isra\u00e9lienne qui ne seraient plus comprim\u00e9es par la menace de guerre.<\/p>\n<p>Si les fondamentalistes religieux palestiniens sont une des causes de l\u2019\u00e9chec des n\u00e9gociations de paix, la cause principale de cet \u00e9chec r\u00e9side dans la volont\u00e9 fr\u00e9n\u00e9tique des autorit\u00e9s isra\u00e9liennes d\u2019annexer un maximum de territoires palestiniens et de maintenir la population palestinienne dans des espaces aussi restreints que possible.<\/p>\n<p>Le fond du probl\u00e8me reste donc l\u2019occupation isra\u00e9lienne de territoires palestiniens et la politique isra\u00e9lienne d\u2019annexion permanente de territoires palestiniens. C\u2019est pourquoi la fin de l\u2019occupation reste un pr\u00e9alable pour que cesse cette violence en boucle.<\/p>\n<p>Ren\u00e9 Berthier, d\u2019apr\u00e8s l\u2019\u00e9mission Chroniques rebelles de Radio Libertaire \u2013 18 juillet 2014<\/p>\n<p><a title=\"contact[@]farennes.org\" href=\"http:\/\/www.rennes-info.org\/A-bas-l-occupation-Arret-immediat#\">contact@farennes.org<\/a><\/p>\n<p><a href=\"http:\/\/www.alternativelibertaire.org\/?Les-flics-du-PS-n-ont-pas-reussi-a\" target=\"_blank\"><strong>Les flics du PS n\u2019ont pas r\u00e9ussi \u00e0 museler la rue !<\/strong><\/a><\/p>\n<p><img loading=\"lazy\" decoding=\"async\" class=\"alignnone\" src=\"http:\/\/www.alternativelibertaire.org\/local\/cache-vignettes\/L150xH193\/arton5931-23f92.jpg\" alt=\"\" width=\"150\" height=\"193\" \/>Manuel Valls ne voulait pas de manifestation de soutien \u00e0 la Palestine \u00e0 Paris ? Il en a eu plusieurs !<\/p>\n<p>Le gouvernement Valls a voulu interdire la manifestation parisienne pr\u00e9vue ce samedi 19 juillet en soutien \u00e0 la Palestine occup\u00e9e. La raison ? De pr\u00e9tendus \u00ab d\u00e9bordements \u00bb \u00e0 la pr\u00e9c\u00e9dente manifestation parisienne qui, pourtant, ont \u00e9t\u00e9 directement provoqu\u00e9s par la Ligue de d\u00e9fense juive (LDJ), un groupe de combat d\u2019extr\u00eame droite. La v\u00e9rit\u00e9 est, qu\u2019en r\u00e9alit\u00e9, ce gouvernement a choisi son camp : celui des bourreaux.<\/p>\n<p>Mais on ne peut emp\u00eacher la solidarit\u00e9 de s\u2019exprimer. M\u00e9tro Barb\u00e8s, ce samedi, \u00e0 l\u2019heure dite, des milliers de personnes \u00e9taient au rendez-vous. Dans la foule, aux c\u00f4t\u00e9s de tr\u00e8s nombreux drapeaux palestiniens, flottaient des drapeaux du NPA, d\u2019Alternative libertaire et d\u2019Ensemble. L\u2019Union syndicale Solidaires \u00e9tait l\u00e0 aussi, ainsi que des militants de la FA et les principaux groupes de soutien \u00e0 la cause palestinienne (GUPS, G\u00e9n\u00e9ration Palestine&#8230;).<\/p>\n<p>Face \u00e0 nous, des hordes de robocops interdisant le d\u00e9part en manifestation.<\/p>\n<p>Lasse d\u2019\u00eatre ainsi immobilis\u00e9e, la foule est alors partie en manifestation \u00e0 rebours, en remontant le boulevard Barb\u00e8s. A peine avait-elle fait quelques dizaines de m\u00e8tres que la foule \u00e9tait de nouveau bloqu\u00e9e par la police, \u00e0 hauteur du m\u00e9tro Ch\u00e2teau-Rouge. Les premiers tirs de grenades lacrymog\u00e8nes n\u2019ont pas tard\u00e9. Mais celles-ci n\u2019ont r\u00e9ussi qu\u2019\u00e0 provoquer le d\u00e9part de plusieurs petites manifestations dans les rues adjacentes.<\/p>\n<p>Alternative libertaire a, pour sa part, march\u00e9 avec plusieurs centaines de personnes qui ont gravi Montmartre, jusqu\u2019\u00e0 atteindre le Sacr\u00e9-C\u0153ur \u00e0 quelques centaines. Les rues de la butte ont r\u00e9sonn\u00e9 tout du long des slogans pour la Palestine libre ! Depuis le Sacr\u00e9-c\u0153ur, les anticolonialistes ont ensuite red\u00e9marr\u00e9 une manifestation sauvage que la police, malgr\u00e9 ses efforts, s\u2019est av\u00e9r\u00e9e incapable de stopper.<\/p>\n<p>Remont\u00e9e bient\u00f4t \u00e0 2000 personnes environ, la manif s\u2019est vue de nouveau bloqu\u00e9e par les CRS. Elle a alors emprunt\u00e9 les boulevards de Magenta, de Strasbourg et de S\u00e9bastopol, gonflant jusqu\u2019\u00e0 3000 personnes, dans une ambiance vindicative et sereine \u00e0 la fois. Elle ne s\u2019est dispers\u00e9e qu\u2019une fois parvenue aux Halles-Ch\u00e2telet. Autant dire que nous avons fait largement passer notre message de solidarit\u00e9, sans doute m\u00eame davantage que si la pr\u00e9fecture nous avait accord\u00e9 le traditionnel parcours Bastille-Nation !<\/p>\n<p>Pendant ce temps, \u00e0 Barb\u00e8s, o\u00f9 quelques militants d\u2019AL \u00e9taient rest\u00e9s, cela tournait \u00e0 l\u2019\u00e9meute, avec jets de projectiles, tirs policiers au Flash-ball, poubelles incendi\u00e9es et affrontements jusque dans la soir\u00e9e. Trente-trois interpellations sont \u00e0 d\u00e9plorer.<\/p>\n<p>A ce stade, il est important d\u2019apporter une pr\u00e9cision : aussi bien \u00e0 Barb\u00e8s que dans la manifestation sauvage, les saillies antis\u00e9mites ont \u00e9t\u00e9 rares et bien isol\u00e9es. L\u2019intelligence collective de la foule, son autodiscipline dans une situation pourtant tendue, ont \u00e9t\u00e9 impressionnantes. Ici, une ahurie brandissant un ananas [1], avant d\u2019\u00eatre interpell\u00e9e ; l\u00e0 un exalt\u00e9 clamant \u00ab Allahu akbar \u00bb sans que personne ne le suive ; l\u00e0 encore, un jeune faisant une quenelle provoquant aussit\u00f4t l\u2019intervention de manifestant.e.s lui expliquant le sens r\u00e9el de son geste, et pourquoi il n\u2019avait rien \u00e0 faire ici.<\/p>\n<p>Dans le reste de l\u2019Hexagone, la solidarit\u00e9 s\u2019est exprim\u00e9e \u00e9galement dans la rue puisque des milliers de personnes ont manifest\u00e9 \u00e0 Marseille, Tours, etc.<\/p>\n<p>Plus que jamais, exprimons notre solidarit\u00e9 avec les palestiennes et les Palestiniens. Exigeons l\u2019arr\u00eat des offensives isra\u00e9liennes contre la Bande de Gaza !<\/p>\n<p>Plus que jamais, d\u00e9non\u00e7ons l\u2019attitude complice du gouvernement fran\u00e7ais vis-\u00e0-vis des crimes du gouvernement isra\u00e9lien !<\/p>\n<p>Des manifestant.e.s d\u2019Alternative libertaire, le samedi 19 juillet<\/p>\n<p>[1] L\u2019ananas est le symbole de la chanson Shoah nanas, cr\u00e9\u00e9e par Dieudonn\u00e9 pour tourner le g\u00e9nocide juif en d\u00e9rision. C\u2019est devenu un signe de reconnaissance de l\u2019extr\u00eame droite dieudonniste.<\/p>\n<p><em><strong>NdPN Mise \u00e0 jour : <\/strong>voir aussi <strong><a href=\"http:\/\/regard-noir.toile-libre.org\/quand-une-manifestation-est-interdite-on-ne-sen-apercoit-meme-plus-compte-rendu-de-la-manif-sauvage-en-soutien-aux-palestiniens-du-190714\/\" target=\"_blank\">ce t\u00e9moignage d&rsquo;un membre du groupe Regard Noir de la FA<\/a>.<\/strong><\/em><\/p>\n<\/div>\n<\/div>\n","protected":false},"excerpt":{"rendered":"<p>A bas l\u2019occupation\u00a0! Arr\u00eat imm\u00e9diat des bombardements\u00a0! Solidarit\u00e9 avec le peuple palestinien\u00a0! samedi 19 juillet 2014, par rennes info Groupe La Sociale de la F\u00e9d\u00e9ration Anarchiste. Rennes Ce qui se passe encore une fois \u00e0 Gaza est une trag\u00e9die dont les \u00c9tats-Unis et l\u2019Europe sont en grande partie responsables, par le soutien inconditionnel qu\u2019ils apportent &hellip; <a href=\"https:\/\/fa86.noblogs.org\/?p=11963\" class=\"more-link\">Continuer la lecture de <span class=\"screen-reader-text\">Deux communiqu\u00e9s \u00e0 propos de l&rsquo;offensive isra\u00eblienne et de la manifestation de soutien aux Palestiniens<\/span> <span class=\"meta-nav\">&rarr;<\/span><\/a><\/p>\n","protected":false},"author":2691,"featured_media":0,"comment_status":"closed","ping_status":"open","sticky":false,"template":"","format":"standard","meta":{"footnotes":""},"categories":[28,21,11,16],"tags":[],"class_list":["post-11963","post","type-post","status-publish","format-standard","hentry","category-a-bas-les-bidasses","category-desinformation-bourgeoise","category-ni-patrie-ni-frontiere","category-repression"],"_links":{"self":[{"href":"https:\/\/fa86.noblogs.org\/index.php?rest_route=\/wp\/v2\/posts\/11963","targetHints":{"allow":["GET"]}}],"collection":[{"href":"https:\/\/fa86.noblogs.org\/index.php?rest_route=\/wp\/v2\/posts"}],"about":[{"href":"https:\/\/fa86.noblogs.org\/index.php?rest_route=\/wp\/v2\/types\/post"}],"author":[{"embeddable":true,"href":"https:\/\/fa86.noblogs.org\/index.php?rest_route=\/wp\/v2\/users\/2691"}],"replies":[{"embeddable":true,"href":"https:\/\/fa86.noblogs.org\/index.php?rest_route=%2Fwp%2Fv2%2Fcomments&post=11963"}],"version-history":[{"count":4,"href":"https:\/\/fa86.noblogs.org\/index.php?rest_route=\/wp\/v2\/posts\/11963\/revisions"}],"predecessor-version":[{"id":11979,"href":"https:\/\/fa86.noblogs.org\/index.php?rest_route=\/wp\/v2\/posts\/11963\/revisions\/11979"}],"wp:attachment":[{"href":"https:\/\/fa86.noblogs.org\/index.php?rest_route=%2Fwp%2Fv2%2Fmedia&parent=11963"}],"wp:term":[{"taxonomy":"category","embeddable":true,"href":"https:\/\/fa86.noblogs.org\/index.php?rest_route=%2Fwp%2Fv2%2Fcategories&post=11963"},{"taxonomy":"post_tag","embeddable":true,"href":"https:\/\/fa86.noblogs.org\/index.php?rest_route=%2Fwp%2Fv2%2Ftags&post=11963"}],"curies":[{"name":"wp","href":"https:\/\/api.w.org\/{rel}","templated":true}]}}