{"id":11968,"date":"2014-07-21T20:14:34","date_gmt":"2014-07-21T18:14:34","guid":{"rendered":"http:\/\/fa86.noblogs.org\/?p=11968"},"modified":"2014-07-21T20:14:34","modified_gmt":"2014-07-21T18:14:34","slug":"poitiers-les-refugies-espagnols-sortent-de-loubli","status":"publish","type":"post","link":"https:\/\/fa86.noblogs.org\/?p=11968","title":{"rendered":"[Poitiers] Les r\u00e9fugi\u00e9s espagnols sortent de l&rsquo;oubli"},"content":{"rendered":"<p style=\"text-align: justify\"><a href=\"http:\/\/www.lanouvellerepublique.fr\/Vienne\/Actualite\/24-Heures\/n\/Contenus\/Articles\/2014\/07\/21\/Les-refugies-espagnols-sortent-de-l-oubli-1991008\" target=\"_blank\"><strong>Les r\u00e9fugi\u00e9s espagnols sortent de l&rsquo;oubli<\/strong><\/a><\/p>\n<p style=\"text-align: justify\"><em>Il ne faut pas oublier<\/em>. Partout la m\u00eame phrase r\u00e9sonne dans la foule. Hier matin, une cinquantaine de personnes se sont rendues \u00e0 l&rsquo;ancienne route de Limoges, l\u00e0 o\u00f9 s&rsquo;\u00e9rigeait le camp d&rsquo;internement des juifs et des Tsiganes en 1939. La st\u00e8le rappelle d\u00e9sormais la pr\u00e9sence des r\u00e9fugi\u00e9s espagnols r\u00e9publicains, ceux qui ont construit les baraquements de leurs mains. Leurs drapeaux rouge, jaune et violet rappellent leur combat.<\/p>\n<p style=\"text-align: justify\"><b>Huit cents r\u00e9fugi\u00e9s espagnols<\/b><\/p>\n<p style=\"text-align: justify\">Il ne faut pas oublier qu&rsquo;\u00e0 la place de la st\u00e8le, huit cents r\u00e9fugi\u00e9s se sont rassembl\u00e9s ici, il y a plus de 70 ans. Montserrat Nadal y \u00e9tait. \u00ab\u00a0<i>Je suis arriv\u00e9e \u00e0 9\u00a0ans \u00e0 Poitiers. Ma famille et moi voulions \u00e9chapper au r\u00e9gime de Franco. On m&rsquo;a arrach\u00e9 des bras de mon p\u00e8re\u00a0<\/i>\u00bb, raconte-t-elle.<br \/>\nUn \u00e9pisode marquant dans la vie d&rsquo;une petite fille.<br \/>\nPour son neveu, Sylvain Nadal, l&rsquo;\u00e9v\u00e8nement est important. \u00ab\u00a0<i>Il ne faut pas oublier que l&rsquo;Espagne a connu la R\u00e9publique avant le r\u00e9gime franquiste. Nos parents se sont battus et ont d\u00fb se r\u00e9fugier ici. C&rsquo;est un devoir de m\u00e9moire\u00a0<\/i>\u00bb, affirme-t-il.<br \/>\nEn 1940, apr\u00e8s le d\u00e9part des Espagnols, les Allemands prennent officieusement l&rsquo;autorit\u00e9 du camp. L\u00e0, des juifs, des Tsiganes et des r\u00e9sistants y seront parqu\u00e9s. Ils savaient ce qui les attendait\u2009: Dachau, le camp d&rsquo;extermination dans l&rsquo;Allemagne nazie.<br \/>\nJos\u00e9-Luis Munoz, g\u00e9rant des \u00ab\u00a0\u2009Bacchantes\u2009\u00a0\u00bb \u00e0 Poitiers, l&rsquo;affirme\u2009: \u00ab\u00a0<i>Il faut des \u00e9v\u00e8nements comme celui-ci pour rappeler les horreurs de la guerre et faire en sorte que la paix soit sauvegard\u00e9e.\u00a0<\/i>\u00bb<\/p>\n<div class=\"infosAuteur\" style=\"text-align: justify\"><em><span class=\"nom_auteur\">A.Y.<\/span>, Nouvelle R\u00e9publique, 21 juillet 2014<\/em><\/div>\n","protected":false},"excerpt":{"rendered":"<p>Les r\u00e9fugi\u00e9s espagnols sortent de l&rsquo;oubli Il ne faut pas oublier. Partout la m\u00eame phrase r\u00e9sonne dans la foule. Hier matin, une cinquantaine de personnes se sont rendues \u00e0 l&rsquo;ancienne route de Limoges, l\u00e0 o\u00f9 s&rsquo;\u00e9rigeait le camp d&rsquo;internement des juifs et des Tsiganes en 1939. La st\u00e8le rappelle d\u00e9sormais la pr\u00e9sence des r\u00e9fugi\u00e9s espagnols &hellip; <a href=\"https:\/\/fa86.noblogs.org\/?p=11968\" class=\"more-link\">Continuer la lecture de <span class=\"screen-reader-text\">[Poitiers] Les r\u00e9fugi\u00e9s espagnols sortent de l&rsquo;oubli<\/span> <span class=\"meta-nav\">&rarr;<\/span><\/a><\/p>\n","protected":false},"author":2691,"featured_media":0,"comment_status":"closed","ping_status":"open","sticky":false,"template":"","format":"standard","meta":{"footnotes":""},"categories":[17],"tags":[],"class_list":["post-11968","post","type-post","status-publish","format-standard","hentry","category-education-populaire"],"_links":{"self":[{"href":"https:\/\/fa86.noblogs.org\/index.php?rest_route=\/wp\/v2\/posts\/11968","targetHints":{"allow":["GET"]}}],"collection":[{"href":"https:\/\/fa86.noblogs.org\/index.php?rest_route=\/wp\/v2\/posts"}],"about":[{"href":"https:\/\/fa86.noblogs.org\/index.php?rest_route=\/wp\/v2\/types\/post"}],"author":[{"embeddable":true,"href":"https:\/\/fa86.noblogs.org\/index.php?rest_route=\/wp\/v2\/users\/2691"}],"replies":[{"embeddable":true,"href":"https:\/\/fa86.noblogs.org\/index.php?rest_route=%2Fwp%2Fv2%2Fcomments&post=11968"}],"version-history":[{"count":1,"href":"https:\/\/fa86.noblogs.org\/index.php?rest_route=\/wp\/v2\/posts\/11968\/revisions"}],"predecessor-version":[{"id":11969,"href":"https:\/\/fa86.noblogs.org\/index.php?rest_route=\/wp\/v2\/posts\/11968\/revisions\/11969"}],"wp:attachment":[{"href":"https:\/\/fa86.noblogs.org\/index.php?rest_route=%2Fwp%2Fv2%2Fmedia&parent=11968"}],"wp:term":[{"taxonomy":"category","embeddable":true,"href":"https:\/\/fa86.noblogs.org\/index.php?rest_route=%2Fwp%2Fv2%2Fcategories&post=11968"},{"taxonomy":"post_tag","embeddable":true,"href":"https:\/\/fa86.noblogs.org\/index.php?rest_route=%2Fwp%2Fv2%2Ftags&post=11968"}],"curies":[{"name":"wp","href":"https:\/\/api.w.org\/{rel}","templated":true}]}}