{"id":11974,"date":"2014-07-22T09:13:34","date_gmt":"2014-07-22T07:13:34","guid":{"rendered":"http:\/\/fa86.noblogs.org\/?p=11974"},"modified":"2014-07-22T09:16:05","modified_gmt":"2014-07-22T07:16:05","slug":"chasseneuil-du-poitou-federal-mogul-dix-huit-salaries-convoques-devant-la-justice","status":"publish","type":"post","link":"https:\/\/fa86.noblogs.org\/?p=11974","title":{"rendered":"[Chasseneuil-du-Poitou] Federal Mogul : dix-huit salari\u00e9s convoqu\u00e9s devant la justice"},"content":{"rendered":"<p style=\"text-align: justify\"><em><strong>NdPN<\/strong> : malgr\u00e9 <a href=\"https:\/\/fa86.noblogs.org\/?p=11936\" target=\"_blank\">des options de lutte relativement sages vue la gravit\u00e9 de leur situation<\/a>\u00a0(tractages et manifs pacifiques,\u00a0demande r\u00e9p\u00e9t\u00e9e d&rsquo;un dialogue social), les salari\u00e9.e.s de Federal Mogul menac\u00e9s de licenciement avec indemnit\u00e9s ridicules\u00a0ont vu 18 d&rsquo;entre eux condamn\u00e9s par la justice pour l&rsquo;occupation pacifique (et tr\u00e8s temporaire) de l&rsquo;usine d&rsquo;Orl\u00e9ans, qui n&rsquo;a d&rsquo;ailleurs rien donn\u00e9&#8230; alors qu&rsquo;il ne s&rsquo;agit plus pour les salari\u00e9s que de demander une prime supra-l\u00e9gale. On peut penser ce qu&rsquo;on veut de l'(in)utilit\u00e9 sociale des pistons et des automobiles, de certains slogans douteux du type \u00ab\u00a0produire fran\u00e7ais\u00a0\u00bb, de certaines r\u00e9actions plus que limite vis-\u00e0-vis de routiers polonais crois\u00e9s sur le chemin de Paris&#8230; reste qu&rsquo;on ne peut que se sentir solidaire avec la col\u00e8re de ces salari\u00e9s, trait\u00e9s ni plus ni moins que comme de la merde.\u00a0Le m\u00e9pris de classe qu&rsquo;ils se prennent en pleine poire de la part des instances priv\u00e9es et publiques finira-t-il par les acculer \u00e0 d&rsquo;autres m\u00e9thodes de lutte ? On voit bien que le blocage de la production est ce qui fait r\u00e9ellement peur \u00e0 la direction !<\/em><\/p>\n<p style=\"text-align: justify\"><a href=\"http:\/\/www.lanouvellerepublique.fr\/Vienne\/Actualite\/Economie-social\/n\/Contenus\/Articles\/2014\/07\/22\/Federal-Mogul-dix-huit-salaries-convoques-devant-la-justice-1992000\" target=\"_blank\"><strong>Federal Mogul : dix-huit\u00a0salari\u00e9s convoqu\u00e9s devant la justice<\/strong><\/a><\/p>\n<p id=\"articleChapo\" style=\"text-align: justify\">Les deux journ\u00e9es de jeudi et vendredi derniers pass\u00e9es \u00e0 Orl\u00e9ans pour les salari\u00e9s de Federal Mogul se sont sold\u00e9es par un \u00e9chec. Dix-huit d\u2019entre eux ont \u00e9t\u00e9 convoqu\u00e9s par la justice.<\/p>\n<p style=\"text-align: justify\">La visite n&rsquo;\u00e9tait pas de courtoisie. Quatre-vingts salari\u00e9s du site poitevin de Federal Mogul sont all\u00e9s, jeudi et vendredi derniers, investir les locaux de l&rsquo;\u00e9tablissement du groupe am\u00e9ricain dans le Loiret, \u00e0 Saint-Jean-de-la-Ruelle, pr\u00e8s d&rsquo;Orl\u00e9ans, o\u00f9 est \u00e9galement implant\u00e9 le si\u00e8ge de l&rsquo;entreprise. Motif de ce rendez-vous de la derni\u00e8re chance\u2009: bloquer les coussinets (l&rsquo;entreprise fabrique des pistons de moteurs diesel) pour emp\u00eacher les commandes de partir. Et, surtout, faire pression sur la direction g\u00e9n\u00e9rale afin d&rsquo;obtenir la prime supra l\u00e9gale de 60.000\u2009\u20ac plus 2.000\u2009\u20ac par ann\u00e9e d&rsquo;anciennet\u00e9.<\/p>\n<div id=\"text\" style=\"text-align: justify\">\n<p>Le directeur Europe du groupe, alors \u00e0 Lyon, n&rsquo;a pas adh\u00e9r\u00e9 \u00e0 cette sortie par le haut\u2009: <i>\u00ab\u00a0Il nous a propos\u00e9 de venir \u00e0 Orl\u00e9ans et d&rsquo;entrer en n\u00e9gociation avec les instances repr\u00e9sentatives du personnel\u00a0\u00bb, <\/i>raconte un syndicaliste.<\/p>\n<p><b>\u00ab\u00a0\u2009Pas eu le temps de pr\u00e9parer notre d\u00e9fense\u2009\u00a0\u00bb<\/b><\/p>\n<p>Or, selon cet ouvrier, <i>\u00ab\u00a0cette r\u00e9union avait lieu en m\u00eame temps que la convocation en r\u00e9f\u00e9r\u00e9 devant le tribunal d&rsquo;instance de dix-huit de nos camarades\u2009: ils ont \u00e9t\u00e9 assign\u00e9s, vendredi\u00a013\u00a0heures, pour l&rsquo;audience de 14\u00a0heures. Nous n&rsquo;avons pas eu le temps de pr\u00e9parer notre d\u00e9fense ni de choisir un avocat.\u00a0\u00bb <\/i>R\u00e9sultat\u2009: les dix-huit salari\u00e9s ont \u00e9t\u00e9 condamn\u00e9s \u00e0 100\u2009\u20ac par injonction et par personne s&rsquo;ils ne quittaient pas les lieux du site orl\u00e9anais. <i>\u00ab\u00a0Nous sommes partis officiellement du site \u00e0 15\u00a0heures\u00a0\u00bb, <\/i>rapporte ce salari\u00e9 syndiqu\u00e9 \u00e0 la CGT.<br \/>\nLa direction de Federal Mogul propose, elle, quatre mois de salaires aux futurs licenci\u00e9s. <i>\u00ab\u00a0Nous allons nous battre pour obtenir cette prime supra l\u00e9gale, <\/i>assure le syndicaliste. <i>Aujourd&rsquo;hui, les instances repr\u00e9sentatives du personnel seront \u00e0 Chasseneuil-du-Poitou en pr\u00e9sence d&rsquo;experts que nous avons demand\u00e9s.\u00a0\u00bb<\/i><\/p>\n<\/div>\n<div class=\"infosAuteur\" style=\"text-align: justify\"><em><span class=\"nom_auteur\">Didier Monteil<\/span>, Nouvelle R\u00e9publique, 22 juillet 2014<\/em><\/div>\n","protected":false},"excerpt":{"rendered":"<p>NdPN : malgr\u00e9 des options de lutte relativement sages vue la gravit\u00e9 de leur situation\u00a0(tractages et manifs pacifiques,\u00a0demande r\u00e9p\u00e9t\u00e9e d&rsquo;un dialogue social), les salari\u00e9.e.s de Federal Mogul menac\u00e9s de licenciement avec indemnit\u00e9s ridicules\u00a0ont vu 18 d&rsquo;entre eux condamn\u00e9s par la justice pour l&rsquo;occupation pacifique (et tr\u00e8s temporaire) de l&rsquo;usine d&rsquo;Orl\u00e9ans, qui n&rsquo;a d&rsquo;ailleurs rien donn\u00e9&#8230; &hellip; <a href=\"https:\/\/fa86.noblogs.org\/?p=11974\" class=\"more-link\">Continuer la lecture de <span class=\"screen-reader-text\">[Chasseneuil-du-Poitou] Federal Mogul : dix-huit salari\u00e9s convoqu\u00e9s devant la justice<\/span> <span class=\"meta-nav\">&rarr;<\/span><\/a><\/p>\n","protected":false},"author":2691,"featured_media":0,"comment_status":"closed","ping_status":"open","sticky":false,"template":"","format":"standard","meta":{"footnotes":""},"categories":[8,9,16],"tags":[],"class_list":["post-11974","post","type-post","status-publish","format-standard","hentry","category-ecrits","category-la-rue-grogne","category-repression"],"_links":{"self":[{"href":"https:\/\/fa86.noblogs.org\/index.php?rest_route=\/wp\/v2\/posts\/11974","targetHints":{"allow":["GET"]}}],"collection":[{"href":"https:\/\/fa86.noblogs.org\/index.php?rest_route=\/wp\/v2\/posts"}],"about":[{"href":"https:\/\/fa86.noblogs.org\/index.php?rest_route=\/wp\/v2\/types\/post"}],"author":[{"embeddable":true,"href":"https:\/\/fa86.noblogs.org\/index.php?rest_route=\/wp\/v2\/users\/2691"}],"replies":[{"embeddable":true,"href":"https:\/\/fa86.noblogs.org\/index.php?rest_route=%2Fwp%2Fv2%2Fcomments&post=11974"}],"version-history":[{"count":3,"href":"https:\/\/fa86.noblogs.org\/index.php?rest_route=\/wp\/v2\/posts\/11974\/revisions"}],"predecessor-version":[{"id":11977,"href":"https:\/\/fa86.noblogs.org\/index.php?rest_route=\/wp\/v2\/posts\/11974\/revisions\/11977"}],"wp:attachment":[{"href":"https:\/\/fa86.noblogs.org\/index.php?rest_route=%2Fwp%2Fv2%2Fmedia&parent=11974"}],"wp:term":[{"taxonomy":"category","embeddable":true,"href":"https:\/\/fa86.noblogs.org\/index.php?rest_route=%2Fwp%2Fv2%2Fcategories&post=11974"},{"taxonomy":"post_tag","embeddable":true,"href":"https:\/\/fa86.noblogs.org\/index.php?rest_route=%2Fwp%2Fv2%2Ftags&post=11974"}],"curies":[{"name":"wp","href":"https:\/\/api.w.org\/{rel}","templated":true}]}}