{"id":11982,"date":"2014-07-23T08:54:07","date_gmt":"2014-07-23T06:54:07","guid":{"rendered":"http:\/\/fa86.noblogs.org\/?p=11982"},"modified":"2014-07-23T08:54:07","modified_gmt":"2014-07-23T06:54:07","slug":"poitiers-manif-des-salarie-e-s-de-ceit-loudun","status":"publish","type":"post","link":"https:\/\/fa86.noblogs.org\/?p=11982","title":{"rendered":"[Poitiers] Manif des salari\u00e9.e.s de CEIT Loudun"},"content":{"rendered":"<p style=\"text-align: justify\"><a href=\"http:\/\/www.lanouvellerepublique.fr\/Vienne\/Actualite\/Economie-social\/n\/Contenus\/Articles\/2014\/07\/23\/CEIT-Loudun-vers-une-probable-reprise-1992868http:\/\/www.lanouvellerepublique.fr\/Vienne\/Actualite\/Economie-social\/n\/Contenus\/Articles\/2014\/07\/23\/CEIT-Loudun-vers-une-probable-reprise-1992868\" target=\"_blank\"><strong>CEIT Loudun : vers une probable reprise<\/strong><\/a><\/p>\n<p id=\"articleChapo\" style=\"text-align: justify\">Rien n\u2019est fait. Le tribunal de commerce rendra son jugement vendredi en d\u00e9but d\u2019apr\u00e8s-midi. La soci\u00e9t\u00e9 loudunaise ne devrait pas \u00eatre mise en liquidation.<\/p>\n<p style=\"text-align: justify\">La moiti\u00e9 des salari\u00e9s de la Compagnie pour \u00e9quipement int\u00e9rieur des transports (CEIT) &#8211; environ 110\u00a0personnes\u00a0&#8211; a fait le d\u00e9placement, hier, \u00e0 Poitiers, pour attendre, en vain, le jugement du tribunal de commerce qui sera rendu publique vendredi \u00e0 14\u00a0heures.<\/p>\n<div id=\"text\" style=\"text-align: justify\">\n<p>A l&rsquo;ordre du jour de l&rsquo;audience de mardi, le gros dossier CEIT, une entreprise cr\u00e9\u00e9e en 1996\u00a0\u00e0 Loudun, sp\u00e9cialis\u00e9e dans les int\u00e9rieurs des wagons voyageurs, des m\u00e9tros, tramways et RER, en proie \u00e0 une gestion catastrophique qui l&rsquo;a conduite \u00e0 une mise en redressement judiciaire le 4\u00a0avril dernier.<\/p>\n<p><b>Cr\u00e9ation d&rsquo;une t\u00f4lerie \u00e0 Loudun<\/b><\/p>\n<p>Trois repreneurs \u00e9taient en lice\u2009: Finaero, Compain et Barat Group, un concurrent direct, install\u00e9 \u00e0 Saint-Aignan (Loir et Cher). Les deux premiers ont jet\u00e9 l&rsquo;\u00e9ponge, estimant que les conditions n&rsquo;\u00e9taient pas r\u00e9unies pour une bonne reprise. Restait Barat Group, \u00e9quipementier dans le domaine ferroviaire, une holding de cinq filiales, dirig\u00e9 par Christian Provost. Reposent sur ce dernier une partie de la survie de CEIT Loudun et le jugement du tribunal de commerce. Cette instance a le choix entre la solution loir et ch\u00e9rienne et la liquidation judiciaire.<br \/>\nIl semblerait que l&rsquo;on se dirige vers une reprise selon Sylvain Huguet, repr\u00e9sentant des salari\u00e9s pour CEIT SAS et CEIT Engenering (bureau d&rsquo;\u00e9tudes), qui a assist\u00e9 \u00e0 l&rsquo;audience\u2009: <i>\u00ab\u00a083\u00a0salari\u00e9s sur les 215\u00a0seraient repris, <\/i>a-t-il confi\u00e9 \u00e0 la sortie du tribunal, <i>le repreneur b\u00e9n\u00e9ficierait des brevets. Il garderait les b\u00e2timents \u00e0 Loudun en reprenant le cr\u00e9dit-bail dans l&rsquo;objectif de devenir propri\u00e9taire des locaux.\u00a0\u00bb <\/i><br \/>\nChristian Provost <i>\u00ab\u00a0cr\u00e9erait une t\u00f4lerie \u00e0 Loudun dans le cadre de cette reprise pour internaliser la sous-traitance\u00a0\u00bb, <\/i>a-t-il ajout\u00e9.<br \/>\nLe P-DG de Barat Group, qui s&rsquo;est exprim\u00e9 dans la cour du tribunal de commerce devant les salari\u00e9s, n&rsquo;a pas cach\u00e9 <i>\u00ab\u00a0la difficult\u00e9\u00a0\u00bb <\/i>du dossier CEIT, rappelant qu&rsquo;il avait r\u00e9ussi <i>\u00ab\u00a0\u00e0 passer de 65\u00a0\u00e0 83\u00a0salari\u00e9s\u00a0\u00bb. <\/i>Mais il a pr\u00e9venu\u2009: <i>\u00ab\u00a0Ma grande pr\u00e9occupation est de boucler l&rsquo;ann\u00e9e 2017, ce sera tr\u00e8s dur car nous n&rsquo;avons aucune commande de clients actuellement. Si je n&rsquo;en re\u00e7ois pas en juillet\u00a02015, je ne pourrais pas assurer du travail en 2017.\u00a0\u00bb <\/i>Une salari\u00e9e alors l&rsquo;interpelle\u2009: <i>\u00ab\u00a0Vous pensez \u00e0 votre soci\u00e9t\u00e9 mais avez-vous pens\u00e9 \u00e0 nos emplois\u2009? Nous avons travaill\u00e9 dur dans cette entreprise.\u00a0\u00bb <\/i>Christian Provost s&rsquo;est engag\u00e9 \u00e0 mettre <i>\u00ab\u00a0tout en <\/i>\u0153uvre\u00a0<i>\u00bb <\/i>avant d&rsquo;expliquer \u00ab<i>\u00a0qu&rsquo;il y a des risques que je ne peux pas prendre.\u00a0Je suis responsable et ne peux pas aller au-del\u00e0 de mes engagements aupr\u00e8s des banques. Il faut arriver \u00e0 l&rsquo;\u00e9quilibre.\u00a0\u00bb<\/i><\/p>\n<p><b>\u00ab\u00a0\u200983\u00a0personnes, c&rsquo;est mieux que rien.\u2009\u00a0\u00bb<\/b><\/p>\n<p>Du c\u00f4t\u00e9 de la CGT, on ne comprend pas, Isabelle Pr\u00e9vost, d\u00e9l\u00e9gu\u00e9e syndical, rappelle un carnet de commandes rempli pour <i>\u00ab\u00a030\u00a0millions d&rsquo;euros\u00a0\u00bb. <\/i>La syndicaliste, qui<i> <\/i>rejette sur les diff\u00e9rentes directions CEIT des fautes de <i>\u00ab\u00a0gestion de la tr\u00e9sorerie et d&rsquo;organisation du travail\u00a0&#8211; nous avons obtenu des gros march\u00e9s \u00e0 perte\u00a0\u00bb, <\/i>souhaite, \u00e0 titre personnel, une liquidation judiciaire <i>\u00ab\u00a0pour ne pas faire le jeu des magouilles du repreneur\u00a0\u00bb. <\/i><br \/>\nUne ligne qui n&rsquo;est pas celle du syndicat CFE CGC, d\u00e9plorant la seule offre et l&rsquo;absence de choix malgr\u00e9 les nombreuses rencontres avec les repr\u00e9sentants de l&rsquo;\u00c9tat et les politiques mais affiche leur soutien au nouveau repreneur\u2009: <i>\u00ab\u00a083\u00a0personnes, c&rsquo;est mieux que rien.\u00a0\u00bb <\/i>Mais l&rsquo;UD CGT n&rsquo;en d\u00e9mord pas\u2009; <i>\u00ab\u00a0Barat est venu chercher le carnet de commandes\u00a0\u00bb, <\/i>estime Catherine Giraud.<br \/>\nR\u00e9ponse vendredi.<\/p>\n<\/div>\n<div class=\"infosAuteur\" style=\"text-align: justify\"><em><span class=\"nom_auteur\"> Didier Monteil<\/span>, Nouvelle R\u00e9publique, 23 juillet 2014<\/em><\/div>\n","protected":false},"excerpt":{"rendered":"<p>CEIT Loudun : vers une probable reprise Rien n\u2019est fait. Le tribunal de commerce rendra son jugement vendredi en d\u00e9but d\u2019apr\u00e8s-midi. La soci\u00e9t\u00e9 loudunaise ne devrait pas \u00eatre mise en liquidation. La moiti\u00e9 des salari\u00e9s de la Compagnie pour \u00e9quipement int\u00e9rieur des transports (CEIT) &#8211; environ 110\u00a0personnes\u00a0&#8211; a fait le d\u00e9placement, hier, \u00e0 Poitiers, pour &hellip; <a href=\"https:\/\/fa86.noblogs.org\/?p=11982\" class=\"more-link\">Continuer la lecture de <span class=\"screen-reader-text\">[Poitiers] Manif des salari\u00e9.e.s de CEIT Loudun<\/span> <span class=\"meta-nav\">&rarr;<\/span><\/a><\/p>\n","protected":false},"author":2691,"featured_media":0,"comment_status":"closed","ping_status":"open","sticky":false,"template":"","format":"standard","meta":{"footnotes":""},"categories":[9],"tags":[],"class_list":["post-11982","post","type-post","status-publish","format-standard","hentry","category-la-rue-grogne"],"_links":{"self":[{"href":"https:\/\/fa86.noblogs.org\/index.php?rest_route=\/wp\/v2\/posts\/11982","targetHints":{"allow":["GET"]}}],"collection":[{"href":"https:\/\/fa86.noblogs.org\/index.php?rest_route=\/wp\/v2\/posts"}],"about":[{"href":"https:\/\/fa86.noblogs.org\/index.php?rest_route=\/wp\/v2\/types\/post"}],"author":[{"embeddable":true,"href":"https:\/\/fa86.noblogs.org\/index.php?rest_route=\/wp\/v2\/users\/2691"}],"replies":[{"embeddable":true,"href":"https:\/\/fa86.noblogs.org\/index.php?rest_route=%2Fwp%2Fv2%2Fcomments&post=11982"}],"version-history":[{"count":1,"href":"https:\/\/fa86.noblogs.org\/index.php?rest_route=\/wp\/v2\/posts\/11982\/revisions"}],"predecessor-version":[{"id":11983,"href":"https:\/\/fa86.noblogs.org\/index.php?rest_route=\/wp\/v2\/posts\/11982\/revisions\/11983"}],"wp:attachment":[{"href":"https:\/\/fa86.noblogs.org\/index.php?rest_route=%2Fwp%2Fv2%2Fmedia&parent=11982"}],"wp:term":[{"taxonomy":"category","embeddable":true,"href":"https:\/\/fa86.noblogs.org\/index.php?rest_route=%2Fwp%2Fv2%2Fcategories&post=11982"},{"taxonomy":"post_tag","embeddable":true,"href":"https:\/\/fa86.noblogs.org\/index.php?rest_route=%2Fwp%2Fv2%2Ftags&post=11982"}],"curies":[{"name":"wp","href":"https:\/\/api.w.org\/{rel}","templated":true}]}}