{"id":12018,"date":"2014-08-06T10:41:29","date_gmt":"2014-08-06T08:41:29","guid":{"rendered":"http:\/\/fa86.noblogs.org\/?p=12018"},"modified":"2014-08-08T12:09:54","modified_gmt":"2014-08-08T10:09:54","slug":"israel-palestine-monde-entier-a-propos-dune-offensive-etatiste-contre-le-proletariat","status":"publish","type":"post","link":"https:\/\/fa86.noblogs.org\/?p=12018","title":{"rendered":"[Isra\u00ebl, Palestine&#8230; monde entier] \u00e0 propos d&rsquo;une offensive \u00e9tatiste contre le prol\u00e9tariat"},"content":{"rendered":"<p align=\"JUSTIFY\"><strong>\u00e0 propos d&rsquo;une offensive \u00e9tatiste contre le prol\u00e9tariat<\/strong><br \/>\n&#8211; <a href=\"https:\/\/fa86.noblogs.org\/files\/2014\/08\/gaza.pdf\">t\u00e9l\u00e9charger ce tract au format PDF<\/a> &#8211;<\/p>\n<p align=\"JUSTIFY\">Le blocus, l&rsquo;occupation et les meurtres massifs perp\u00e9tr\u00e9s par l&rsquo;Etat d&rsquo;Isra\u00ebl dans les territoires palestiniens sont expliqu\u00e9s et comment\u00e9s depuis des semaines selon des analyses communautaires, voire \u00ab\u00a0ethniques\u00a0\u00bb, religieuses et nationales, prenant plus ou moins tacitement parti &#8211; soit pour l&rsquo;Etat d&rsquo;Isra\u00ebl, soit pour un Etat palestinien. Ces analyses tronqu\u00e9es, qui identifient les populations \u00e0 des communaut\u00e9s essentialis\u00e9es, \u00e0 des nations, et bien \u00e9videmment \u00e0 \u00ab\u00a0leurs repr\u00e9sentants\u00a0\u00bb au pouvoir, se contentent bien souvent de n&rsquo;aborder que les questions religieuses, identitaires, de d\u00e9noncer le racisme ou l&rsquo;antis\u00e9mitisme, de condamner une \u00ab\u00a0nation\u00a0\u00bb en particulier. Or, par le fait m\u00eame qu&rsquo;elles nourrissent l&rsquo;id\u00e9e de \u00ab\u00a0communaut\u00e9s\u00a0\u00bb \u00e9tanches, tout en avan\u00e7ant sous le masque de la paix sociale, elles ne font que renforcer la haine.<\/p>\n<p align=\"JUSTIFY\">Dans ces \u00e9v\u00e9nements, peu voire pas d&rsquo;analyse critique du capitalisme et de l&rsquo;institution \u00e9tatique, y compris \u00e0 gauche. L&rsquo;oblit\u00e9ration de toute analyse de classe fait le jeu des nationalistes, politicards et fachos de tout poil, qui ne proposent de \u00ab\u00a0solution\u00a0\u00bb qu&rsquo;\u00e9tatistes et interclassistes. D\u00e8s lors, comment s&rsquo;\u00e9tonner des ces indignations et flashmobs, compr\u00e9hensibles mais inop\u00e9rantes, appelant Palestiniens et Isra\u00ebliens \u00e0 vivre en paix (comme si c&rsquo;\u00e9tait la faute \u00e0 une \u00ab\u00a0haine entre les peuples\u00a0\u00bb ! ). Tant que les responsabilit\u00e9s du capitalisme et de l&rsquo;institution \u00e9tatique, l\u00e0-bas comme ici, ne seront pas clairement point\u00e9es, la confusion pr\u00e9vaudra et avec cette confusion, le risque de glissements vers des discours fascisants aussi imb\u00e9ciles que nocifs pour nous tous.<\/p>\n<p align=\"JUSTIFY\">Alors que la premi\u00e8re guerre mondiale \u00e9clatait il y a un si\u00e8cle pour des raisons bien autres qu&rsquo;une simple haine pour les habitants d&rsquo;outre-Rhin, les gouvernements versent des larmes de crocodiles sur la \u00ab\u00a0folie meurtri\u00e8re\u00a0\u00bb et la \u00ab\u00a0haine\u00a0\u00bb, lors de c\u00e9r\u00e9monies cyniques de comm\u00e9moration. C&rsquo;est faire peu de cas des causes objectives de cette boucherie pour les Etats bellig\u00e9rants et leurs alli\u00e9s capitalistes, \u00e0 savoir la lutte pour l&#8217;emprise coloniale, la hausse du prix des mati\u00e8res premi\u00e8res, le manque de d\u00e9bouch\u00e9s industriels, la baisse tendancielle du profit, la course \u00e0 l&rsquo;armement, sans oublier les contestations r\u00e9volutionnaires de plus en plus structur\u00e9es en Europe, mena\u00e7ant directement \u00e0 l&rsquo;\u00e9poque les \u00e9difices \u00e9tatiques&#8230; bref, ce sont toutes les contradictions du capitalisme r\u00e9unies qui ont men\u00e9 droit \u00e0 la guerre. Guerre permettant de relancer l&rsquo;\u00e9conomie par l&rsquo;armement, par la destruction de main-d&rsquo;oeuvre surnum\u00e9raire, par l&rsquo;appropriation brutale de territoires et de march\u00e9s, par le march\u00e9 de la\u00a0reconstruction. La machine capitaliste \u00e9tait relanc\u00e9e, menant inexorablement \u00e0 d&rsquo;autres boucheries, d&rsquo;une ampleur plus grande encore.<\/p>\n<p align=\"JUSTIFY\">Or derri\u00e8re l&rsquo;offensive isra\u00eblienne permanente sur les territoires palestiniens, ce sont toujours des enjeux de profit et de pouvoir qui pr\u00e9sident \u00e0 la guerre. Depuis toujours, les territoires palestiniens constituent un enjeu \u00e9nerg\u00e9tique important : ils sont dot\u00e9s de r\u00e9serves de gaz importantes (notamment le gisement de Gaza Marine au large de Gaza), sur lesquelles lorgnent aussi bien les politicards locaux (Isra\u00ebl, Autorit\u00e9 palestinienne et Hamas) que ceux des Etats-Unis, du Royaume-Uni et de la Russie, dans l&rsquo;int\u00e9r\u00eat direct de leurs alli\u00e9s capitalistes respectifs. Par ailleurs, la Palestine est aussi dot\u00e9e de r\u00e9serves d&rsquo;eau qui ont de plus en plus de valeur dans cette r\u00e9gion de la plan\u00e8te (Cisjordanie en particulier). Enfin, depuis des ann\u00e9es, les salons militaires internationaux confirment que le massacre des civils constitue une vitrine exceptionnelle pour la promotion d&rsquo;engins de mort. L&rsquo;armement de Tsahal est un business extr\u00eamement lucratif, et la bande de Gaza rien moins qu&rsquo;une zone d&rsquo;essai militaire en terrain r\u00e9el. Comme toujours, des prolos qui ne demandent qu&rsquo;\u00e0 ce qu&rsquo;on leur foute la paix sont massacr\u00e9s sur l&rsquo;autel du fric.<\/p>\n<p align=\"JUSTIFY\">Si ces v\u00e9ritables raisons du \u00ab\u00a0conflit\u00a0\u00bb, obstacles \u00e0 toutes les d\u00e9clarations d&rsquo;intention, sont bien connues, les gouvernements et les journalistes en parlent bien peu, pr\u00e9f\u00e9rant jouer sur la tension. Car au-del\u00e0 d&rsquo;int\u00e9r\u00eats financiers, cette politique agressive permet aussi de contenir les r\u00e9voltes sociales, en Isra\u00ebl&#8230; comme ailleurs. Le capitalisme est une dynamique d&rsquo;oppression sociale, men\u00e9e aussi bien \u00e0 l&rsquo;ext\u00e9rieur qu&rsquo;\u00e0 l&rsquo;int\u00e9rieur des Etats, o\u00f9 les in\u00e9galit\u00e9s de classes ne cessent de se creuser. N&rsquo;oublions pas que derri\u00e8re le mirage \u00e9conomique, l&rsquo;Etat d&rsquo;Isra\u00ebl conna\u00eet les pires in\u00e9galit\u00e9s sociales de l&rsquo;OCDE. Face \u00e0 la mont\u00e9e des mouvements sociaux suscit\u00e9s par les in\u00e9galit\u00e9s sociales qu&rsquo;il ent\u00e9rine par sa fid\u00e8le gestion du capitalisme, l&rsquo;Etat d&rsquo;Isra\u00ebl nourrit le nationalisme, ni plus ni moins que les autres Etats.<\/p>\n<p align=\"JUSTIFY\">Le nationalisme, ennemi mortel des prol\u00e9taires, consiste, pour un Etat ou des aspirants au pouvoir d&rsquo;Etat, \u00e0 d\u00e9signer un ennemi commun, ce qui permet de susciter une unit\u00e9 nationale fictive sous laquelle les \u00ab\u00a0citoyens\u00a0\u00bb devraient se ranger. Exit la domination de classe, exit l&rsquo;exploitation capitaliste : l&rsquo;ennemi est d\u00e9sormais l&rsquo;autre, l&rsquo;\u00e9tranger. Le gouvernement isra\u00eblien, pour justifier ses exactions permanentes, n&rsquo;h\u00e9site pas \u00e0 recourir \u00e0 des discours racistes et assimile \u00ab\u00a0les Palestiniens\u00a0\u00bb au Hamas et au \u00ab\u00a0terrorisme\u00a0\u00bb. Le Hamas, alors qu&rsquo;il comptait de moins en partisans avant le conflit, fait de m\u00eame en d\u00e9signant \u00ab\u00a0les Isra\u00e9liens\u00a0\u00bb comme ennemis irr\u00e9ductibles, avec ses fondamentaux antis\u00e9mites \u00e0 vomir. Hamas et Etat isra\u00eblien tentent ainsi de faire l&rsquo;unit\u00e9 derri\u00e8re eux aupr\u00e8s des populations qu&rsquo;ils oppriment tout en pr\u00e9tendant les d\u00e9fendre, en recourant \u00e0 la vieille ficelle ind\u00e9modable de la haine. Les politicards d&rsquo;Isra\u00ebl et de Palestine, en se faisant la \u00ab\u00a0guerre\u00a0\u00bb, renforcent mutuellement leur influence, tentant de juguler leur perte de cr\u00e9dibilit\u00e9 aupr\u00e8s des prol\u00e9taires en les divisant par la vieille strat\u00e9gie mortif\u00e8re du nationalisme. Bien loin de servir la cause des prolos de cette r\u00e9gion, les gouvernements et les partis aspirant \u00e0 exercer le pouvoir, de part et d&rsquo;autres des fronti\u00e8res trac\u00e9es dans le sang et la d\u00e9possession, ont prouv\u00e9 depuis longtemps qu&rsquo;ils n&rsquo;ont aucune piti\u00e9 quand il s&rsquo;agit de r\u00e9primer les mouvements sociaux.<\/p>\n<p align=\"JUSTIFY\">Bien loin de r\u00e9gler ce \u00ab\u00a0conflit\u00a0\u00bb, les \u00ab\u00a0soutiens\u00a0\u00bb divers de nombre de partis politiques, en France et ailleurs, ne font trop souvent que l&rsquo;\u00e9tendre en surfant sur les analyses nationalistes et sur la col\u00e8re, pour placer leur critique sur le m\u00eame terrain que ces rapaces brandissant des drapeaux et des armes d&rsquo;une main contre \u00ab\u00a0l&rsquo;ennemi\u00a0\u00bb, exploitant et r\u00e9primant les prolos de l&rsquo;autre. Les positions des divers Etats du monde \u00e0 propos de ces \u00e9v\u00e9nements sont toutes \u00e9galement r\u00e9pugnantes. Tous les Etats sont fond\u00e9s sur la violence, l&rsquo;expropriation et l&rsquo;occupation de l&rsquo;espace, et la stigmatisation d&rsquo;ennemis int\u00e9rieurs et ext\u00e9rieurs. Le jeune Etat d&rsquo;Isra\u00ebl n&rsquo;a, \u00e0 ce titre, qu&rsquo;un palmar\u00e8s historique sanglant encore bien limit\u00e9 par rapport \u00e0 celui de la France. En France, d&rsquo;ailleurs, ces \u00e9v\u00e9nements sont une nouvelle occasion pour l&rsquo;Etat de renforcer ses dispositifs d&rsquo;oppression\/r\u00e9pression avec de nouvelles lois \u00ab\u00a0antiterroristes\u00a0\u00bb, avec le renforcement des op\u00e9rations militaires ext\u00e9rieures (\u00ab\u00a0antiterroristes\u00a0\u00bb elles aussi, bien s\u00fbr), avec la banalisation de l&rsquo;interdiction des manifs de solidarit\u00e9, avec la stigmatisation des musulmans et la chasse aux immigr\u00e9s, le tout suintant le m\u00e9pris de classe. La division par la peur a toujours \u00e9t\u00e9 la signature arm\u00e9e des monstres qui pr\u00e9tendent nous gouverner.<\/p>\n<p align=\"JUSTIFY\">Or en France on ne voit pas beaucoup, y compris \u00e0 gauche, de partis parmi ceux qui condamnent \u00ab\u00a0Isra\u00ebl\u00a0\u00bb (omettant de dire \u00ab\u00a0Etat d&rsquo;Isra\u00ebl\u00a0\u00bb) d\u00e9noncer l&rsquo;histoire et l&rsquo;actualit\u00e9 des politiques coloniales que m\u00e8ne l&rsquo;Etat fran\u00e7ais, lui aussi au nom de la lutte contre le \u00ab\u00a0terrorisme\u00a0\u00bb. Alors que la d\u00e9nonciation de tous les Etats devrait pr\u00e9valoir chez les r\u00e9volutionnaires, la condamnation d&rsquo;un Etat en particulier, l&rsquo;Etat isra\u00eblien, pose question. Quid des exactions sur des populations civiles men\u00e9es actuellement par de nombreux autres Etats du monde ? La condamnation de l&rsquo;Etat d&rsquo;Isra\u00ebl devrait aller avec celle de tous les Etats, en commen\u00e7ant par celui qui nous concerne en premier lieu, l&rsquo;Etat fran\u00e7ais. Qui m\u00e9riterait tout autant, par ses gages en mati\u00e8re d&rsquo;\u00e9crasement des pauvres d&rsquo;ici et d&rsquo;ailleurs, \u00ab\u00a0le boycott, le d\u00e9sinvestissement et les sanctions\u00a0\u00bb ! Si l&rsquo;antis\u00e9mitisme est le socialisme des imb\u00e9ciles, nous ferions bien de faire preuve de plus de vigilance quant au concept d&rsquo; \u00ab\u00a0antisionisme\u00a0\u00bb, terme qui \u00e9lude ou amalgame la diversit\u00e9 historique des sionismes et fait l&rsquo;impasse sur la lutte n\u00e9cessaire contre TOUS les Etats.<\/p>\n<p align=\"JUSTIFY\">Aucune alliance avec les nationalistes quels qu&rsquo;ils soient, alli\u00e9s objectifs du capitalisme qui toujours se retournent contre nous. La meilleure fa\u00e7on de construire l&rsquo;\u00e9mancipation, l&rsquo;autonomie et une solidarit\u00e9 assez forte pour faire reculer le racisme et l&rsquo;antis\u00e9mitisme, ne passe pas par des appels hypocrites et confus \u00e0 \u00ab\u00a0la paix\u00a0\u00bb, mais par la lutte solidaire et antinationaliste, l\u00e0 o\u00f9 nous nous trouvons, contre nos v\u00e9ritables adversaires communs : les capitalistes et les gouvernants du monde entier, qui tentent partout de nous diviser pour mieux nous asservir. Nous n&rsquo;y parviendrons qu&rsquo;en organisant et en f\u00e9d\u00e9rant par nous-m\u00eames, loin des partis et des illusions \u00e9tatistes, nos luttes et nos alternatives.<\/p>\n<p align=\"JUSTIFY\"><em>Des anarchistes de Poitiers, 5 ao\u00fbt 2014<\/em><\/p>\n","protected":false},"excerpt":{"rendered":"<p>\u00e0 propos d&rsquo;une offensive \u00e9tatiste contre le prol\u00e9tariat &#8211; t\u00e9l\u00e9charger ce tract au format PDF &#8211; Le blocus, l&rsquo;occupation et les meurtres massifs perp\u00e9tr\u00e9s par l&rsquo;Etat d&rsquo;Isra\u00ebl dans les territoires palestiniens sont expliqu\u00e9s et comment\u00e9s depuis des semaines selon des analyses communautaires, voire \u00ab\u00a0ethniques\u00a0\u00bb, religieuses et nationales, prenant plus ou moins tacitement parti &#8211; soit &hellip; <a href=\"https:\/\/fa86.noblogs.org\/?p=12018\" class=\"more-link\">Continuer la lecture de <span class=\"screen-reader-text\">[Isra\u00ebl, Palestine&#8230; monde entier] \u00e0 propos d&rsquo;une offensive \u00e9tatiste contre le prol\u00e9tariat<\/span> <span class=\"meta-nav\">&rarr;<\/span><\/a><\/p>\n","protected":false},"author":2691,"featured_media":0,"comment_status":"closed","ping_status":"open","sticky":false,"template":"","format":"standard","meta":{"footnotes":""},"categories":[8,11],"tags":[],"class_list":["post-12018","post","type-post","status-publish","format-standard","hentry","category-ecrits","category-ni-patrie-ni-frontiere"],"_links":{"self":[{"href":"https:\/\/fa86.noblogs.org\/index.php?rest_route=\/wp\/v2\/posts\/12018","targetHints":{"allow":["GET"]}}],"collection":[{"href":"https:\/\/fa86.noblogs.org\/index.php?rest_route=\/wp\/v2\/posts"}],"about":[{"href":"https:\/\/fa86.noblogs.org\/index.php?rest_route=\/wp\/v2\/types\/post"}],"author":[{"embeddable":true,"href":"https:\/\/fa86.noblogs.org\/index.php?rest_route=\/wp\/v2\/users\/2691"}],"replies":[{"embeddable":true,"href":"https:\/\/fa86.noblogs.org\/index.php?rest_route=%2Fwp%2Fv2%2Fcomments&post=12018"}],"version-history":[{"count":4,"href":"https:\/\/fa86.noblogs.org\/index.php?rest_route=\/wp\/v2\/posts\/12018\/revisions"}],"predecessor-version":[{"id":12024,"href":"https:\/\/fa86.noblogs.org\/index.php?rest_route=\/wp\/v2\/posts\/12018\/revisions\/12024"}],"wp:attachment":[{"href":"https:\/\/fa86.noblogs.org\/index.php?rest_route=%2Fwp%2Fv2%2Fmedia&parent=12018"}],"wp:term":[{"taxonomy":"category","embeddable":true,"href":"https:\/\/fa86.noblogs.org\/index.php?rest_route=%2Fwp%2Fv2%2Fcategories&post=12018"},{"taxonomy":"post_tag","embeddable":true,"href":"https:\/\/fa86.noblogs.org\/index.php?rest_route=%2Fwp%2Fv2%2Ftags&post=12018"}],"curies":[{"name":"wp","href":"https:\/\/api.w.org\/{rel}","templated":true}]}}