{"id":12032,"date":"2014-09-01T09:10:38","date_gmt":"2014-09-01T07:10:38","guid":{"rendered":"http:\/\/fa86.noblogs.org\/?p=12032"},"modified":"2014-09-01T09:10:38","modified_gmt":"2014-09-01T07:10:38","slug":"deux-tracts-syndicaux-pour-la-rentree-scolaire","status":"publish","type":"post","link":"https:\/\/fa86.noblogs.org\/?p=12032","title":{"rendered":"Deux tracts syndicaux pour la rentr\u00e9e scolaire"},"content":{"rendered":"<p style=\"text-align: justify\"><a href=\"http:\/\/www.sudeducation.org\/Celle-qui-a-stoppe-les-ABCD-de-l.html\" target=\"_blank\"><strong>Celle qui a stopp\u00e9 les ABCD de l\u2019\u00e9galit\u00e9 nomm\u00e9e Ministre de l\u2019\u00c9ducation, une rentr\u00e9e aux rythmes de l\u2019aust\u00e9rit\u00e9<\/strong><\/a><\/p>\n<p style=\"text-align: justify\">Communiqu\u00e9 de la f\u00e9d\u00e9ration SUD \u00e9ducation du 26 ao\u00fbt 2014<\/p>\n<div class=\"chapo\" style=\"text-align: justify\">\n<p><strong>Nous ne regretterons ni Peillon, ni Hamon. Et la nomination de Najat Vallaud-Belkacem comme Ministre de l\u2019\u00c9ducation Nationale ne donne pas un bon signe<\/strong>\u00a0: c\u2019est elle, en tant que Ministre du droit des femmes (!), qui avait d\u00e9fendu l\u2019arr\u00eat des ABCD de l\u2019\u00e9galit\u00e9 pour r\u00e9pondre \u00e0 l\u2019agitation r\u00e9actionnaire suscit\u00e9e par ce dispositif promouvant l\u2019\u00e9galit\u00e9 des sexes.<\/p>\n<p><strong>Plus g\u00e9n\u00e9ralement, le changement de gouvernement ne changera rien sur le fond<\/strong>, la condition pour faire partie du nouveau gouvernement \u00e9tant d\u2019\u00eatre totalement en phase avec la ligne lib\u00e9rale du duo Valls\/Hollande. D\u2019ailleurs, Pierre Gattaz, le Pr\u00e9sident du MEDEF, s\u2019est dit tr\u00e8s satisfait du remaniement et affirme que \u00ab\u00a0<i>C\u2019est une bonne d\u00e9cision<\/i>\u00a0\u00bb\u2026<\/p>\n<\/div>\n<div class=\"texte\" style=\"text-align: justify\">\n<p><strong>La Valls Hollandaise se danse sur un rythme particulier\u00a0: 3 pas en arri\u00e8re pour le plus grand nombre, 2 pas en avant pour les plus riches.<\/strong> L\u2019aust\u00e9rit\u00e9 est bien illustr\u00e9e par le \u00ab\u00a0pacte de responsabilit\u00e9\u00a0\u00bb\u00a0: moins 50 milliards de d\u00e9penses publiques (services publics, collectivit\u00e9s, s\u00e9curit\u00e9 sociale) et un cadeau suppl\u00e9mentaire de 30 milliards au patronat. Antisociaux et \u00e9conomiquement contreproductifs, les effets bluesy de cette politique se sont encore manifest\u00e9s cet \u00e9t\u00e9. Alors que la courbe du ch\u00f4mage refuse opini\u00e2trement d\u2019op\u00e9rer un demi-flip et que la sacrosainte croissance fait un moon-walk, les dividendes vers\u00e9s aux actionnaires des entreprises fran\u00e7aises ont fait un saut de chat de 30% au second trimestre. Affirmer que cette politique ne \u00ab\u00a0marche\u00a0\u00bb pas c\u2019est se tromper de musique\u00a0; elle a l\u2019effet recherch\u00e9\u00a0: un transfert de toujours plus de richesses vers les plus riches.<\/p>\n<p><strong>Dans l\u2019\u00c9ducation, M\u00e9diapart a rendu publique une petite bombe d\u00e9but juillet\u00a0: le \u00ab\u00a0dossier ministre\u00a0\u00bb<\/strong> remis par l\u2019administration \u2013 en particulier la Degesco (direction g\u00e9n\u00e9rale des affaires scolaires) \u2013 \u00e0 B. Hamon au moment de sa prise de fonction, pour le tenir inform\u00e9 en r\u00e9sum\u00e9 de l\u2019\u00e9tat du minist\u00e8re et des politiques en cours. Sur le budget et les postes, c\u2019est \u00e9clairant. Enfin, ce sera \u00e9clairant pour qui accorde peu de cr\u00e9dit au discours syndical que nous tenons depuis le d\u00e9but du processus dit de \u00ab\u00a0refondation\u00a0\u00bb\u00a0; pour les autres il ne s\u2019agira que de confirmations.<\/p>\n<p><strong>La Degesco explique ainsi que les postes cr\u00e9\u00e9s ne permettent pas de faire face \u00e0 la croissance d\u00e9mographique et \u00e0 la restauration d\u2019une ann\u00e9e de formation professionnelle.<\/strong> Elle confirme qu\u2019en 2013, les \u00ab\u00a0cr\u00e9ations de postes\u00a0\u00bb n\u2019ont eu aucun effet sur le ratio entre nombre d\u2019enseignant-e-s et nombre d\u2019\u00e9l\u00e8ves. Elle pr\u00e9voit qu\u2019en 2014 cela va \u00eatre encore pire. Dans le secondaire l\u2019\u00e9quivalent de 1000 emplois en heures suppl\u00e9mentaires sont pr\u00e9vus pour faire face aux besoins non satisfaits par des postes. Et la baisse continue des cr\u00e9dits de fonctionnement au primaire se poursuit, avec en premi\u00e8re ligne les frais de d\u00e9placements.<\/p>\n<p><strong>Sur le quinquennat, la Dgesco explique que la programmation de + 60000 postes pr\u00e9vue par la loi de \u00ab\u00a0refondation\u00a0\u00bb ne sera pas r\u00e9alis\u00e9e. <\/strong> Il manquera 3200 postes de professeur-e-s des \u00e9coles. Dans le second degr\u00e9 c\u2019est le recours aux contrats pr\u00e9caires qui essaiera de colmater les manques mais cela ne suffira m\u00eame pas\u00a0: d\u2019ici 2017, pour simplement maintenir le taux d\u2019encadrement, il faudrait dans le secondaire 11608 emplois suppl\u00e9mentaires alors que seulement 6280 sont financ\u00e9s. Soit un d\u00e9ficit de 5328. Rien n\u2019est pr\u00e9vu pour faire face \u00e0 l\u2019accroissement du nombre d\u2019\u00e9l\u00e8ves en termes de postes de surveillant-e-s, CPE, infirmier-e-s, etc. Au passage, on apprend que le minist\u00e8re a bien l\u2019intention de cr\u00e9er un statut \u00e0 part pour les directeurs et directrices d\u2019\u00e9cole, avec d\u00e8s 2015 des cr\u00e9ations d\u2019emplois de direction au primaire.<\/p>\n<p><strong>C\u2019est dans ce contexte qu\u2019il faut replacer la r\u00e9forme des rythmes scolaires dans les \u00e9coles<\/strong>, dont la mise en \u0153uvre va se g\u00e9n\u00e9raliser en cette rentr\u00e9e, avec des effets qui sont d\u00e9j\u00e0 connus\u00a0: conditions de travail d\u00e9grad\u00e9es, \u00e9l\u00e8ves toujours plus d\u00e9sorient\u00e9s et fatigu\u00e9s, in\u00e9galit\u00e9s accrues. L\u2019exemple de Nice est peut-\u00eatre caricatural, il n\u2019en est pas moins parlant\u00a0: le maire UMP\/droite extr\u00eame Estrosi a tarif\u00e9 le p\u00e9riscolaire \u00e0 15 euros par mois et par enfant, sans progressivit\u00e9 ni quotient familial. Rien dans la r\u00e9forme Peillon+Hamon ne l\u2019interdit\u00a0!<\/p>\n<p><strong>La priorit\u00e9 de cette rentr\u00e9e est donc de construire la mobilisation contre les politiques d\u2019aust\u00e9rit\u00e9, pour un autre budget (pour l\u2019\u00e9cole publique et pour toute la soci\u00e9t\u00e9), pour un autre usage des richesses, qui sont produites par les salari\u00e9-e-s. <\/strong> L\u2019aust\u00e9rit\u00e9, c\u2019est nous et nos \u00e9l\u00e8ves qui la payons (conditions de travail d\u00e9grad\u00e9es, nombre trop \u00e9lev\u00e9 d\u2019\u00e9l\u00e8ves par classe, d\u00e9doublements supprim\u00e9s, concurrence entre \u00e9quipes, entre \u00e9coles, coll\u00e8ges et lyc\u00e9es pour obtenir des miettes\u2026).<\/p>\n<h3 class=\"spip\">Pour obtenir les moyens n\u00e9cessaires \u00e0 une ann\u00e9e scolaire d\u00e9cente, SUD \u00e9ducation appelle l\u2019ensemble des coll\u00e8gues \u00e0\u00a0:<br \/>\n<img loading=\"lazy\" decoding=\"async\" class=\"puce\" src=\"http:\/\/www.sudeducation.org\/local\/cache-vignettes\/L8xH11\/puce-32883.gif\" alt=\"-\" width=\"8\" height=\"11\" \/>\u00a0Se r\u00e9unir en AG d\u2019\u00e9tablissements et de villes d\u00e8s le jour de la pr\u00e9-rentr\u00e9e<br \/>\n<img loading=\"lazy\" decoding=\"async\" class=\"puce\" src=\"http:\/\/www.sudeducation.org\/local\/cache-vignettes\/L8xH11\/puce-32883.gif\" alt=\"-\" width=\"8\" height=\"11\" \/>\u00a0Mettre en d\u00e9bat dans les AG la question des moyens et les perspectives de gr\u00e8ve<br \/>\n<img loading=\"lazy\" decoding=\"async\" class=\"puce\" src=\"http:\/\/www.sudeducation.org\/local\/cache-vignettes\/L8xH11\/puce-32883.gif\" alt=\"-\" width=\"8\" height=\"11\" \/>\u00a0Lutter collectivement contre les classes trop charg\u00e9es<\/h3>\n<p><em>Vu sur le site de Sud Education<\/em><\/p>\n<p><span style=\"font-weight: bold\"><span style=\"line-height: 116%;font-size: 110%\">Rentr\u00e9e scolaire 2014-15 : se syndiquer et se mobiliser !<\/span><\/span><\/p>\n<p><span style=\"font-weight: bold\">On conna\u00eet tous la caricature du prof privil\u00e9gi\u00e9 aux conditions de travail idylliques et perp\u00e9tuellement en cong\u00e9. Dans le contexte actuel de crise, le minist\u00e8re de l\u2019\u00c9ducation Nationale serait particuli\u00e8rement pr\u00e9serv\u00e9 et favoris\u00e9&#8230; Alors tout baigne, et il n\u2019y aurait plus de place pour l\u2019action syndicale ?<\/span><\/p>\n<p>Pas vraiment ! L\u2019\u00e9tat g\u00e9n\u00e9ral de l\u2019\u00c9cole et de nos conditions de travail s\u2019est largement d\u00e9grad\u00e9 dans la derni\u00e8re d\u00e9cennie.<\/p>\n<p>Des milliers de postes ont \u00e9t\u00e9 supprim\u00e9s avec des cons\u00e9quences directes sur le taux d\u2019encadrement, le syst\u00e8me de remplacement, une pression aux heures suppl\u00e9mentaires dans le secondaire&#8230; Les cr\u00e9ations de postes depuis deux ans n\u2019ont pas permis de gommer les effets de cette saign\u00e9e dans un contexte de hausse d\u00e9mographique des effectifs.<\/p>\n<p>Le Minist\u00e8re de l\u2019\u00c9ducation Nationale est aussi touch\u00e9 par la pr\u00e9carisation , particuli\u00e8rement forte dans les emplois de \u00ab vie scolaire \u00bb. Nous n\u2019avons pas non plus \u00e9t\u00e9 \u00e9pargn\u00e9s par la d\u00e9rive manag\u00e9riale de gestion des personnels : renforcement de la hi\u00e9rarchie, \u00e9valuationite, individualisation des salaires (heures sup\u2019, primes au m\u00e9rite&#8230;). La mise en concurrence et l\u2019individualisme exacerb\u00e9s par cette nouvelle politique d\u00e9gradent les collectifs de travail.<\/p>\n<p>Les ambitions affich\u00e9es de rupture avec la politique pr\u00e9c\u00e9dente et de \u00ab r\u00e9novation de l\u2019\u00e9cole \u00bb auront fait pschitt. Il en va ainsi d\u2019une r\u00e9forme des rythmes scolaires calamiteuse, impos\u00e9e aux parents et personnels, accentuant les in\u00e9galit\u00e9s territoriales et g\u00e9n\u00e9rant plus de d\u00e9sorganisation que de bienfaits pour l\u2019enfant. Le secteur de \u00ab l\u2019\u00e9ducation prioritaire \u00bb qui pourtant en avait le plus besoin, aura attendu deux ans pour des mesures r\u00e9alis\u00e9es \u00e0 moyens constants et ne touchant qu\u2019une centaine de r\u00e9seaux cette ann\u00e9e ! Le retour de la formation initiale, toujours handicap\u00e9e par le maintien de la masterisation, s\u2019av\u00e8re \u00e9galement d\u00e9cevante. La formation pour les stagiaires varie selon les situations (titulaires d\u2019un master ou pas, laur\u00e9at des sessions exceptionnelles ou des sessions r\u00e9nov\u00e9es des concours).<\/p>\n<p>Au final, elle-m\u00eame plus in\u00e9galitaire et moins efficace, l\u2019\u00e9cole est en premi\u00e8re ligne face \u00e0 la violence d\u2019une soci\u00e9t\u00e9 en crise sociale.<\/p>\n<p>Le constat est s\u00e9v\u00e8re et appelle \u00e0 une rupture profonde. Il y a du pain sur le planche pour am\u00e9liorer nos conditions de travail et proposer un service public d\u2019\u00e9ducation de qualit\u00e9&#8230; Et pour \u00e7a, pas de secret, il faut se syndiquer et se mobiliser !<\/p>\n<p><em>La suite sur <a href=\"http:\/\/www.cnt-so.org\/IMG\/pdf\/cnt-so_educ_le_syndicalisme_a_sa_raison_detre_2014-2015.pdf\" target=\"_blank\">le site de la\u00a0F\u00e9d\u00e9ration des travailleurs de l\u2019enseignement, de la recherche scientifique, des fonctions publiques et des associations &#8211; CNT Solidarit\u00e9-Ouvri\u00e8re<\/a><\/em><\/p>\n<\/div>\n","protected":false},"excerpt":{"rendered":"<p>Celle qui a stopp\u00e9 les ABCD de l\u2019\u00e9galit\u00e9 nomm\u00e9e Ministre de l\u2019\u00c9ducation, une rentr\u00e9e aux rythmes de l\u2019aust\u00e9rit\u00e9 Communiqu\u00e9 de la f\u00e9d\u00e9ration SUD \u00e9ducation du 26 ao\u00fbt 2014 Nous ne regretterons ni Peillon, ni Hamon. Et la nomination de Najat Vallaud-Belkacem comme Ministre de l\u2019\u00c9ducation Nationale ne donne pas un bon signe\u00a0: c\u2019est elle, en &hellip; <a href=\"https:\/\/fa86.noblogs.org\/?p=12032\" class=\"more-link\">Continuer la lecture de <span class=\"screen-reader-text\">Deux tracts syndicaux pour la rentr\u00e9e scolaire<\/span> <span class=\"meta-nav\">&rarr;<\/span><\/a><\/p>\n","protected":false},"author":2691,"featured_media":0,"comment_status":"closed","ping_status":"open","sticky":false,"template":"","format":"standard","meta":{"footnotes":""},"categories":[17],"tags":[],"class_list":["post-12032","post","type-post","status-publish","format-standard","hentry","category-education-populaire"],"_links":{"self":[{"href":"https:\/\/fa86.noblogs.org\/index.php?rest_route=\/wp\/v2\/posts\/12032","targetHints":{"allow":["GET"]}}],"collection":[{"href":"https:\/\/fa86.noblogs.org\/index.php?rest_route=\/wp\/v2\/posts"}],"about":[{"href":"https:\/\/fa86.noblogs.org\/index.php?rest_route=\/wp\/v2\/types\/post"}],"author":[{"embeddable":true,"href":"https:\/\/fa86.noblogs.org\/index.php?rest_route=\/wp\/v2\/users\/2691"}],"replies":[{"embeddable":true,"href":"https:\/\/fa86.noblogs.org\/index.php?rest_route=%2Fwp%2Fv2%2Fcomments&post=12032"}],"version-history":[{"count":1,"href":"https:\/\/fa86.noblogs.org\/index.php?rest_route=\/wp\/v2\/posts\/12032\/revisions"}],"predecessor-version":[{"id":12033,"href":"https:\/\/fa86.noblogs.org\/index.php?rest_route=\/wp\/v2\/posts\/12032\/revisions\/12033"}],"wp:attachment":[{"href":"https:\/\/fa86.noblogs.org\/index.php?rest_route=%2Fwp%2Fv2%2Fmedia&parent=12032"}],"wp:term":[{"taxonomy":"category","embeddable":true,"href":"https:\/\/fa86.noblogs.org\/index.php?rest_route=%2Fwp%2Fv2%2Fcategories&post=12032"},{"taxonomy":"post_tag","embeddable":true,"href":"https:\/\/fa86.noblogs.org\/index.php?rest_route=%2Fwp%2Fv2%2Ftags&post=12032"}],"curies":[{"name":"wp","href":"https:\/\/api.w.org\/{rel}","templated":true}]}}