{"id":12070,"date":"2014-09-05T11:32:00","date_gmt":"2014-09-05T09:32:00","guid":{"rendered":"http:\/\/fa86.noblogs.org\/?p=12070"},"modified":"2014-09-05T11:40:34","modified_gmt":"2014-09-05T09:40:34","slug":"poitiers-cazeneuve-visite-les-couronneries","status":"publish","type":"post","link":"https:\/\/fa86.noblogs.org\/?p=12070","title":{"rendered":"[Poitiers] A propos de la comm\u00e9moration de la lib\u00e9ration de Poitiers et de la visite du ministre de l&rsquo;int\u00e9rieur"},"content":{"rendered":"<p style=\"text-align: justify\"><strong>A propos de la comm\u00e9moration de la lib\u00e9ration de Poitiers et de la visite du ministre de l&rsquo;int\u00e9rieur<\/strong><\/p>\n<p style=\"text-align: justify\">La <a href=\"http:\/\/www.lanouvellerepublique.fr\/Vienne\/Actualite\/24-Heures\/n\/Contenus\/Articles\/2014\/09\/05\/On-etait-encore-dans-l-incertitude-generale-2034381\" target=\"_blank\">lib\u00e9ration de Poitiers du 5 septembre 1944\u00a0<\/a>a \u00e9t\u00e9 le fait de maquisards, en lutte totale contre l&rsquo;Etat fran\u00e7ais. Un Etat\u00a0qui avait obtenu les pleins pouvoirs de la r\u00e9publique, de la part de d\u00e9put\u00e9s de gauche comme de droite. Un Etat oppresseur, pronazi,\u00a0raciste et antis\u00e9mite, avec ses policiers et pr\u00e9fets aux ordres pour traquer\u00a0 juifs, tziganes, homos, et militants syndicaux et politiques. A Poitiers m\u00eame, un camp de concentration de sinistre m\u00e9moire a d&rsquo;abord enferm\u00e9 les r\u00e9publicains, communistes et anarchistes espagnols qui avaient r\u00e9sist\u00e9\u00a0au fascisme de Franco, puis\u00a0les\u00a0tziganes, les juifs, et des r\u00e9sistants, dans des conditions \u00e9pouvantables, avant leur d\u00e9part pour les camps d&rsquo;extermination. A Poitiers aussi, la Section sp\u00e9ciale cr\u00e9\u00e9e par Vichy si\u00e8ge au cour d&rsquo;appel du palais de justice de Poitiers <a href=\"http:\/\/www.vrid-memorial.com\/afficher\/rubrique\/38\/Reprsailles\/article\/111\/Les-Tribunaux-dException.html\" target=\"_blank\">pour r\u00e9primer \u00ab\u00a0l&rsquo;activit\u00e9 communiste et anarchiste\u00a0\u00bb.<\/a><\/p>\n<p style=\"text-align: justify\">C&rsquo;est par leur d\u00e9sob\u00e9issance \u00e0 la machine d&rsquo;Etat et leur action r\u00e9solue, au p\u00e9ril de leur vie, traqu\u00e9s comme des b\u00eates par l&rsquo;Etat fran\u00e7ais et les nazis, que les maquisards\u00a0<a href=\"http:\/\/www.vrid-memorial.com\/afficher\/rubrique\/37\/Maquis\/article\/101\/Les-principaux-maquis-dans-la-Vienne.html\" target=\"_blank\">de la Vienne<\/a>\u00a0et d&rsquo;ailleurs ont pris part \u00e0 l&rsquo;\u00e9crasement du fascisme en France. En ce soixante-dixi\u00e8me anniversaire, pr\u00e9texte \u00e0 toutes les r\u00e9cup\u00e9rations puantes de leur courage, nous n&rsquo;oublions pas. Au passage rappelons donc que parmi les maquisards, un peu partout en France, les anarchistes espagnols en exil (abandonn\u00e9s par la gauche fran\u00e7aise pendant la lutte contre Franco, puis parqu\u00e9s comme des b\u00eates dans des camps de concentration par la r\u00e9publique fran\u00e7aise du Front populaire finissant) ont jou\u00e9 un r\u00f4le important, apportant aux combattants leur exp\u00e9rience de la r\u00e9sistance organis\u00e9e\u00a0et arm\u00e9e contre le fascisme d&rsquo;Etat. Qui se souvient que Paris a \u00e9t\u00e9 lib\u00e9r\u00e9e d&rsquo;abord par la Nueve, compagnie de blind\u00e9s compos\u00e9e essentiellement d&rsquo;anarchistes espagnols ? Qui se souvient que les SS bourreaux d&rsquo;Oradour-sur-Glane ont \u00e9t\u00e9 \u00e9limin\u00e9s par des maquisards anarchistes ?<\/p>\n<p style=\"text-align: justify\">Et c&rsquo;est <a href=\"http:\/\/www.lanouvellerepublique.fr\/Vienne\/Actualite\/Politique\/n\/Contenus\/Articles\/2014\/09\/05\/Bernard-Cazeneuve-aujourd-hui-a-Poitiers-2034689\" target=\"_blank\">Bernard Cazeneuve, ministre de l&rsquo;int\u00e9rieur d&rsquo;un gouvernement PS d&rsquo;aust\u00e9rit\u00e9 et de soutien massif au patronat,\u00a0invit\u00e9 par Claeys <\/a>(d\u00e9put\u00e9-maire de Poitiers), Cazeneuve l&rsquo;expulseur en chef d&rsquo;\u00e9trangers, Cazeneuve le premier flic de France (qui s&rsquo;est r\u00e9cemment illustr\u00e9 par l&rsquo;interdiction et la r\u00e9pression de manifs de soutien \u00e0 la Palestine, par le d\u00e9mant\u00e8lement brutal des squats de Calais, par les violentes attaques polici\u00e8res contre les camarades de la ZAD du Testet&#8230;), qui joue l&rsquo;invit\u00e9 d&rsquo;honneur pour c\u00e9l\u00e9brer l&rsquo;\u00e9v\u00e9nement de la lib\u00e9ration de Poitiers ! Quand l&rsquo;Etat fran\u00e7ais d&rsquo;aujourd&rsquo;hui c\u00e9l\u00e8bre la r\u00e9sistance contre l&rsquo;Etat fran\u00e7ais d&rsquo;hier, il y a de quoi rire jaune. Voyons un peu\u00a0le palmar\u00e8s politique de cet homme, qui se dit inspir\u00e9 au quotidien de l&rsquo;histoire de la r\u00e9sistance, mais joue le r\u00f4le de\u00a0haut\u00a0fonctionnaire z\u00e9l\u00e9 du bras arm\u00e9 de l&rsquo;Etat.<\/p>\n<p style=\"text-align: justify\">Ce politicien est\u00a0d\u00e9j\u00e0 bien connu des antinucl\u00e9aires : il a appuy\u00e9 l&rsquo;EPR de Flamanville et d\u00e9fendu le retraitement des d\u00e9chets \u00e0 La Hague. Il est aussi connu des d\u00e9fenseurs de la taxation des op\u00e9rations financi\u00e8res\u00a0(il <a href=\"http:\/\/www.huffingtonpost.fr\/2013\/10\/22\/taxe-tobin-transactions-financieres-speculation-ttf-europe_n_4141253.html\" target=\"_blank\">a fait enterrer un amendement sur la taxation du trading \u00e0 haute fr\u00e9quence<\/a>). Il est aussi connu des militants des droits de l&rsquo;homme et antiracistes : c&rsquo;est lui qui avait\u00a0appuy\u00e9\u00a0il y a quelques mois\u00a0les propos hallucinants de Valls \u00e0 propos des Roms n&rsquo;ayant pas vocation \u00e0 s&rsquo;int\u00e9grer ;\u00a0lui qui a dirig\u00e9 nombre d&rsquo;expulsions de campements roms, suscitant le malaise au sein m\u00eame du PS. C&rsquo;est aussi lui qui a os\u00e9 affirmer, \u00e0 l&rsquo;occasion des r\u00e9centes \u00e9lections europ\u00e9ennes,\u00a0que Leonarda (une jeune fille expuls\u00e9e par l&rsquo;Etat)\u00a0et Marine Le Pen avaient \u00ab\u00a0la m\u00eame outrance, la m\u00eame manipulation, [&#8230;] le m\u00eame art consomm\u00e9 du mensonge\u00a0\u00bb. C&rsquo;est encore lui, chantre comme Sarkozy d&rsquo;une immigration choisie,\u00a0qui, <a href=\"http:\/\/www.lefigaro.fr\/politique\/le-scan\/citations\/2014\/09\/02\/25002-20140902ARTFIG00063-immigration-cazeneuve-juge-que-la-france-ne-peut-pas-accueillir-tout-le-monde.php\" target=\"_blank\">en tourn\u00e9e europ\u00e9enne ces derniers jours<\/a>, vient de dire que \u00ab\u00a0la France ne peut pas accueillir tout le monde\u00a0\u00bb et d&rsquo;annoncer un nouveau \u00ab\u00a0plan de lutte contre l&rsquo;immigration ill\u00e9gale\u00a0\u00bb au niveau europ\u00e9en&#8230; tout en rejetant toute forme d&rsquo;immigration qui ne\u00a0rel\u00e8verait pas du droit d&rsquo;asile (qu&rsquo;il compte par ailleurs\u00a0limiter encore davantage)\u00a0:\u00a0\u00abLa France doit rester ce qu&rsquo;elle est, une terre d&rsquo;asile politique [&#8230;] mais pas plus\u00bb.<\/p>\n<p style=\"text-align: justify\">Hier comme aujourd&rsquo;hui, le\u00a0vocabulaire bureaucratique d&rsquo;Etat fait froid dans le dos\u00a0: il s&rsquo;agit de\u00a0\u00abfaire le job s\u00e9rieusement et non de surfer sur l&rsquo;\u00e9motion\u00bb.\u00a0Il y a de quoi\u00a0\u00eatre constern\u00e9\u00a0quand le ministre affirme\u00a0croire \u00ab\u00a0aux enseignements de l&rsquo;histoire\u00a0\u00bb.<\/p>\n<p style=\"text-align: justify\">Cazeneuve, les antifascistes poitevins ne vous saluent pas.<\/p>\n<p style=\"text-align: justify\">Quant \u00e0 nous, nous avons choisi notre camp, celui de la r\u00e9sistance, hier, aujourd&rsquo;hui et toujours, contre les politiques d&rsquo;Etat discriminatoires, autoritaires et in\u00e9galitaires.<\/p>\n<p style=\"text-align: justify\">Salut \u00e0 tou.te.s les maquisard.e.s.<\/p>\n<p style=\"text-align: justify\"><em>Pavillon Noir, 5 septembre 2014<\/em><\/p>\n","protected":false},"excerpt":{"rendered":"<p>A propos de la comm\u00e9moration de la lib\u00e9ration de Poitiers et de la visite du ministre de l&rsquo;int\u00e9rieur La lib\u00e9ration de Poitiers du 5 septembre 1944\u00a0a \u00e9t\u00e9 le fait de maquisards, en lutte totale contre l&rsquo;Etat fran\u00e7ais. Un Etat\u00a0qui avait obtenu les pleins pouvoirs de la r\u00e9publique, de la part de d\u00e9put\u00e9s de gauche comme &hellip; <a href=\"https:\/\/fa86.noblogs.org\/?p=12070\" class=\"more-link\">Continuer la lecture de <span class=\"screen-reader-text\">[Poitiers] A propos de la comm\u00e9moration de la lib\u00e9ration de Poitiers et de la visite du ministre de l&rsquo;int\u00e9rieur<\/span> <span class=\"meta-nav\">&rarr;<\/span><\/a><\/p>\n","protected":false},"author":2691,"featured_media":0,"comment_status":"closed","ping_status":"open","sticky":false,"template":"","format":"standard","meta":{"footnotes":""},"categories":[8,6],"tags":[],"class_list":["post-12070","post","type-post","status-publish","format-standard","hentry","category-ecrits","category-paf-le-faf"],"_links":{"self":[{"href":"https:\/\/fa86.noblogs.org\/index.php?rest_route=\/wp\/v2\/posts\/12070","targetHints":{"allow":["GET"]}}],"collection":[{"href":"https:\/\/fa86.noblogs.org\/index.php?rest_route=\/wp\/v2\/posts"}],"about":[{"href":"https:\/\/fa86.noblogs.org\/index.php?rest_route=\/wp\/v2\/types\/post"}],"author":[{"embeddable":true,"href":"https:\/\/fa86.noblogs.org\/index.php?rest_route=\/wp\/v2\/users\/2691"}],"replies":[{"embeddable":true,"href":"https:\/\/fa86.noblogs.org\/index.php?rest_route=%2Fwp%2Fv2%2Fcomments&post=12070"}],"version-history":[{"count":3,"href":"https:\/\/fa86.noblogs.org\/index.php?rest_route=\/wp\/v2\/posts\/12070\/revisions"}],"predecessor-version":[{"id":12073,"href":"https:\/\/fa86.noblogs.org\/index.php?rest_route=\/wp\/v2\/posts\/12070\/revisions\/12073"}],"wp:attachment":[{"href":"https:\/\/fa86.noblogs.org\/index.php?rest_route=%2Fwp%2Fv2%2Fmedia&parent=12070"}],"wp:term":[{"taxonomy":"category","embeddable":true,"href":"https:\/\/fa86.noblogs.org\/index.php?rest_route=%2Fwp%2Fv2%2Fcategories&post=12070"},{"taxonomy":"post_tag","embeddable":true,"href":"https:\/\/fa86.noblogs.org\/index.php?rest_route=%2Fwp%2Fv2%2Ftags&post=12070"}],"curies":[{"name":"wp","href":"https:\/\/api.w.org\/{rel}","templated":true}]}}