{"id":12085,"date":"2014-09-09T11:15:17","date_gmt":"2014-09-09T09:15:17","guid":{"rendered":"http:\/\/fa86.noblogs.org\/?p=12085"},"modified":"2014-09-09T11:16:23","modified_gmt":"2014-09-09T09:16:23","slug":"poitiers-linky-va-debarquer-desobeissance-a-la-surveillance-totale","status":"publish","type":"post","link":"https:\/\/fa86.noblogs.org\/?p=12085","title":{"rendered":"[Poitiers] Linky va d\u00e9barquer : d\u00e9sob\u00e9issance \u00e0 la surveillance totale !"},"content":{"rendered":"<p style=\"text-align: justify\"><em><strong>NdPN<\/strong> : collecte totalitaire de donn\u00e9es pr\u00e9cises sur nos vies priv\u00e9es, d\u00e9fauts flagrants de s\u00e9curisation des donn\u00e9es,\u00a0pollution \u00e9lectromagn\u00e9tique massive, rench\u00e9rissement des factures pr\u00e9visible, d\u00e9graissage d&#8217;employ\u00e9s \u00e0 terme&#8230; oui, mais privatisation croissante d&rsquo;un march\u00e9 juteux pour le Capital\u00a0; le tout d\u00e9fendu par les pouvoirs politique, \u00e9conomique et m\u00e9diatique, sous des pr\u00e9textes fallacieux d&rsquo;\u00e9cologie et d&#8217;emploi !\u00a0Il est plus que temps d&rsquo;organiser la r\u00e9sistance contre l&rsquo;installation prochaine (fin 2015) de ces \u00ab\u00a0compteurs intelligents\u00a0\u00bb dans des millions d&rsquo;habitations. Alors que de nombreuses associations m\u00e8nent la lutte, la NR de ce jour omet toutes les critiques&#8230; relayant de fait, h\u00e9las sans surprise,\u00a0les arguments pro-ERDF.<\/em><\/p>\n<p style=\"text-align: justify\"><img loading=\"lazy\" decoding=\"async\" class=\"alignnone\" src=\"http:\/\/idata.over-blog.com\/4\/23\/42\/31\/12\/linky-un-compteur-electrique-intelligent-mais-dangereux-pou.jpg\" alt=\"\" width=\"460\" height=\"520\" \/><\/p>\n<p style=\"text-align: justify\"><a href=\"http:\/\/www.lanouvellerepublique.fr\/Vienne\/Actualite\/Economie-social\/n\/Contenus\/Articles\/2014\/09\/09\/Itron-inscrit-1-2-million-a-son-compteur-2039128\" target=\"_blank\"><strong>Itron inscrit 1,2\u00a0million \u00e0 son compteur<\/strong> <\/a><\/p>\n<p id=\"articleChapo\" style=\"text-align: justify\">La multinationale a \u00e9t\u00e9 retenue pour fabriquer, \u00e0 Chasseneuil-du Poitou, une premi\u00e8re s\u00e9rie de compteurs \u00e9lectriques intelligents pour ERDF.<\/p>\n<p style=\"text-align: justify\">M\u00eame si ce n&rsquo;est pas totalement une surprise, William Hosono, directeur g\u00e9n\u00e9ral pour la France, l&rsquo;Europe du sud et la M\u00e9diterran\u00e9e d&rsquo;Itron \u00c9lectricit\u00e9, ne cache pas sa satisfaction\u2009: son entreprise vient de remporter la plus grosse partie du march\u00e9 des compteurs \u00e9lectriques intelligents mis en comp\u00e9tition par ERDF.<\/p>\n<div id=\"text\" style=\"text-align: justify\">\n<p>Itron France en r\u00e9alisera 1,2\u00a0million, soit la plus grosse part du march\u00e9, pour un compteur arriv\u00e9 en t\u00eate au classement des performances. Cinq autres entreprises ont \u00e9t\u00e9 retenues pour ce gigantesque march\u00e9. La premi\u00e8re tranche portera sur trois millions de compteurs, plus un million en option, ce qui pourrait porter le nombre d&rsquo;appareils fabriqu\u00e9s \u00e0 Chasseneuil-du-Poitou \u00e0 1,6\u00a0million. Pour la fabrication des prototypes mis en test et en pr\u00e9vision d&rsquo;un march\u00e9 de plus en plus probable, Itron a engag\u00e9 27\u00a0personnes ces derniers mois.<\/p>\n<p><b>Un compteur enti\u00e8rement con\u00e7u dans la Vienne<\/b><\/p>\n<p>D&rsquo;autres embauches pourraient venir\u2009: <i>\u00ab\u00a0On verra en fonction du calendrier des commandes\u00a0\u00bb, <\/i>annonce prudemment William Hosono, qui indique que le d\u00e9but de la fourniture des nouveaux compteurs n&rsquo;interviendra pas avant septembre\u00a02015.<br \/>\nA terme, 80\u2009% des compteurs \u00e9lectriques domestiques, soit environ 35\u00a0millions d&rsquo;appareils, doivent \u00eatre chang\u00e9s dans les ann\u00e9es qui viennent. ERDF devra lancer de nouveaux appels d&rsquo;offres pour les tranches suivantes mais il semble \u00e9vident qu&rsquo;Itron vient de marquer des points pr\u00e9cieux pour l&rsquo;avenir.<br \/>\nUne belle r\u00e9compense pour les \u00e9quipes poitevines d&rsquo;Itron qui ont enti\u00e8rement con\u00e7u le compteur communiquant Linky, destin\u00e9 \u00e0 faciliter les relev\u00e9s mais aussi, pour chaque usager, \u00e0 contr\u00f4ler en temps r\u00e9el sa consommation. Leur principal atout\u2009: elles travaillaient d\u00e9j\u00e0 depuis plusieurs ann\u00e9es sur la technologie du compteur intelligent destin\u00e9 \u00e0 l&rsquo;industrie.<\/p>\n<p><span class=\"inter\">en savoir plus<\/span><\/p>\n<p><b>Itron, leader mondial<\/b><\/p>\n<p>Leader mondial des solutions de comptage intelligent, la multinationale am\u00e9ricaine Itron a son si\u00e8ge dans l&rsquo;\u00e9tat de Washington. Il a rachet\u00e9 en 2007\u00a0la soci\u00e9t\u00e9 Actaris, qui avait elle-m\u00eame acquis en 2001\u00a0l&rsquo;activit\u00e9 compteurs du fran\u00e7ais Schlumberger, \u00e0 laquelle appartenait l&rsquo;usine de Chasseneuil-du-Poitou. Le site de Chasseneuil, fond\u00e9 en 1976, est install\u00e9 sur 12.500\u00a0m<sup><span style=\"font-size: small\">2<\/span><\/sup> et emploie 330\u00a0personnes.<\/p>\n<\/div>\n<div class=\"infosAuteur\" style=\"text-align: justify\"><em><span class=\"nom_auteur\"> Vincent Buche<\/span>, Nouvelle R\u00e9publique, 9 septembre 2014<\/em><\/div>\n","protected":false},"excerpt":{"rendered":"<p>NdPN : collecte totalitaire de donn\u00e9es pr\u00e9cises sur nos vies priv\u00e9es, d\u00e9fauts flagrants de s\u00e9curisation des donn\u00e9es,\u00a0pollution \u00e9lectromagn\u00e9tique massive, rench\u00e9rissement des factures pr\u00e9visible, d\u00e9graissage d&#8217;employ\u00e9s \u00e0 terme&#8230; oui, mais privatisation croissante d&rsquo;un march\u00e9 juteux pour le Capital\u00a0; le tout d\u00e9fendu par les pouvoirs politique, \u00e9conomique et m\u00e9diatique, sous des pr\u00e9textes fallacieux d&rsquo;\u00e9cologie et d&#8217;emploi !\u00a0Il &hellip; <a href=\"https:\/\/fa86.noblogs.org\/?p=12085\" class=\"more-link\">Continuer la lecture de <span class=\"screen-reader-text\">[Poitiers] Linky va d\u00e9barquer : d\u00e9sob\u00e9issance \u00e0 la surveillance totale !<\/span> <span class=\"meta-nav\">&rarr;<\/span><\/a><\/p>\n","protected":false},"author":2691,"featured_media":0,"comment_status":"closed","ping_status":"open","sticky":false,"template":"","format":"standard","meta":{"footnotes":""},"categories":[21,7],"tags":[],"class_list":["post-12085","post","type-post","status-publish","format-standard","hentry","category-desinformation-bourgeoise","category-propagande-marchande"],"_links":{"self":[{"href":"https:\/\/fa86.noblogs.org\/index.php?rest_route=\/wp\/v2\/posts\/12085","targetHints":{"allow":["GET"]}}],"collection":[{"href":"https:\/\/fa86.noblogs.org\/index.php?rest_route=\/wp\/v2\/posts"}],"about":[{"href":"https:\/\/fa86.noblogs.org\/index.php?rest_route=\/wp\/v2\/types\/post"}],"author":[{"embeddable":true,"href":"https:\/\/fa86.noblogs.org\/index.php?rest_route=\/wp\/v2\/users\/2691"}],"replies":[{"embeddable":true,"href":"https:\/\/fa86.noblogs.org\/index.php?rest_route=%2Fwp%2Fv2%2Fcomments&post=12085"}],"version-history":[{"count":2,"href":"https:\/\/fa86.noblogs.org\/index.php?rest_route=\/wp\/v2\/posts\/12085\/revisions"}],"predecessor-version":[{"id":12087,"href":"https:\/\/fa86.noblogs.org\/index.php?rest_route=\/wp\/v2\/posts\/12085\/revisions\/12087"}],"wp:attachment":[{"href":"https:\/\/fa86.noblogs.org\/index.php?rest_route=%2Fwp%2Fv2%2Fmedia&parent=12085"}],"wp:term":[{"taxonomy":"category","embeddable":true,"href":"https:\/\/fa86.noblogs.org\/index.php?rest_route=%2Fwp%2Fv2%2Fcategories&post=12085"},{"taxonomy":"post_tag","embeddable":true,"href":"https:\/\/fa86.noblogs.org\/index.php?rest_route=%2Fwp%2Fv2%2Ftags&post=12085"}],"curies":[{"name":"wp","href":"https:\/\/api.w.org\/{rel}","templated":true}]}}