{"id":12106,"date":"2014-09-12T10:55:06","date_gmt":"2014-09-12T08:55:06","guid":{"rendered":"http:\/\/fa86.noblogs.org\/?p=12106"},"modified":"2014-09-12T10:55:06","modified_gmt":"2014-09-12T08:55:06","slug":"appel-a-soutien-du-dal-86","status":"publish","type":"post","link":"https:\/\/fa86.noblogs.org\/?p=12106","title":{"rendered":"Appel \u00e0 soutien du DAL 86"},"content":{"rendered":"<p style=\"text-align: justify\"><a href=\"http:\/\/dal86.fr\/2014\/09\/12\/poitiers-diffamation-venez-nombreux-soutenir-le-dal86\/\" target=\"_blank\"><strong>Poitiers, diffamation : venez nombreux soutenir le Dal86 !<\/strong> <\/a><\/p>\n<p style=\"text-align: justify;margin-bottom: 0cm\" align=\"JUSTIFY\"><span style=\"font-style: normal\"><span style=\"font-weight: normal\">Dans l\u2019affaire Audacia qui tra\u00eene le DAL86 au tribunal en diffamation au sujet de deux articles publi\u00e9 sur le blog du Dal86 au sujet des m\u00e9thodes utilis\u00e9es pour faire sortir les d\u00e9bout\u00e9s du droit d\u2019asile de leur logement CADA,<\/span><\/span> venez nombreux soutenir le Dal86 :<br \/>\n&#8211; concernant le r\u00e9f\u00e9r\u00e9, mercredi 17 septembre \u00e0 9h30 au Tribunal de Grande Instance de Poitiers ;<br \/>\n&#8211; concernant le fond : jeudi 9 octobre \u00e0 14h au Tribunal de Grande Instance de Poitiers.<\/p>\n<p style=\"text-align: justify;margin-bottom: 0cm\" align=\"JUSTIFY\"><strong>Conf\u00e9rence de presse en pr\u00e9sence de Jean-Baptiste Eyraud, porte parole de la F\u00e9d\u00e9ration DAL, jeudi 9 octobre \u00e0 13h30 devant le Tribunal de Grande Instance<\/strong><\/p>\n<p style=\"text-align: justify;margin-bottom: 0cm\" align=\"JUSTIFY\">\n<p style=\"text-align: justify;margin-bottom: 0cm\" align=\"JUSTIFY\">(<a href=\"http:\/\/dal86.fr\/2014\/09\/12\/poitiers-diffamation-venez-nombreux-soutenir-le-dal86\/\" target=\"_blank\"><strong>La suite sur le site du DAL 86<\/strong><\/a>, article du 12 septembre 2014)<\/p>\n","protected":false},"excerpt":{"rendered":"<p>Poitiers, diffamation : venez nombreux soutenir le Dal86 ! Dans l\u2019affaire Audacia qui tra\u00eene le DAL86 au tribunal en diffamation au sujet de deux articles publi\u00e9 sur le blog du Dal86 au sujet des m\u00e9thodes utilis\u00e9es pour faire sortir les d\u00e9bout\u00e9s du droit d\u2019asile de leur logement CADA, venez nombreux soutenir le Dal86 : &#8211; &hellip; <a href=\"https:\/\/fa86.noblogs.org\/?p=12106\" class=\"more-link\">Continuer la lecture de <span class=\"screen-reader-text\">Appel \u00e0 soutien du DAL 86<\/span> <span class=\"meta-nav\">&rarr;<\/span><\/a><\/p>\n","protected":false},"author":2691,"featured_media":0,"comment_status":"closed","ping_status":"open","sticky":false,"template":"","format":"standard","meta":{"footnotes":""},"categories":[11,16,4,29],"tags":[],"class_list":["post-12106","post","type-post","status-publish","format-standard","hentry","category-ni-patrie-ni-frontiere","category-repression","category-se-trouver","category-un-toit-pour-tou-te-s"],"_links":{"self":[{"href":"https:\/\/fa86.noblogs.org\/index.php?rest_route=\/wp\/v2\/posts\/12106","targetHints":{"allow":["GET"]}}],"collection":[{"href":"https:\/\/fa86.noblogs.org\/index.php?rest_route=\/wp\/v2\/posts"}],"about":[{"href":"https:\/\/fa86.noblogs.org\/index.php?rest_route=\/wp\/v2\/types\/post"}],"author":[{"embeddable":true,"href":"https:\/\/fa86.noblogs.org\/index.php?rest_route=\/wp\/v2\/users\/2691"}],"replies":[{"embeddable":true,"href":"https:\/\/fa86.noblogs.org\/index.php?rest_route=%2Fwp%2Fv2%2Fcomments&post=12106"}],"version-history":[{"count":1,"href":"https:\/\/fa86.noblogs.org\/index.php?rest_route=\/wp\/v2\/posts\/12106\/revisions"}],"predecessor-version":[{"id":12107,"href":"https:\/\/fa86.noblogs.org\/index.php?rest_route=\/wp\/v2\/posts\/12106\/revisions\/12107"}],"wp:attachment":[{"href":"https:\/\/fa86.noblogs.org\/index.php?rest_route=%2Fwp%2Fv2%2Fmedia&parent=12106"}],"wp:term":[{"taxonomy":"category","embeddable":true,"href":"https:\/\/fa86.noblogs.org\/index.php?rest_route=%2Fwp%2Fv2%2Fcategories&post=12106"},{"taxonomy":"post_tag","embeddable":true,"href":"https:\/\/fa86.noblogs.org\/index.php?rest_route=%2Fwp%2Fv2%2Ftags&post=12106"}],"curies":[{"name":"wp","href":"https:\/\/api.w.org\/{rel}","templated":true}]}}