{"id":1332,"date":"2011-12-03T09:24:09","date_gmt":"2011-12-03T08:24:09","guid":{"rendered":"http:\/\/fa86.noblogs.org\/?p=1332"},"modified":"2011-12-03T09:24:09","modified_gmt":"2011-12-03T08:24:09","slug":"communique-urgent-du-collectif-grenoblois-de-soutien-aux-roms-dit-la-patate-chaude","status":"publish","type":"post","link":"https:\/\/fa86.noblogs.org\/?p=1332","title":{"rendered":"Communiqu\u00e9 urgent du collectif grenoblois de soutien aux Roms dit \u00ab\u00a0la Patate Chaude\u00a0\u00bb"},"content":{"rendered":"<div>\n<div>\n<h2 style=\"text-align: justify\"><a href=\"http:\/\/grenoble.indymedia.org\/2011-12-03-Communique-urgent-du-collectif\" target=\"_blank\">Communiqu\u00e9 urgent du collectif grenoblois de soutien aux Roms dit \u00ab\u00a0la Patate Chaude\u00a0\u00bb<\/a><\/h2>\n<p style=\"text-align: justify\">samedi 3 d\u00e9cembre 2011 par la Patate Chaude\u00a0<\/p>\n<\/div>\n<p><!-- fin mod\u00e9ration --><\/p>\n<div style=\"text-align: justify\">\n<p>Ce matin (2 d\u00e9cembre 2011) un incendie mineur rue Germain* a \u00e9t\u00e9 rapidement \u00e9teint sans d\u00e9g\u00e2ts. La police nationale est intervenue sur place. Apr\u00e8s avoir fait sortir tous les occupants (une centaine au moins comprenant des familles et de jeunes enfants), celle-ci a juste laiss\u00e9 rentrer une personne par famille pour prendre les affaires qu\u2019elle pouvait sortir. Malgr\u00e9 l\u2019absence de tout risque de reprise du feu, la police est en train d\u2019emmener toutes les personnes vers une destination inconnue.<\/p>\n<p>Nous demandons au m\u00e9dias d\u2019agir au plus vite pour faire connaitre ces actes tr\u00e8s graves contraires au droit.<\/p>\n<p>Nous comptons sur votre relais pour informer la population de tels actes et demandons toujours un h\u00e9bergement digne pour ces personnes.<\/p>\n<p>Le collectif La Patate Chaude 2\/12\/11<\/p>\n<p>* squat o\u00f9 se sont r\u00e9fugi\u00e9s des Roms originaires d\u2019ex-Yougoslavie (Mac\u00e9doine, Serbie, Kosovo, etc.)<\/p>\n<\/div>\n<p>Vu sur Indymedia Grenoble<\/p><\/div>\n","protected":false},"excerpt":{"rendered":"<p>Communiqu\u00e9 urgent du collectif grenoblois de soutien aux Roms dit \u00ab\u00a0la Patate Chaude\u00a0\u00bb samedi 3 d\u00e9cembre 2011 par la Patate Chaude\u00a0 Ce matin (2 d\u00e9cembre 2011) un incendie mineur rue Germain* a \u00e9t\u00e9 rapidement \u00e9teint sans d\u00e9g\u00e2ts. La police nationale est intervenue sur place. Apr\u00e8s avoir fait sortir tous les occupants (une centaine au moins &hellip; <a href=\"https:\/\/fa86.noblogs.org\/?p=1332\" class=\"more-link\">Continuer la lecture de <span class=\"screen-reader-text\">Communiqu\u00e9 urgent du collectif grenoblois de soutien aux Roms dit \u00ab\u00a0la Patate Chaude\u00a0\u00bb<\/span> <span class=\"meta-nav\">&rarr;<\/span><\/a><\/p>\n","protected":false},"author":2691,"featured_media":0,"comment_status":"open","ping_status":"open","sticky":false,"template":"","format":"standard","meta":{"footnotes":""},"categories":[11,16],"tags":[],"class_list":["post-1332","post","type-post","status-publish","format-standard","hentry","category-ni-patrie-ni-frontiere","category-repression"],"_links":{"self":[{"href":"https:\/\/fa86.noblogs.org\/index.php?rest_route=\/wp\/v2\/posts\/1332","targetHints":{"allow":["GET"]}}],"collection":[{"href":"https:\/\/fa86.noblogs.org\/index.php?rest_route=\/wp\/v2\/posts"}],"about":[{"href":"https:\/\/fa86.noblogs.org\/index.php?rest_route=\/wp\/v2\/types\/post"}],"author":[{"embeddable":true,"href":"https:\/\/fa86.noblogs.org\/index.php?rest_route=\/wp\/v2\/users\/2691"}],"replies":[{"embeddable":true,"href":"https:\/\/fa86.noblogs.org\/index.php?rest_route=%2Fwp%2Fv2%2Fcomments&post=1332"}],"version-history":[{"count":1,"href":"https:\/\/fa86.noblogs.org\/index.php?rest_route=\/wp\/v2\/posts\/1332\/revisions"}],"predecessor-version":[{"id":1333,"href":"https:\/\/fa86.noblogs.org\/index.php?rest_route=\/wp\/v2\/posts\/1332\/revisions\/1333"}],"wp:attachment":[{"href":"https:\/\/fa86.noblogs.org\/index.php?rest_route=%2Fwp%2Fv2%2Fmedia&parent=1332"}],"wp:term":[{"taxonomy":"category","embeddable":true,"href":"https:\/\/fa86.noblogs.org\/index.php?rest_route=%2Fwp%2Fv2%2Fcategories&post=1332"},{"taxonomy":"post_tag","embeddable":true,"href":"https:\/\/fa86.noblogs.org\/index.php?rest_route=%2Fwp%2Fv2%2Ftags&post=1332"}],"curies":[{"name":"wp","href":"https:\/\/api.w.org\/{rel}","templated":true}]}}