{"id":1338,"date":"2011-12-03T13:54:36","date_gmt":"2011-12-03T12:54:36","guid":{"rendered":"http:\/\/fa86.noblogs.org\/?p=1338"},"modified":"2011-12-03T13:54:37","modified_gmt":"2011-12-03T12:54:37","slug":"halte-a-la-purification-sociale-du-centre-ville-de-poitiers","status":"publish","type":"post","link":"https:\/\/fa86.noblogs.org\/?p=1338","title":{"rendered":"Halte \u00e0 la purification sociale du centre-ville de Poitiers"},"content":{"rendered":"<h2 style=\"text-align: justify\" align=\"center\"><strong><a href=\"http:\/\/www.democratiereelle86.fr\/2011\/12\/halte-a-la-purification-sociale-du-centre-ville-de-poitiers\/\" target=\"_blank\">Halte \u00e0 la purification sociale du centre ville de Poitiers<\/a><\/strong><\/h2>\n<p style=\"text-align: justify\" align=\"center\"><strong>NON \u00e0 l\u2019appropriation du centre ville par les classes dites sup\u00e9rieures ou bourgeoises, NON aux ghettos de riches, ni en centre-ville ni ailleurs<\/strong><\/p>\n<p style=\"text-align: justify\">\u00a0<a href=\"https:\/\/fa86.noblogs.org\/?attachment_id=13\" rel=\"attachment wp-att-13\"><img loading=\"lazy\" decoding=\"async\" src=\"http:\/\/www.democratiereelle86.fr\/wp-content\/uploads\/2011\/05\/poitiers-toma-la-calle.jpg\" alt=\"Poitiers toma la calle\" width=\"200\" height=\"200\" \/><\/a><\/p>\n<p style=\"text-align: justify\">\u201c<em>Philippe de Bony, install\u00e9 rue du March\u00e9-Notre-Dame<\/em>\u201d et qui \u201c<em>est agent g\u00e9n\u00e9ral de la Mutuelle de Poitiers<\/em>\u201d a dit sans rire et par voie de presse (<em>Nouvelle R\u00e9publique \u2013 Centre Presse<\/em> du lundi 10 octobre 2011) que \u201c<em>depuis deux ans, des choses ont \u00e9t\u00e9 faites<\/em> [par la municipalit\u00e9 et la police] <em><strong>pour g\u00e9rer le probl\u00e8me des marginaux de Poitiers<\/strong><\/em><em>.<\/em>\u201c<\/p>\n<p style=\"text-align: justify\" align=\"justify\">Que veut donc dire <strong>g\u00e9rer le probl\u00e8me des marginaux<\/strong> dans son esprit de commer\u00e7ant de la ville de Poitiers ? Tout est expliqu\u00e9 dans des articles du 9 septembre 2009 de <em>Centre presse<\/em> \u00ab\u00a0Le SDF a-t-il outrag\u00e9 \u201cHooker\u201d, flic z\u00e9l\u00e9 ?\u00a0\u00bb et de la <em>Nouvelle R\u00e9publique<\/em> \u00ab\u00a0Les relations entre policiers et marginaux au tribunal\u00a0\u00bb. Au mois d\u2019ao\u00fbt 2009 (quelques semaines donc avant le 10 octobre), sous la pression des commer\u00e7ants le maire a pris, ou r\u00e9actualis\u00e9, \u00ab\u00a0<em>des arr\u00eat\u00e9s interdisant les regroupements de chiens et la consommation d\u2019alcool sur la voie publique\u00a0\u00bb <\/em>(comprendre des <strong>arr\u00eat\u00e9s anti-zonards-SDF-pauvres-jeunes<\/strong>)<em>. <\/em>Et <em>\u00ab\u00a0il a [&#8230;] fait savoir au directeur de la police qu\u2019il entendait bien que ses arr\u00eat\u00e9s ne restassent pas lettre morte.\u00a0De directeur en chef de service, de chef de service en gardiens de la paix, la consigne a d\u00e9gringol\u00e9 la hi\u00e9rarchie\u00a0\u00bb<\/em> jusqu\u2019\u00e0 <em>\u00ab\u00a0<\/em><em>un policier des plus z\u00e9l\u00e9s, un gardien de la paix qu\u2019au commissariat comme dans la rue on surnomme \u201cHooker\u201d. Et qui, en vertu des consignes, joue avec dext\u00e9rit\u00e9 du carnet \u00e0 souche pour aligner les marginaux \u00e0 coups d\u2019amendes \u00e0 11 \u20ac qu\u2019ils ne payent jamais. En quelques semaines, il est devenu leur b\u00eate noire.\u00a0\u00bb<\/em><\/p>\n<p style=\"text-align: justify\" align=\"justify\">De m\u00eame, il y a quelques semaines, le maire a supprim\u00e9 le laisser-passer de la Croix-rouge dans les rues pietonnes du centre ville sous pr\u00e9texte que le Samu social encouragerait les zonards \u00e0 y s\u00e9journer.<\/p>\n<p style=\"text-align: justify\" align=\"justify\">Donc, <strong>g\u00e9rer le probl\u00e8me des marginaux<\/strong> pour la municipalit\u00e9, la police et les commer\u00e7ants, c\u2019est en clair <strong>harceler les zonards-SDF<\/strong><strong>-pauvres-jeunes<\/strong><strong> jusqu\u2019\u00e0 ce qu\u2019ils en aient marre et quittent Poitiers ou du moins le centre ville<\/strong>. C\u2019est donc faire de la <strong>purification sociale<\/strong>. Et \u201c<em>Philippe de Bony, install\u00e9 rue du March\u00e9-Notre-Dame<\/em>\u201d qui \u201c<em>est agent g\u00e9n\u00e9ral de la Mutuelle de Poitiers<\/em>\u201d en est un farouche partisan.<\/p>\n<p style=\"text-align: justify\">Tout cela entrant dans la politique dite \u00ab\u00a0Coeur d\u2019Agglo\u00a0\u00bb. Plus qu\u2019une politique de gentrification \u2013 c\u2019est-\u00e0-dire, ce terme venant de <em>gentry<\/em>, \u00ab\u00a0petite noblesse\u00a0\u00bb en anglais, un ph\u00e9nom\u00e8ne urbain d\u2019embourgeoisement \u2013 <em><strong>il s\u2019agit de conforter la domination sociale sur la ville de Poitiers de la bourgeoisie de droite comme de gauche<\/strong><\/em>, celle qui fait depuis longtemps la loi sur le \u00ab\u00a0Plateau\u00a0\u00bb.<\/p>\n<p style=\"text-align: justify\" align=\"center\"><strong>Nous condamnons donc les propos\u00a0discriminants de M. de Bony envers les zonards-SDF-pauvres-jeunes et nous nous \u00e9tonnons que la presse puisse s\u2019en faire l\u2019\u00e9cho.<\/strong><\/p>\n<p style=\"text-align: justify\" align=\"center\"><strong>Nous condamnons aussi l\u2019attitude discriminatoire de la municipalit\u00e9 et de la police et exigeons que les arr\u00eat\u00e9s anti-zonards-SDF-pauvres-jeunes soient abrog\u00e9s et que la purification sociale au centre ville soit stopp\u00e9e.<\/strong><\/p>\n<p style=\"text-align: justify\">D\u00e9mocratie r\u00e9elle maintenant Poitiers\u00a0: <a href=\"http:\/\/www.democratiereelle86.fr\/2011\/12\/?PHPSESSID=5b586204d004188c357eefcf4238bee0\">www.democratiereelle86.fr<\/a> \u2013 <a href=\"mailto:democratiereelle86@free.fr\">democratiereelle86@free.fr<\/a> ; Groupe Facebook\u00a0: Democracia real ya! Poitiers <a href=\"http:\/\/www.facebook.com\/groups\/228644177149786\/\">http:\/\/www.facebook.com\/groups\/228644177149786\/<\/a><br \/>\n* Pour s\u2019inscrire \u00e0 la liste de diffusion, envoyez un mail vide \u00e0\u00a0: <a href=\"mailto:democratie-reelle_86-subscribe@yahoogroupes.fr\">democratie-reelle_86-subscribe@yahoogroupes.fr<\/a><\/p>\n<p style=\"text-align: justify\" align=\"center\">\u00a0<strong>Le peuple uni ne sera jamais vaincu !<\/strong><\/p>\n<p><em>D\u00e9mocratie r\u00e9elle 86, 3 d\u00e9cembre 2011<\/em><\/p>\n","protected":false},"excerpt":{"rendered":"<p>Halte \u00e0 la purification sociale du centre ville de Poitiers NON \u00e0 l\u2019appropriation du centre ville par les classes dites sup\u00e9rieures ou bourgeoises, NON aux ghettos de riches, ni en centre-ville ni ailleurs \u00a0 \u201cPhilippe de Bony, install\u00e9 rue du March\u00e9-Notre-Dame\u201d et qui \u201cest agent g\u00e9n\u00e9ral de la Mutuelle de Poitiers\u201d a dit sans rire &hellip; <a href=\"https:\/\/fa86.noblogs.org\/?p=1338\" class=\"more-link\">Continuer la lecture de <span class=\"screen-reader-text\">Halte \u00e0 la purification sociale du centre-ville de Poitiers<\/span> <span class=\"meta-nav\">&rarr;<\/span><\/a><\/p>\n","protected":false},"author":2691,"featured_media":0,"comment_status":"open","ping_status":"open","sticky":false,"template":"","format":"standard","meta":{"footnotes":""},"categories":[9,12,16,4],"tags":[],"class_list":["post-1338","post","type-post","status-publish","format-standard","hentry","category-la-rue-grogne","category-okupa-y-resiste","category-repression","category-se-trouver"],"_links":{"self":[{"href":"https:\/\/fa86.noblogs.org\/index.php?rest_route=\/wp\/v2\/posts\/1338","targetHints":{"allow":["GET"]}}],"collection":[{"href":"https:\/\/fa86.noblogs.org\/index.php?rest_route=\/wp\/v2\/posts"}],"about":[{"href":"https:\/\/fa86.noblogs.org\/index.php?rest_route=\/wp\/v2\/types\/post"}],"author":[{"embeddable":true,"href":"https:\/\/fa86.noblogs.org\/index.php?rest_route=\/wp\/v2\/users\/2691"}],"replies":[{"embeddable":true,"href":"https:\/\/fa86.noblogs.org\/index.php?rest_route=%2Fwp%2Fv2%2Fcomments&post=1338"}],"version-history":[{"count":2,"href":"https:\/\/fa86.noblogs.org\/index.php?rest_route=\/wp\/v2\/posts\/1338\/revisions"}],"predecessor-version":[{"id":1340,"href":"https:\/\/fa86.noblogs.org\/index.php?rest_route=\/wp\/v2\/posts\/1338\/revisions\/1340"}],"wp:attachment":[{"href":"https:\/\/fa86.noblogs.org\/index.php?rest_route=%2Fwp%2Fv2%2Fmedia&parent=1338"}],"wp:term":[{"taxonomy":"category","embeddable":true,"href":"https:\/\/fa86.noblogs.org\/index.php?rest_route=%2Fwp%2Fv2%2Fcategories&post=1338"},{"taxonomy":"post_tag","embeddable":true,"href":"https:\/\/fa86.noblogs.org\/index.php?rest_route=%2Fwp%2Fv2%2Ftags&post=1338"}],"curies":[{"name":"wp","href":"https:\/\/api.w.org\/{rel}","templated":true}]}}